{"id":20186,"date":"2019-01-22T16:41:12","date_gmt":"2019-01-22T20:41:12","guid":{"rendered":"http:\/\/blogdalucianaoliveira.com.br\/blog\/?p=20186"},"modified":"2019-01-22T16:41:43","modified_gmt":"2019-01-22T20:41:43","slug":"20186","status":"publish","type":"post","link":"http:\/\/blogdalucianaoliveira.com.br\/blog\/2019\/01\/22\/20186\/","title":{"rendered":"Bolsonaro divulgou informa\u00e7\u00f5es falsas sobre meio ambiente em discurso em Davos"},"content":{"rendered":"<p><img data-recalc-dims=\"1\" loading=\"lazy\" decoding=\"async\" data-attachment-id=\"20187\" data-permalink=\"http:\/\/blogdalucianaoliveira.com.br\/blog\/2019\/01\/22\/20186\/3dfd8279-084d-463a-806c-edd989efb77f\/\" data-orig-file=\"https:\/\/i0.wp.com\/blogdalucianaoliveira.com.br\/blog\/wp-content\/uploads\/2019\/01\/3DFD8279-084D-463A-806C-EDD989EFB77F.jpeg?fit=750%2C422\" data-orig-size=\"750,422\" data-comments-opened=\"0\" data-image-meta=\"{&quot;aperture&quot;:&quot;0&quot;,&quot;credit&quot;:&quot;&quot;,&quot;camera&quot;:&quot;&quot;,&quot;caption&quot;:&quot;&quot;,&quot;created_timestamp&quot;:&quot;0&quot;,&quot;copyright&quot;:&quot;&quot;,&quot;focal_length&quot;:&quot;0&quot;,&quot;iso&quot;:&quot;0&quot;,&quot;shutter_speed&quot;:&quot;0&quot;,&quot;title&quot;:&quot;&quot;,&quot;orientation&quot;:&quot;0&quot;}\" data-image-title=\"3DFD8279-084D-463A-806C-EDD989EFB77F\" data-image-description=\"\" data-image-caption=\"\" data-medium-file=\"https:\/\/i0.wp.com\/blogdalucianaoliveira.com.br\/blog\/wp-content\/uploads\/2019\/01\/3DFD8279-084D-463A-806C-EDD989EFB77F.jpeg?fit=300%2C169\" data-large-file=\"https:\/\/i0.wp.com\/blogdalucianaoliveira.com.br\/blog\/wp-content\/uploads\/2019\/01\/3DFD8279-084D-463A-806C-EDD989EFB77F.jpeg?fit=600%2C338\" src=\"https:\/\/i0.wp.com\/blogdalucianaoliveira.com.br\/blog\/wp-content\/uploads\/2019\/01\/3DFD8279-084D-463A-806C-EDD989EFB77F.jpeg?resize=600%2C338\" alt=\"3DFD8279-084D-463A-806C-EDD989EFB77F\" width=\"600\" height=\"338\" class=\"alignnone size-full wp-image-20187\" srcset=\"https:\/\/i0.wp.com\/blogdalucianaoliveira.com.br\/blog\/wp-content\/uploads\/2019\/01\/3DFD8279-084D-463A-806C-EDD989EFB77F.jpeg?w=750 750w, https:\/\/i0.wp.com\/blogdalucianaoliveira.com.br\/blog\/wp-content\/uploads\/2019\/01\/3DFD8279-084D-463A-806C-EDD989EFB77F.jpeg?resize=300%2C169 300w, https:\/\/i0.wp.com\/blogdalucianaoliveira.com.br\/blog\/wp-content\/uploads\/2019\/01\/3DFD8279-084D-463A-806C-EDD989EFB77F.jpeg?resize=533%2C300 533w\" sizes=\"auto, (max-width: 600px) 100vw, 600px\" \/><\/p>\n<p>No DCM &#8211; Al\u00e9m de breve, o discurso de Jair Bolsonaro (PSL) no F\u00f3rum Econ\u00f4mico Mundial de Davos, nesta ter\u00e7a-feira (22), foi baseado em informa\u00e7\u00f5es incorretas. \u201cSomos o pa\u00eds que mais preserva o meio ambiente. Nenhum outro pa\u00eds do mundo tem tantas florestas como n\u00f3s\u201d, disse o presidente. No entanto, dados do \u00cdndice de Desempenho Ambiental (Environmental Performance Index \u2013 EPI), ranking bienal feito pelas Universidades de Columbia e Yale, que conta com apoio do pr\u00f3prio F\u00f3rum Econ\u00f4mico Mundial, mostrou que, entre 180 pa\u00edses, o Brasil ocupa a 69\u00aa posi\u00e7\u00e3o.<!--more--><\/p>\n<p>O relat\u00f3rio analisa a performance dos pa\u00edses com base em 24 indicadores de categorias sobre a\u00e7\u00f5es de prote\u00e7\u00e3o da sa\u00fade do meio ambiente e da vitalidade do ecossistema. Na verdade, a Su\u00ed\u00e7a, pa\u00eds que sedia o encontro, \u00e9 quem ocupa o primeiro lugar.<\/p>\n<p>Ainda, em contradi\u00e7\u00e3o com o que Bolsonaro afirmou, em 2016 o Brasil ocupava a 46\u00aa posi\u00e7\u00e3o no mesmo ranking. Ou seja, em dois anos, houve piora na prote\u00e7\u00e3o do meio ambiente no pa\u00eds.<\/p>\n<p>O presidente ainda afirmou que \u201cnenhum outro pa\u00eds do mundo tem tantas florestas como n\u00f3s\u201d. Por\u00e9m, segundo dados do Banco Mundial, o pa\u00eds com a maior \u00e1rea florestal do mundo \u00e9 a R\u00fassia. O Brasil \u00e9 o pa\u00eds com maior biodiversidade do mundo, segundo relat\u00f3rio do Minist\u00e9rio de Meio Ambiente para a Conven\u00e7\u00e3o de Diversidade Biol\u00f3gica da ONU. No entanto, segundo a Organiza\u00e7\u00e3o das Na\u00e7\u00f5es Unidas para a Agricultura e Alimenta\u00e7\u00e3o, de 1990 at\u00e9 2015 o Brasil foi o pa\u00eds com maior taxa de desmatamento do mundo.<\/p>\n<p>Contradi\u00e7\u00f5es<\/p>\n<p>Apesar de um discurso ao mundo que tentou destacar o meio ambiente, as primeiras iniciativas e propostas de Jair Bolsonaro em rela\u00e7\u00e3o ao meio ambiente t\u00eam sido muito contr\u00e1rias \u00e0 ideia de preserva\u00e7\u00e3o. O novo governo anunciou rever a Terra Ind\u00edgena Raposa Serra do Sol; colocou na presid\u00eancia da FUNAI um general que trabalhou recentemente para uma mineradora em conflito com ind\u00edgenas; transferiu a identifica\u00e7\u00e3o, delimita\u00e7\u00e3o e demarca\u00e7\u00e3o de terras ind\u00edgenas e quilombolas para o Minist\u00e9rio de Agricultura; e colocou \u00e0 frente do Minist\u00e9rio do Meio Ambiente, Ricardo Salles, r\u00e9u acusado de descumprir leis ambientais e manipular mapas de manejo ambiental do rio Tiet\u00ea, em S\u00e3o Paulo.<\/p>\n<p>Bolsonaro foi o primeiro chefe de Estado latino-americano a discursar na abertura do F\u00f3rum, que re\u00fane cerca de 250 autoridades do G20, que re\u00fane as vinte principais economias do mundo.<\/p>\n<p>O discurso do presidente brasileiro durou menos de dez minutos. Com poucas cifras e dados, a fala do pol\u00edtico do PSL foi caracterizada por uma defesa contundente de abertura comercial e submiss\u00e3o aos interesses internacionais.<\/p>\n","protected":false},"excerpt":{"rendered":"<p>No DCM &#8211; Al\u00e9m de breve, o discurso de Jair Bolsonaro (PSL) no F\u00f3rum Econ\u00f4mico Mundial de Davos, nesta ter\u00e7a-feira (22), foi baseado em informa\u00e7\u00f5es incorretas. \u201cSomos o pa\u00eds que mais preserva o meio ambiente. Nenhum outro pa\u00eds do mundo tem tantas florestas como n\u00f3s\u201d, disse o presidente. No entanto, dados do \u00cdndice de Desempenho&#8230;<a class=\"more-link\" href=\"http:\/\/blogdalucianaoliveira.com.br\/blog\/2019\/01\/22\/20186\/\">Continue a leitura <span class=\"meta-nav\">&raquo;<\/span><\/a><\/p>\n","protected":false},"author":1,"featured_media":0,"comment_status":"closed","ping_status":"open","sticky":false,"template":"","format":"standard","meta":{"_exactmetrics_skip_tracking":false,"_exactmetrics_sitenote_active":false,"_exactmetrics_sitenote_note":"","_exactmetrics_sitenote_category":0,"jetpack_post_was_ever_published":false,"_jetpack_newsletter_access":"","_jetpack_dont_email_post_to_subs":false,"_jetpack_newsletter_tier_id":0,"_jetpack_memberships_contains_paywalled_content":false,"_jetpack_memberships_contains_paid_content":false,"footnotes":"","jetpack_publicize_message":"","jetpack_publicize_feature_enabled":true,"jetpack_social_post_already_shared":true,"jetpack_social_options":{"image_generator_settings":{"template":"highway","enabled":false},"version":2}},"categories":[1],"tags":[],"class_list":["post-20186","post","type-post","status-publish","format-standard","hentry","category-notas"],"jetpack_publicize_connections":[],"jetpack_sharing_enabled":true,"jetpack_featured_media_url":"","jetpack_shortlink":"https:\/\/wp.me\/s7wKYW-20186","jetpack-related-posts":[],"_links":{"self":[{"href":"http:\/\/blogdalucianaoliveira.com.br\/blog\/wp-json\/wp\/v2\/posts\/20186","targetHints":{"allow":["GET"]}}],"collection":[{"href":"http:\/\/blogdalucianaoliveira.com.br\/blog\/wp-json\/wp\/v2\/posts"}],"about":[{"href":"http:\/\/blogdalucianaoliveira.com.br\/blog\/wp-json\/wp\/v2\/types\/post"}],"author":[{"embeddable":true,"href":"http:\/\/blogdalucianaoliveira.com.br\/blog\/wp-json\/wp\/v2\/users\/1"}],"replies":[{"embeddable":true,"href":"http:\/\/blogdalucianaoliveira.com.br\/blog\/wp-json\/wp\/v2\/comments?post=20186"}],"version-history":[{"count":2,"href":"http:\/\/blogdalucianaoliveira.com.br\/blog\/wp-json\/wp\/v2\/posts\/20186\/revisions"}],"predecessor-version":[{"id":20189,"href":"http:\/\/blogdalucianaoliveira.com.br\/blog\/wp-json\/wp\/v2\/posts\/20186\/revisions\/20189"}],"wp:attachment":[{"href":"http:\/\/blogdalucianaoliveira.com.br\/blog\/wp-json\/wp\/v2\/media?parent=20186"}],"wp:term":[{"taxonomy":"category","embeddable":true,"href":"http:\/\/blogdalucianaoliveira.com.br\/blog\/wp-json\/wp\/v2\/categories?post=20186"},{"taxonomy":"post_tag","embeddable":true,"href":"http:\/\/blogdalucianaoliveira.com.br\/blog\/wp-json\/wp\/v2\/tags?post=20186"}],"curies":[{"name":"wp","href":"https:\/\/api.w.org\/{rel}","templated":true}]}}