{"id":20192,"date":"2019-01-23T12:45:00","date_gmt":"2019-01-23T16:45:00","guid":{"rendered":"http:\/\/blogdalucianaoliveira.com.br\/blog\/?p=20192"},"modified":"2019-01-23T13:22:25","modified_gmt":"2019-01-23T17:22:25","slug":"a-verdade-libertara-o-brasil-de-bolsonaro","status":"publish","type":"post","link":"http:\/\/blogdalucianaoliveira.com.br\/blog\/2019\/01\/23\/a-verdade-libertara-o-brasil-de-bolsonaro\/","title":{"rendered":"A verdade libertar\u00e1 o Brasil de Bolsonaro"},"content":{"rendered":"<p><img data-recalc-dims=\"1\" loading=\"lazy\" decoding=\"async\" data-attachment-id=\"20193\" data-permalink=\"http:\/\/blogdalucianaoliveira.com.br\/blog\/2019\/01\/23\/a-verdade-libertara-o-brasil-de-bolsonaro\/raii\/\" data-orig-file=\"https:\/\/i0.wp.com\/blogdalucianaoliveira.com.br\/blog\/wp-content\/uploads\/2019\/01\/raii.jpg?fit=1000%2C357\" data-orig-size=\"1000,357\" data-comments-opened=\"0\" data-image-meta=\"{&quot;aperture&quot;:&quot;0&quot;,&quot;credit&quot;:&quot;&quot;,&quot;camera&quot;:&quot;&quot;,&quot;caption&quot;:&quot;&quot;,&quot;created_timestamp&quot;:&quot;0&quot;,&quot;copyright&quot;:&quot;&quot;,&quot;focal_length&quot;:&quot;0&quot;,&quot;iso&quot;:&quot;0&quot;,&quot;shutter_speed&quot;:&quot;0&quot;,&quot;title&quot;:&quot;&quot;,&quot;orientation&quot;:&quot;0&quot;}\" data-image-title=\"raii\" data-image-description=\"\" data-image-caption=\"\" data-medium-file=\"https:\/\/i0.wp.com\/blogdalucianaoliveira.com.br\/blog\/wp-content\/uploads\/2019\/01\/raii.jpg?fit=300%2C107\" data-large-file=\"https:\/\/i0.wp.com\/blogdalucianaoliveira.com.br\/blog\/wp-content\/uploads\/2019\/01\/raii.jpg?fit=600%2C214\" src=\"https:\/\/i0.wp.com\/blogdalucianaoliveira.com.br\/blog\/wp-content\/uploads\/2019\/01\/raii.jpg?resize=600%2C214\" alt=\"raii\" width=\"600\" height=\"214\" class=\"alignnone size-full wp-image-20193\" srcset=\"https:\/\/i0.wp.com\/blogdalucianaoliveira.com.br\/blog\/wp-content\/uploads\/2019\/01\/raii.jpg?w=1000 1000w, https:\/\/i0.wp.com\/blogdalucianaoliveira.com.br\/blog\/wp-content\/uploads\/2019\/01\/raii.jpg?resize=300%2C107 300w, https:\/\/i0.wp.com\/blogdalucianaoliveira.com.br\/blog\/wp-content\/uploads\/2019\/01\/raii.jpg?resize=768%2C274 768w, https:\/\/i0.wp.com\/blogdalucianaoliveira.com.br\/blog\/wp-content\/uploads\/2019\/01\/raii.jpg?resize=800%2C286 800w\" sizes=\"auto, (max-width: 600px) 100vw, 600px\" \/><\/p>\n<p>Em campanha Jair Bolsonaro foi o candidato que se ofereceu sem pecado e atirou n\u00e3o s\u00f3 a primeira pedra, mas muitas contra quem era acusado de violar a lei ou desafiar os bons costumes.<\/p>\n<p>Para dar for\u00e7a a seu discurso eleitoreiro messi\u00e2nico, apelou \u00e0 mensagem b\u00edblica que imp\u00f5e um desafio de honestidade a justiceiros pecadores: \u201cE conhecereis a verdade, e a verdade vos libertar\u00e1.\u201d<!--more--><\/p>\n<p>\u00c9 o que Jesus teria dito para impedir o apedrejamento de uma mulher flagrada em adult\u00e9rio.<\/p>\n<p>Ningu\u00e9m ousou a impiedade confrontado com a sua consci\u00eancia.<\/p>\n<p>Com menos de um m\u00eas de governo a verdade do discurso de Bolsonaro contra a corrup\u00e7\u00e3o e a bandidagem o desmascara e desmoraliza.<\/p>\n<p>E vem atrav\u00e9s dos filhos que ele diz ter educado t\u00e3o bem para seguirem sem desvios o caminho da lei.<\/p>\n<p>O primog\u00eanito tem verdades expostas que at\u00e9 um cego pode ver.<\/p>\n<p>O senador Fl\u00e1vio Bolsonaro domina h\u00e1 dias o notici\u00e1rio nacional e o pai finge n\u00e3o ter qualquer tipo de responsabilidade.<\/p>\n<p>Onde estava o pai quando esse filho se meteu com quem n\u00e3o presta?<\/p>\n<p>O fato \u00e9 que os brasileiros ficaram sabendo com a ajuda de que tipo de gente Fl\u00e1vio conseguiu ser o mais bem votado no Rio de Janeiro e naturalmente, ajudou a eleger o pai presidente e o irm\u00e3o deputado federal.<\/p>\n<p>Isso mesmo, de bandidos!<\/p>\n<p>Agora est\u00e1 f\u00e1cil provar por que pai e filhos sempre foram condescendes com a atua\u00e7\u00e3o de mil\u00edcias que praticam crimes como agiotagem, extors\u00e3o a moradores e comerciantes, pagamento de propina e utiliza\u00e7\u00e3o de liga\u00e7\u00f5es clandestinas de \u00e1gua e energia, al\u00e9m de execu\u00e7\u00f5es de quem n\u00e3o paga ou cria obst\u00e1culos \u00e0 cobran\u00e7a.<\/p>\n<p>Se investiga que entre as pedras no caminho dos milicianos, esteve a vereadora Marielle Franco, assassinada com seu motorista Anderson Gomes, h\u00e1 quase um ano. <\/p>\n<p>Fl\u00e1vio Bolsonaro homenageou um major que foi preso nesta ter\u00e7a-feira, 22, em opera\u00e7\u00e3o contra mil\u00edcia que atua em grilagem de terras.<\/p>\n<p>Outro miliciano denunciado que est\u00e1 foragido, tamb\u00e9m foi homenageado e teve a m\u00e3e e a mulher nomeadas no gabinete de Fl\u00e1vio Bolsonaro.<\/p>\n<p>Tudo est\u00e1 na fase investiga\u00e7\u00e3o, mas que Fl\u00e1vio cumpriu atividade legislativa para e com bandidos, est\u00e1 provado.<\/p>\n<p>E o que o pai, o presidente, tem a ver com isso?<\/p>\n<p>Como a m\u00e3e do miliciano na lista de dep\u00f3sitos suspeitos na conta de Queiroz, aparece a primeira-dama, Michele Bolsonaro.<\/p>\n<p>O presidente disse que se refere ao pagamento de um empr\u00e9stimo que teria feito ao ex-assessor do filho.<\/p>\n<p>Ou seja, est\u00e3o envolvidos no esc\u00e2ndalo o filho e a mulher, o que n\u00e3o \u00e9 pouca coisa para cobrar de um presidente que teve o discurso contra a corrup\u00e7\u00e3o e a bandidagem como catapulta do baixo clero pol\u00edtico.<\/p>\n<p>Tem que explicar direito o neg\u00f3cio que fez com Queiroz, sim!<\/p>\n<p>E tem que mandar o ministro da justi\u00e7a, S\u00e9rgio Moro, se posicionar imediatamente e duramente sobre esse esc\u00e2ndalo como fazia com outros potencialmente menos graves.<\/p>\n<p>Ou os que se colocaram como salvadores e prometeram varrer do Brasil a corrup\u00e7\u00e3o e os bandidos, n\u00e3o podem atirar as pedras porque a consci\u00eancia n\u00e3o lhes permite?<\/p>\n","protected":false},"excerpt":{"rendered":"<p>Em campanha Jair Bolsonaro foi o candidato que se ofereceu sem pecado e atirou n\u00e3o s\u00f3 a primeira pedra, mas muitas contra quem era acusado de violar a lei ou desafiar os bons costumes. Para dar for\u00e7a a seu discurso eleitoreiro messi\u00e2nico, apelou \u00e0 mensagem b\u00edblica que imp\u00f5e um desafio de honestidade a justiceiros pecadores:&#8230;<a class=\"more-link\" href=\"http:\/\/blogdalucianaoliveira.com.br\/blog\/2019\/01\/23\/a-verdade-libertara-o-brasil-de-bolsonaro\/\">Continue a leitura <span class=\"meta-nav\">&raquo;<\/span><\/a><\/p>\n","protected":false},"author":1,"featured_media":0,"comment_status":"closed","ping_status":"open","sticky":false,"template":"","format":"standard","meta":{"_exactmetrics_skip_tracking":false,"_exactmetrics_sitenote_active":false,"_exactmetrics_sitenote_note":"","_exactmetrics_sitenote_category":0,"jetpack_post_was_ever_published":false,"_jetpack_newsletter_access":"","_jetpack_dont_email_post_to_subs":false,"_jetpack_newsletter_tier_id":0,"_jetpack_memberships_contains_paywalled_content":false,"_jetpack_memberships_contains_paid_content":false,"footnotes":"","jetpack_publicize_message":"","jetpack_publicize_feature_enabled":true,"jetpack_social_post_already_shared":true,"jetpack_social_options":{"image_generator_settings":{"template":"highway","enabled":false},"version":2}},"categories":[1],"tags":[],"class_list":["post-20192","post","type-post","status-publish","format-standard","hentry","category-notas"],"jetpack_publicize_connections":[],"jetpack_sharing_enabled":true,"jetpack_featured_media_url":"","jetpack_shortlink":"https:\/\/wp.me\/p7wKYW-5fG","jetpack-related-posts":[],"_links":{"self":[{"href":"http:\/\/blogdalucianaoliveira.com.br\/blog\/wp-json\/wp\/v2\/posts\/20192","targetHints":{"allow":["GET"]}}],"collection":[{"href":"http:\/\/blogdalucianaoliveira.com.br\/blog\/wp-json\/wp\/v2\/posts"}],"about":[{"href":"http:\/\/blogdalucianaoliveira.com.br\/blog\/wp-json\/wp\/v2\/types\/post"}],"author":[{"embeddable":true,"href":"http:\/\/blogdalucianaoliveira.com.br\/blog\/wp-json\/wp\/v2\/users\/1"}],"replies":[{"embeddable":true,"href":"http:\/\/blogdalucianaoliveira.com.br\/blog\/wp-json\/wp\/v2\/comments?post=20192"}],"version-history":[{"count":5,"href":"http:\/\/blogdalucianaoliveira.com.br\/blog\/wp-json\/wp\/v2\/posts\/20192\/revisions"}],"predecessor-version":[{"id":20198,"href":"http:\/\/blogdalucianaoliveira.com.br\/blog\/wp-json\/wp\/v2\/posts\/20192\/revisions\/20198"}],"wp:attachment":[{"href":"http:\/\/blogdalucianaoliveira.com.br\/blog\/wp-json\/wp\/v2\/media?parent=20192"}],"wp:term":[{"taxonomy":"category","embeddable":true,"href":"http:\/\/blogdalucianaoliveira.com.br\/blog\/wp-json\/wp\/v2\/categories?post=20192"},{"taxonomy":"post_tag","embeddable":true,"href":"http:\/\/blogdalucianaoliveira.com.br\/blog\/wp-json\/wp\/v2\/tags?post=20192"}],"curies":[{"name":"wp","href":"https:\/\/api.w.org\/{rel}","templated":true}]}}