{"id":20201,"date":"2019-01-23T18:50:02","date_gmt":"2019-01-23T22:50:02","guid":{"rendered":"http:\/\/blogdalucianaoliveira.com.br\/blog\/?p=20201"},"modified":"2019-01-23T18:51:59","modified_gmt":"2019-01-23T22:51:59","slug":"a-historia-de-resistencia-e-morte-dos-povos-indigenas-na-ditadura-militar","status":"publish","type":"post","link":"http:\/\/blogdalucianaoliveira.com.br\/blog\/2019\/01\/23\/a-historia-de-resistencia-e-morte-dos-povos-indigenas-na-ditadura-militar\/","title":{"rendered":"A hist\u00f3ria de resist\u00eancia e morte dos povos ind\u00edgenas na ditadura militar"},"content":{"rendered":"<p><img data-recalc-dims=\"1\" loading=\"lazy\" decoding=\"async\" data-attachment-id=\"20203\" data-permalink=\"http:\/\/blogdalucianaoliveira.com.br\/blog\/2019\/01\/23\/a-historia-de-resistencia-e-morte-dos-povos-indigenas-na-ditadura-militar\/df519994-e090-4c57-bb5c-271144ee9e5b\/\" data-orig-file=\"https:\/\/i0.wp.com\/blogdalucianaoliveira.com.br\/blog\/wp-content\/uploads\/2019\/01\/DF519994-E090-4C57-BB5C-271144EE9E5B.jpeg?fit=699%2C420\" data-orig-size=\"699,420\" data-comments-opened=\"0\" data-image-meta=\"{&quot;aperture&quot;:&quot;0&quot;,&quot;credit&quot;:&quot;&quot;,&quot;camera&quot;:&quot;&quot;,&quot;caption&quot;:&quot;&quot;,&quot;created_timestamp&quot;:&quot;0&quot;,&quot;copyright&quot;:&quot;&quot;,&quot;focal_length&quot;:&quot;0&quot;,&quot;iso&quot;:&quot;0&quot;,&quot;shutter_speed&quot;:&quot;0&quot;,&quot;title&quot;:&quot;&quot;,&quot;orientation&quot;:&quot;0&quot;}\" data-image-title=\"DF519994-E090-4C57-BB5C-271144EE9E5B\" data-image-description=\"\" data-image-caption=\"\" data-medium-file=\"https:\/\/i0.wp.com\/blogdalucianaoliveira.com.br\/blog\/wp-content\/uploads\/2019\/01\/DF519994-E090-4C57-BB5C-271144EE9E5B.jpeg?fit=300%2C180\" data-large-file=\"https:\/\/i0.wp.com\/blogdalucianaoliveira.com.br\/blog\/wp-content\/uploads\/2019\/01\/DF519994-E090-4C57-BB5C-271144EE9E5B.jpeg?fit=600%2C361\" class=\"alignnone size-full wp-image-20203\" src=\"https:\/\/i0.wp.com\/blogdalucianaoliveira.com.br\/blog\/wp-content\/uploads\/2019\/01\/DF519994-E090-4C57-BB5C-271144EE9E5B.jpeg?resize=600%2C361\" alt=\"DF519994-E090-4C57-BB5C-271144EE9E5B\" width=\"600\" height=\"361\" srcset=\"https:\/\/i0.wp.com\/blogdalucianaoliveira.com.br\/blog\/wp-content\/uploads\/2019\/01\/DF519994-E090-4C57-BB5C-271144EE9E5B.jpeg?w=699 699w, https:\/\/i0.wp.com\/blogdalucianaoliveira.com.br\/blog\/wp-content\/uploads\/2019\/01\/DF519994-E090-4C57-BB5C-271144EE9E5B.jpeg?resize=300%2C180 300w, https:\/\/i0.wp.com\/blogdalucianaoliveira.com.br\/blog\/wp-content\/uploads\/2019\/01\/DF519994-E090-4C57-BB5C-271144EE9E5B.jpeg?resize=499%2C300 499w\" sizes=\"auto, (max-width: 600px) 100vw, 600px\" \/><\/p>\n<article class=\"article\">\n<div class=\"article__content-container protected-content\">\n<p>O Globo &#8211; O marechal Rondon cunhou uma frase que se tornou o lema de gera\u00e7\u00f5es de sertanistas brasileiros e funcion\u00e1rios do Servi\u00e7o de Prote\u00e7\u00e3o ao \u00cdndio (SPI), criado em 1910: \u201cMorrer se preciso for, matar nunca\u201d. A declara\u00e7\u00e3o ecoou at\u00e9 os anos 1960 e 1970. Contudo, apesar do desejo declarado de proteger os ind\u00edgenas, o resultado da a\u00e7\u00e3o do Estado brasileiro n\u00e3o raro foi o massacre de tribos inteiras. <!--more--><\/p>\n<p>Essa \u00e9 a hist\u00f3ria que o jornalista Rubens Valente conta em \u201cOs fuzis e as flechas: a hist\u00f3ria de sangue e resist\u00eancia ind\u00edgena na ditadura\u201d (Companhia das Letras). A partir de uma vasta pesquisa nos arquivos oficiais abertos a partir de 2008 e entrevistas com \u00edndios e ex-funcion\u00e1rios do SPI e de sua suced\u00e2nea criada em 1967, a Funda\u00e7\u00e3o Nacional do \u00cdndio (Funai), Valente constr\u00f3i um painel de viol\u00eancia, morte e luta desses povos.<\/p>\n<p>O enredo da hist\u00f3ria se repetiu. \u00cdndios entravam em conflito com seringueiros, posseiros ou militares que constru\u00edam obras fara\u00f4nicas no meio da selva. Funcion\u00e1rios do SPI, e depois da Funai, eram chamados para resolver o problema, \u201camansando\u201d os ind\u00edgenas, aponta o jornalista. V\u00e1rias vezes, os contatos com homens brancos provocavam epidemias de doen\u00e7as como gripe e sarampo. Sem rem\u00e9dios nem estrutura para ajudar, os funcion\u00e1rios que deviam proteg\u00ea-los assistiam a tribos inteiras morrerem. Valente aponta, entretanto, uma ambiguidade na atua\u00e7\u00e3o dos sertanistas e do pr\u00f3prio Estado brasileiro.<\/p>\n<p>&nbsp;<\/p>\n<div class=\"block__advertising block__advertising-in-text\"><\/div>\n<figure class=\"article__picture article__picture--big\"><figcaption class=\"article__picture-caption\"><img data-recalc-dims=\"1\" loading=\"lazy\" decoding=\"async\" data-attachment-id=\"20202\" data-permalink=\"http:\/\/blogdalucianaoliveira.com.br\/blog\/2019\/01\/23\/a-historia-de-resistencia-e-morte-dos-povos-indigenas-na-ditadura-militar\/38e059c1-8fa3-4c3f-b383-467946c4ca30\/\" data-orig-file=\"https:\/\/i0.wp.com\/blogdalucianaoliveira.com.br\/blog\/wp-content\/uploads\/2019\/01\/38E059C1-8FA3-4C3F-B383-467946C4CA30.jpeg?fit=1265%2C760\" data-orig-size=\"1265,760\" data-comments-opened=\"0\" data-image-meta=\"{&quot;aperture&quot;:&quot;0&quot;,&quot;credit&quot;:&quot;&quot;,&quot;camera&quot;:&quot;&quot;,&quot;caption&quot;:&quot;&quot;,&quot;created_timestamp&quot;:&quot;0&quot;,&quot;copyright&quot;:&quot;&quot;,&quot;focal_length&quot;:&quot;0&quot;,&quot;iso&quot;:&quot;0&quot;,&quot;shutter_speed&quot;:&quot;0&quot;,&quot;title&quot;:&quot;&quot;,&quot;orientation&quot;:&quot;0&quot;}\" data-image-title=\"38E059C1-8FA3-4C3F-B383-467946C4CA30\" data-image-description=\"\" data-image-caption=\"\" data-medium-file=\"https:\/\/i0.wp.com\/blogdalucianaoliveira.com.br\/blog\/wp-content\/uploads\/2019\/01\/38E059C1-8FA3-4C3F-B383-467946C4CA30.jpeg?fit=300%2C180\" data-large-file=\"https:\/\/i0.wp.com\/blogdalucianaoliveira.com.br\/blog\/wp-content\/uploads\/2019\/01\/38E059C1-8FA3-4C3F-B383-467946C4CA30.jpeg?fit=600%2C360\" class=\"alignnone size-full wp-image-20202\" src=\"https:\/\/i0.wp.com\/blogdalucianaoliveira.com.br\/blog\/wp-content\/uploads\/2019\/01\/38E059C1-8FA3-4C3F-B383-467946C4CA30.jpeg?resize=600%2C360\" alt=\"38E059C1-8FA3-4C3F-B383-467946C4CA30\" width=\"600\" height=\"360\" srcset=\"https:\/\/i0.wp.com\/blogdalucianaoliveira.com.br\/blog\/wp-content\/uploads\/2019\/01\/38E059C1-8FA3-4C3F-B383-467946C4CA30.jpeg?w=1265 1265w, https:\/\/i0.wp.com\/blogdalucianaoliveira.com.br\/blog\/wp-content\/uploads\/2019\/01\/38E059C1-8FA3-4C3F-B383-467946C4CA30.jpeg?resize=300%2C180 300w, https:\/\/i0.wp.com\/blogdalucianaoliveira.com.br\/blog\/wp-content\/uploads\/2019\/01\/38E059C1-8FA3-4C3F-B383-467946C4CA30.jpeg?resize=768%2C461 768w, https:\/\/i0.wp.com\/blogdalucianaoliveira.com.br\/blog\/wp-content\/uploads\/2019\/01\/38E059C1-8FA3-4C3F-B383-467946C4CA30.jpeg?resize=1024%2C615 1024w, https:\/\/i0.wp.com\/blogdalucianaoliveira.com.br\/blog\/wp-content\/uploads\/2019\/01\/38E059C1-8FA3-4C3F-B383-467946C4CA30.jpeg?resize=499%2C300 499w, https:\/\/i0.wp.com\/blogdalucianaoliveira.com.br\/blog\/wp-content\/uploads\/2019\/01\/38E059C1-8FA3-4C3F-B383-467946C4CA30.jpeg?w=1200 1200w\" sizes=\"auto, (max-width: 600px) 100vw, 600px\" \/><br \/>\n\u00c0 beira da rodovia Cuiab\u00e1-Santar\u00e9m (BR-163), \u00edndios krain-a-kore pedem comida e carona para cidade. A constru\u00e7\u00e3o de rodovias ligando as regi\u00f5es Centro-Oeste e Norte do pa\u00eds fizeram parte da pol\u00edtica de desenvolvimento dos governos militares Foto: Orlando Brito\/03-03-1974<\/figcaption><\/figure>\n<p>\u2014 Havia um projeto de desenvolvimento sendo colocado em pr\u00e1tica que passava por cima dos direitos ind\u00edgenas, principalmente o direito de eles saberem o que estava acontecendo. Muitos servidores se viram nesse papel de buscar uma negocia\u00e7\u00e3o entre o Estado e os grupos \u00e9tnicos ao mesmo tempo em que j\u00e1 sabiam que a decis\u00e3o j\u00e1 estava tomada \u2014 afirma. \u2014 Com o passar do tempo, os pr\u00f3prios agentes fazem o balan\u00e7o cr\u00edtico do que foi feito. Eles trazem um lamento que senti nas entrevistas.<\/p>\n<p>Um caso ilustrativo da maneira como a quest\u00e3o ind\u00edgena foi tratada durante a ditadura ocorreu na constru\u00e7\u00e3o da BR-174, entre Manaus e a fronteira com a Venezuela, em Roraima. A rodovia cortava o territ\u00f3rio dos waimiri-atroari. Desde o final do s\u00e9culo XIX, os \u00edndios dessa regi\u00e3o viviam em conflito com os ditos \u201ccivilizados\u201d. Em junho de 1968, alguns apareceram pr\u00f3ximo aos canteiros de obras. Com os oper\u00e1rios alarmados, o diretor do Departamento de Estradas de Rodagem (DER) de Manaus, coronel Manoel Carij\u00f3, pediu ajuda \u00e0 Funai.<\/p>\n<section class=\"block block--advertising\">\n<div class=\"block__advertising\"><\/div>\n<\/section>\n<figure class=\"article__picture article__picture--big\"><img data-recalc-dims=\"1\" decoding=\"async\" class=\"article__picture-image image--loaded\" src=\"https:\/\/i0.wp.com\/ogimg.infoglobo.com.br\/in\/21110806-97c-e15\/FT1086A\/760\/xWaimiri-Atroari.jpg.png.pagespeed.ic.BskUTrimZ3.jpg?w=600&#038;ssl=1\" alt=\"\u00cdndios Waimiri-Atroari perto de uma de suas malocas no estado do Amazonas, em registro feito na d\u00e9cada de 1970 Foto: Jorge Peter\/14-01-1977\" data-src=\"https:\/\/ogimg.infoglobo.com.br\/in\/21110806-97c-e15\/FT1086A\/760\/xWaimiri-Atroari.jpg.png.pagespeed.ic.BskUTrimZ3.jpg\" \/><figcaption class=\"article__picture-caption\">\u00cdndios Waimiri-Atroari perto de uma de suas malocas no estado do Amazonas, em registro feito na d\u00e9cada de 1970 Foto: Jorge Peter\/14-01-1977<\/figcaption><\/figure>\n<p>&nbsp;<\/p>\n<p>A primeira tentativa de contato com os waimiri-atroari, comandada por um padre italiano, terminou com nove membros da equipe mortos. Quatro anos depois, no governo M\u00e9dici, a Funai abriu tr\u00eas postos de atra\u00e7\u00e3o, sob a chefia do sertanista Gilberto Pinto Figueiredo. A situa\u00e7\u00e3o era tensa. Os \u00edndios viam m\u00e1quinas destru\u00edrem a floresta e as obras atraindo novos moradores. Valente narra as dificuldades de comunica\u00e7\u00e3o, encontros e desencontros entre brancos e \u00edndios, tens\u00e3o permanente com empreiteiros e servidores. Mais de uma dezena de funcion\u00e1rios morreram em quatro chacinas entre 1973 e 1974. O Ex\u00e9rcito respondeu \u00e0 bala.<\/p>\n<p>\u2014 Os waimiri-atroari simbolizam o per\u00edodo. \u00c9 uma obra que sofre resist\u00eancia violenta e provoca uma rea\u00e7\u00e3o militar muito clara. Pela primeira vez, tr\u00eas militares reconheceram que houve mortes de \u00edndios em confrontos. Isso nunca tinha sido admitido. Mas eu lamento a confiss\u00e3o de um coronel de que todos os documentos sobre essa obra terem sido incinerados. Ainda precisamos descobrir muita coisa sobre o que aconteceu \u2014 diz o autor.<\/p>\n<section class=\"block block--advertising\">\n<div class=\"block__advertising\"><\/div>\n<\/section>\n<figure class=\"article__picture article__picture--big\"><img data-recalc-dims=\"1\" decoding=\"async\" class=\"article__picture-image image--loaded\" src=\"https:\/\/i0.wp.com\/ogimg.infoglobo.com.br\/in\/21110807-591-e8f\/FT1086A\/760\/xVillas-Boas.jpg.pagespeed.ic.IvW0Iwr6WW.jpg?w=600&#038;ssl=1\" alt=\"Caciques se re\u00fanem com os irm\u00e3os Villas-B\u00f4as, no Parque Nacional do Xingu, para denunciar invas\u00e3o de suas terras em 1974 Foto: Marcio Arruda\/14-11-1974\" data-src=\"https:\/\/ogimg.infoglobo.com.br\/in\/21110807-591-e8f\/FT1086A\/760\/xVillas-Boas.jpg.pagespeed.ic.IvW0Iwr6WW.jpg\" \/><figcaption class=\"article__picture-caption\">Caciques se re\u00fanem com os irm\u00e3os Villas-B\u00f4as, no Parque Nacional do Xingu, para denunciar invas\u00e3o de suas terras em 1974 Foto: Marcio Arruda\/14-11-1974<\/figcaption><\/figure>\n<p>&nbsp;<\/p>\n<p>Ele v\u00ea uma a\u00e7\u00e3o deliberada dos militares para abafar todos os casos relativos aos ind\u00edgenas durante a ditadura. E avalia que os generais sabiam que viria uma enorme press\u00e3o internacional se as milhares de mortes viessem \u00e0 tona. Isso tamb\u00e9m contribuiu para o silenciamento dessas viol\u00eancias.<\/p>\n<p>\u2014 Isso traz uma dificuldade para reconstituir a hist\u00f3ria, que ocorreu em locais ermos e distantes. Essa \u00e9 uma pesquisa que necessita de muitos recursos, as testemunhas est\u00e3o espalhadas por diferentes aldeias e cidades. O Estado brasileiro tamb\u00e9m precisa reconhecer seus crimes e seus erros \u2014 afirma Valente, que come\u00e7ou a trabalhar no livro em 2013, mas escreve sobre o tema desde 1989.<\/p>\n<figure class=\"article__picture article__picture--big\"><img data-recalc-dims=\"1\" decoding=\"async\" class=\"article__picture-image image--loaded\" src=\"https:\/\/i0.wp.com\/ogimg.infoglobo.com.br\/in\/21110808-bea-9a4\/FT1086A\/760\/xguarani-papa.jpg.pagespeed.ic.sPeeVCpTf7.jpg?w=600&#038;ssl=1\" alt=\"O cacique guarani Mar\u00e7al de Sousa denuncia ao Papa Jo\u00e3o Paulo II os assassinatos cometidos contra o seu povo no Mato Grosso do Sul, durante visita do pont\u00edficie ao Brasil Foto: Luiz Pinto\/10-07-1980\" data-src=\"https:\/\/ogimg.infoglobo.com.br\/in\/21110808-bea-9a4\/FT1086A\/760\/xguarani-papa.jpg.pagespeed.ic.sPeeVCpTf7.jpg\" \/><figcaption class=\"article__picture-caption\">O cacique guarani Mar\u00e7al de Sousa denuncia ao Papa Jo\u00e3o Paulo II os assassinatos cometidos contra o seu povo no Mato Grosso do Sul, durante visita do pont\u00edficie ao Brasil Foto: Luiz Pinto\/10-07-1980<\/figcaption><\/figure>\n<p>&nbsp;<\/p>\n<p>O autor aponta que discursos do passado voltaram com for\u00e7a hoje em uma ofensiva contra os direitos ind\u00edgenas, que \u00e9, na verdade, uma disputa pela terra.<\/p>\n<section class=\"block block--advertising\">\n<div class=\"block__advertising\"><\/div>\n<\/section>\n<p>\u2014 Se os \u00edndios habitassem o c\u00e9u n\u00e3o gerariam tantas cr\u00edticas. A cr\u00edtica vem porque eles ocupam um peda\u00e7o de terra, que \u00e9 cobi\u00e7ado. \u00c9 uma guerra econ\u00f4mica envolta em preconceito e intoler\u00e2ncia. S\u00e3o os mesmos fantasmas que nos atormentam. A elite econ\u00f4mica e pol\u00edtica brasileira, infelizmente, n\u00e3o conseguiu entender que o \u00edndio deve ficar onde est\u00e1, que eles trazem uma riqueza cultural imemorial. A conviv\u00eancia seria uma li\u00e7\u00e3o de toler\u00e2ncia do Brasil para o mundo.<\/p>\n<\/div>\n<section class=\"article-footer\">\n<div class=\"article-footer--container\"><\/div>\n<\/section>\n<\/article>\n","protected":false},"excerpt":{"rendered":"<p>O Globo &#8211; O marechal Rondon cunhou uma frase que se tornou o lema de gera\u00e7\u00f5es de sertanistas brasileiros e funcion\u00e1rios do Servi\u00e7o de Prote\u00e7\u00e3o ao \u00cdndio (SPI), criado em 1910: \u201cMorrer se preciso for, matar nunca\u201d. A declara\u00e7\u00e3o ecoou at\u00e9 os anos 1960 e 1970. Contudo, apesar do desejo declarado de proteger os ind\u00edgenas,&#8230;<a class=\"more-link\" href=\"http:\/\/blogdalucianaoliveira.com.br\/blog\/2019\/01\/23\/a-historia-de-resistencia-e-morte-dos-povos-indigenas-na-ditadura-militar\/\">Continue a leitura <span class=\"meta-nav\">&raquo;<\/span><\/a><\/p>\n","protected":false},"author":1,"featured_media":0,"comment_status":"closed","ping_status":"open","sticky":false,"template":"","format":"standard","meta":{"_exactmetrics_skip_tracking":false,"_exactmetrics_sitenote_active":false,"_exactmetrics_sitenote_note":"","_exactmetrics_sitenote_category":0,"jetpack_post_was_ever_published":false,"_jetpack_newsletter_access":"","_jetpack_dont_email_post_to_subs":false,"_jetpack_newsletter_tier_id":0,"_jetpack_memberships_contains_paywalled_content":false,"_jetpack_memberships_contains_paid_content":false,"footnotes":"","jetpack_publicize_message":"","jetpack_publicize_feature_enabled":true,"jetpack_social_post_already_shared":true,"jetpack_social_options":{"image_generator_settings":{"template":"highway","enabled":false},"version":2}},"categories":[1],"tags":[],"class_list":["post-20201","post","type-post","status-publish","format-standard","hentry","category-notas"],"jetpack_publicize_connections":[],"jetpack_sharing_enabled":true,"jetpack_featured_media_url":"","jetpack_shortlink":"https:\/\/wp.me\/p7wKYW-5fP","jetpack-related-posts":[],"_links":{"self":[{"href":"http:\/\/blogdalucianaoliveira.com.br\/blog\/wp-json\/wp\/v2\/posts\/20201","targetHints":{"allow":["GET"]}}],"collection":[{"href":"http:\/\/blogdalucianaoliveira.com.br\/blog\/wp-json\/wp\/v2\/posts"}],"about":[{"href":"http:\/\/blogdalucianaoliveira.com.br\/blog\/wp-json\/wp\/v2\/types\/post"}],"author":[{"embeddable":true,"href":"http:\/\/blogdalucianaoliveira.com.br\/blog\/wp-json\/wp\/v2\/users\/1"}],"replies":[{"embeddable":true,"href":"http:\/\/blogdalucianaoliveira.com.br\/blog\/wp-json\/wp\/v2\/comments?post=20201"}],"version-history":[{"count":3,"href":"http:\/\/blogdalucianaoliveira.com.br\/blog\/wp-json\/wp\/v2\/posts\/20201\/revisions"}],"predecessor-version":[{"id":20206,"href":"http:\/\/blogdalucianaoliveira.com.br\/blog\/wp-json\/wp\/v2\/posts\/20201\/revisions\/20206"}],"wp:attachment":[{"href":"http:\/\/blogdalucianaoliveira.com.br\/blog\/wp-json\/wp\/v2\/media?parent=20201"}],"wp:term":[{"taxonomy":"category","embeddable":true,"href":"http:\/\/blogdalucianaoliveira.com.br\/blog\/wp-json\/wp\/v2\/categories?post=20201"},{"taxonomy":"post_tag","embeddable":true,"href":"http:\/\/blogdalucianaoliveira.com.br\/blog\/wp-json\/wp\/v2\/tags?post=20201"}],"curies":[{"name":"wp","href":"https:\/\/api.w.org\/{rel}","templated":true}]}}