{"id":20212,"date":"2019-01-25T10:36:11","date_gmt":"2019-01-25T14:36:11","guid":{"rendered":"http:\/\/blogdalucianaoliveira.com.br\/blog\/?p=20212"},"modified":"2019-01-25T10:37:09","modified_gmt":"2019-01-25T14:37:09","slug":"mourao-modifica-lei-de-acesso-a-informacao-e-dificulta-acesso-a-dados-do-governo","status":"publish","type":"post","link":"http:\/\/blogdalucianaoliveira.com.br\/blog\/2019\/01\/25\/mourao-modifica-lei-de-acesso-a-informacao-e-dificulta-acesso-a-dados-do-governo\/","title":{"rendered":"Mour\u00e3o modifica Lei de Acesso \u00e0 Informa\u00e7\u00e3o e dificulta acesso a dados do governo"},"content":{"rendered":"<p><img data-recalc-dims=\"1\" loading=\"lazy\" decoding=\"async\" data-attachment-id=\"20214\" data-permalink=\"http:\/\/blogdalucianaoliveira.com.br\/blog\/2019\/01\/25\/mourao-modifica-lei-de-acesso-a-informacao-e-dificulta-acesso-a-dados-do-governo\/ah-2\/\" data-orig-file=\"https:\/\/i0.wp.com\/blogdalucianaoliveira.com.br\/blog\/wp-content\/uploads\/2019\/01\/ah.jpg?fit=640%2C427\" data-orig-size=\"640,427\" data-comments-opened=\"0\" data-image-meta=\"{&quot;aperture&quot;:&quot;0&quot;,&quot;credit&quot;:&quot;&quot;,&quot;camera&quot;:&quot;&quot;,&quot;caption&quot;:&quot;&quot;,&quot;created_timestamp&quot;:&quot;0&quot;,&quot;copyright&quot;:&quot;&quot;,&quot;focal_length&quot;:&quot;0&quot;,&quot;iso&quot;:&quot;0&quot;,&quot;shutter_speed&quot;:&quot;0&quot;,&quot;title&quot;:&quot;&quot;,&quot;orientation&quot;:&quot;0&quot;}\" data-image-title=\"ah\" data-image-description=\"\" data-image-caption=\"\" data-medium-file=\"https:\/\/i0.wp.com\/blogdalucianaoliveira.com.br\/blog\/wp-content\/uploads\/2019\/01\/ah.jpg?fit=300%2C200\" data-large-file=\"https:\/\/i0.wp.com\/blogdalucianaoliveira.com.br\/blog\/wp-content\/uploads\/2019\/01\/ah.jpg?fit=600%2C400\" src=\"https:\/\/i0.wp.com\/blogdalucianaoliveira.com.br\/blog\/wp-content\/uploads\/2019\/01\/ah.jpg?resize=600%2C400\" alt=\"ah\" width=\"600\" height=\"400\" class=\"alignnone size-full wp-image-20214\" srcset=\"https:\/\/i0.wp.com\/blogdalucianaoliveira.com.br\/blog\/wp-content\/uploads\/2019\/01\/ah.jpg?w=640 640w, https:\/\/i0.wp.com\/blogdalucianaoliveira.com.br\/blog\/wp-content\/uploads\/2019\/01\/ah.jpg?resize=300%2C200 300w, https:\/\/i0.wp.com\/blogdalucianaoliveira.com.br\/blog\/wp-content\/uploads\/2019\/01\/ah.jpg?resize=450%2C300 450w\" sizes=\"auto, (max-width: 600px) 100vw, 600px\" \/><\/p>\n<p>Mudan\u00e7a n\u00e3o foi debatida no Conselho de Transpar\u00eancia P\u00fablica e Combate \u00e0 Corrup\u00e7\u00e3o da Controladoria Geral da Uni\u00e3o (CGU)<!--more--><\/p>\n<p>Reda\u00e7\u00e3o<br \/>\nBrasil de Fato<\/p>\n<p>O presidente da Rep\u00fablica em exerc\u00edcio, Hamilton Mour\u00e3o, publicou nesta quinta-feira (24) no Di\u00e1rio Oficial da Uni\u00e3o um decreto que permite que servidores comissionados e dirigentes de funda\u00e7\u00f5es, autarquias e empresas p\u00fablicas classifiquem dados p\u00fablicos como &#8220;sigiloso&#8221; e &#8220;ultrassecreto&#8221;, impedindo o livre acesso pela popula\u00e7\u00e3o. Se uma informa\u00e7\u00e3o \u00e9 considerada &#8220;ultrassecreta&#8221;, ela s\u00f3 pode se tornar p\u00fablica depois de 25 anos. Antes, essa &#8220;barreira&#8221; no acesso aos dos documentos s\u00f3 podia ser feita pelo presidente e vice-presidente da Rep\u00fablica, ministros de Estado e autoridades equivalentes, al\u00e9m dos comandantes das For\u00e7as Armadas e chefes de miss\u00f5es diplom\u00e1ticas no exterior.<\/p>\n<p>Mour\u00e3o assumiu a presid\u00eancia da Rep\u00fablica durante a viagem de Jair Bolsonaro (PSL) a Davos, na Su\u00ed\u00e7a.<\/p>\n<p>O decreto modifica a Lei de Acesso \u00e0 Informa\u00e7\u00e3o (LAI), que entrou em vigor em 2012 durante o governo Dilma Rousseff (PT), criando mecanismos para que qualquer pessoa f\u00edsica ou jur\u00eddica tivesse acesso \u00e0s informa\u00e7\u00f5es p\u00fablicas dos \u00f3rg\u00e3os e entidades, sem necessidade de apresentar justificativa para a consulta.<\/p>\n<p>O integrante do Conselho de Transpar\u00eancia P\u00fablica e Combate \u00e0 Corrup\u00e7\u00e3o da Controadoria Geral da Uni\u00e3o (CGU), Manoel Galdino, foi o primeiro membro do governo a se pronunciar sobre o caso. Em entrevista ao portal G1, ele explicou que o assunto n\u00e3o foi discutido na \u00faltima reuni\u00e3o do conselho: &#8220;Pegou a gente de surpresa. Precisamos pedir esclarecimentos ao governo de quais s\u00e3o as raz\u00f5es. \u00c9 problem\u00e1tico que uma medida de altera\u00e7\u00e3o do que \u00e9 sigiloso seja feita sem discutir com a sociedade civil. Eles n\u00e3o tiveram transpar\u00eancia para alterar um decreto justamente sobre o tema&#8221;.<\/p>\n<p>Parlamentares de oposi\u00e7\u00e3o ao presidente Bolsonaro reagiram pelas redes sociais. A deputada federal reeleita Margarida Salom\u00e3o (PT-MG) foi enf\u00e1tica em sua conta no Twitter: &#8220;\u00c9 a volta da censura. O governo recorre mais uma vez a um decreto para fazer mudan\u00e7as de forma autorit\u00e1ria. Ali\u00e1s, autoritarismo \u00e9 a palavra correta&#8221;. <\/p>\n<p>O deputado federal Marcelo Freixo (PSOL-RJ) usou a mesma rede social para criticar o decreto assinado por Mour\u00e3o: &#8220;Depois das movimenta\u00e7\u00f5es financeiras suspeitas e das rela\u00e7\u00f5es do cl\u00e3 Bolsonaro com milicianos, o governo enfraquece a Lei de Acesso \u00e0 Informa\u00e7\u00e3o dando poder a assessores para declarar que um documento \u00e9 sigiloso. Um ataque \u00e0 transpar\u00eancia e \u00e0 democracia&#8221;.<\/p>\n<p>Tamb\u00e9m pelo Twitter, Alexandre Padilha (PT-SP), deputado e ex-ministro da Sa\u00fade, lamentou a medida e lembrou que a imprensa utiliza amplamente a Lei de Acesso \u00e0 Informa\u00e7\u00e3o para fiscalizar os tr\u00eas poderes: &#8220;Principal instrumento da sociedade para se informar sobre o que os governos querem esconder, a LAI era muito utilizada por jornalistas investigativos&#8221;.<\/p>\n<p>Confira o decreto na \u00edntegra.<\/p>\n<p>Edi\u00e7\u00e3o: Brasil de Fato<\/p>\n","protected":false},"excerpt":{"rendered":"<p>Mudan\u00e7a n\u00e3o foi debatida no Conselho de Transpar\u00eancia P\u00fablica e Combate \u00e0 Corrup\u00e7\u00e3o da Controladoria Geral da Uni\u00e3o (CGU)<\/p>\n","protected":false},"author":1,"featured_media":0,"comment_status":"closed","ping_status":"open","sticky":false,"template":"","format":"standard","meta":{"_exactmetrics_skip_tracking":false,"_exactmetrics_sitenote_active":false,"_exactmetrics_sitenote_note":"","_exactmetrics_sitenote_category":0,"jetpack_post_was_ever_published":false,"_jetpack_newsletter_access":"","_jetpack_dont_email_post_to_subs":false,"_jetpack_newsletter_tier_id":0,"_jetpack_memberships_contains_paywalled_content":false,"_jetpack_memberships_contains_paid_content":false,"footnotes":"","jetpack_publicize_message":"","jetpack_publicize_feature_enabled":true,"jetpack_social_post_already_shared":true,"jetpack_social_options":{"image_generator_settings":{"template":"highway","enabled":false},"version":2}},"categories":[1],"tags":[],"class_list":["post-20212","post","type-post","status-publish","format-standard","hentry","category-notas"],"jetpack_publicize_connections":[],"jetpack_sharing_enabled":true,"jetpack_featured_media_url":"","jetpack_shortlink":"https:\/\/wp.me\/p7wKYW-5g0","jetpack-related-posts":[],"_links":{"self":[{"href":"http:\/\/blogdalucianaoliveira.com.br\/blog\/wp-json\/wp\/v2\/posts\/20212","targetHints":{"allow":["GET"]}}],"collection":[{"href":"http:\/\/blogdalucianaoliveira.com.br\/blog\/wp-json\/wp\/v2\/posts"}],"about":[{"href":"http:\/\/blogdalucianaoliveira.com.br\/blog\/wp-json\/wp\/v2\/types\/post"}],"author":[{"embeddable":true,"href":"http:\/\/blogdalucianaoliveira.com.br\/blog\/wp-json\/wp\/v2\/users\/1"}],"replies":[{"embeddable":true,"href":"http:\/\/blogdalucianaoliveira.com.br\/blog\/wp-json\/wp\/v2\/comments?post=20212"}],"version-history":[{"count":2,"href":"http:\/\/blogdalucianaoliveira.com.br\/blog\/wp-json\/wp\/v2\/posts\/20212\/revisions"}],"predecessor-version":[{"id":20215,"href":"http:\/\/blogdalucianaoliveira.com.br\/blog\/wp-json\/wp\/v2\/posts\/20212\/revisions\/20215"}],"wp:attachment":[{"href":"http:\/\/blogdalucianaoliveira.com.br\/blog\/wp-json\/wp\/v2\/media?parent=20212"}],"wp:term":[{"taxonomy":"category","embeddable":true,"href":"http:\/\/blogdalucianaoliveira.com.br\/blog\/wp-json\/wp\/v2\/categories?post=20212"},{"taxonomy":"post_tag","embeddable":true,"href":"http:\/\/blogdalucianaoliveira.com.br\/blog\/wp-json\/wp\/v2\/tags?post=20212"}],"curies":[{"name":"wp","href":"https:\/\/api.w.org\/{rel}","templated":true}]}}