{"id":20216,"date":"2019-01-25T10:48:02","date_gmt":"2019-01-25T14:48:02","guid":{"rendered":"http:\/\/blogdalucianaoliveira.com.br\/blog\/?p=20216"},"modified":"2019-01-25T10:48:32","modified_gmt":"2019-01-25T14:48:32","slug":"20216","status":"publish","type":"post","link":"http:\/\/blogdalucianaoliveira.com.br\/blog\/2019\/01\/25\/20216\/","title":{"rendered":"\u201cEx\u00edlio e amea\u00e7as\u201d: imprensa estrangeira repercute decis\u00e3o de Jean Wyllys"},"content":{"rendered":"<h2 class=\"article-subtitle\"><img data-recalc-dims=\"1\" loading=\"lazy\" decoding=\"async\" data-attachment-id=\"20217\" data-permalink=\"http:\/\/blogdalucianaoliveira.com.br\/blog\/2019\/01\/25\/20216\/wi-2\/\" data-orig-file=\"https:\/\/i0.wp.com\/blogdalucianaoliveira.com.br\/blog\/wp-content\/uploads\/2019\/01\/wi.jpg?fit=680%2C453\" data-orig-size=\"680,453\" data-comments-opened=\"0\" data-image-meta=\"{&quot;aperture&quot;:&quot;0&quot;,&quot;credit&quot;:&quot;&quot;,&quot;camera&quot;:&quot;&quot;,&quot;caption&quot;:&quot;&quot;,&quot;created_timestamp&quot;:&quot;0&quot;,&quot;copyright&quot;:&quot;&quot;,&quot;focal_length&quot;:&quot;0&quot;,&quot;iso&quot;:&quot;0&quot;,&quot;shutter_speed&quot;:&quot;0&quot;,&quot;title&quot;:&quot;&quot;,&quot;orientation&quot;:&quot;0&quot;}\" data-image-title=\"wi\" data-image-description=\"\" data-image-caption=\"\" data-medium-file=\"https:\/\/i0.wp.com\/blogdalucianaoliveira.com.br\/blog\/wp-content\/uploads\/2019\/01\/wi.jpg?fit=300%2C200\" data-large-file=\"https:\/\/i0.wp.com\/blogdalucianaoliveira.com.br\/blog\/wp-content\/uploads\/2019\/01\/wi.jpg?fit=600%2C400\" class=\"alignnone size-full wp-image-20217\" src=\"https:\/\/i0.wp.com\/blogdalucianaoliveira.com.br\/blog\/wp-content\/uploads\/2019\/01\/wi.jpg?resize=600%2C400\" alt=\"wi\" width=\"600\" height=\"400\" srcset=\"https:\/\/i0.wp.com\/blogdalucianaoliveira.com.br\/blog\/wp-content\/uploads\/2019\/01\/wi.jpg?w=680 680w, https:\/\/i0.wp.com\/blogdalucianaoliveira.com.br\/blog\/wp-content\/uploads\/2019\/01\/wi.jpg?resize=300%2C200 300w, https:\/\/i0.wp.com\/blogdalucianaoliveira.com.br\/blog\/wp-content\/uploads\/2019\/01\/wi.jpg?resize=450%2C300 450w\" sizes=\"auto, (max-width: 600px) 100vw, 600px\" \/><\/h2>\n<h2 class=\"article-subtitle\">O jornal franc\u00eas Lib\u00e9ration destacou que &#8220;amea\u00e7ado de morte, o \u00fanico deputado brasileiro abertamente gay deixa a pol\u00edtica e se exila&#8221;<\/h2>\n<p><!--more--><\/p>\n<p>Na Exame<\/p>\n<div class=\"article-author\">Por\u00a0<a class=\"author-element\" href=\"https:\/\/exame.abril.com.br\/autor\/clara-cerioni\"><span class=\"author-element\">Clara Cerioni<\/span><\/a><\/div>\n<div class=\"article-date\"><\/div>\n<p>S\u00e3o Paulo\u00a0\u2014 A decis\u00e3o repentina de\u00a0<strong>Jean Wyllys<\/strong>\u00a0de deixar o Brasil e\u00a0<a href=\"https:\/\/exame.abril.com.br\/brasil\/jean-wyllys-diz-que-desistiu-de-mandato-e-vai-deixar-brasil-apos-ameacas\/\">n\u00e3o assumir seu terceiro mandato como deputado federal pelo PSOL,<\/a>\u00a0devido \u00e0s ame\u00e7as que vem recebendo, foi descrita pela imprensa internacional como uma situa\u00e7\u00e3o de viol\u00eancia e de ex\u00edlio.<\/p>\n<p>Primeiro parlamentar a defender abertamente a bandeira dos LGBT, anunciou nesta quinta-feira (24) que se \u201cdedicar\u00e1 \u00e0 vida acad\u00eamica\u201d.<\/p>\n<p>O jornal franc\u00eas\u00a0Lib\u00e9ration\u00a0<a href=\"https:\/\/www.liberation.fr\/france\/2019\/01\/25\/bresil-le-depute-gay-jean-wyllys-s-exile-apres-des-menaces-de-mort_1705275\">escreve em sua manchete<\/a>: \u201cAmea\u00e7ado de morte, o \u00fanico deputado brasileiro abertamente gay deixa a pol\u00edtica e se exila\u201d.<\/p>\n<p>A publica\u00e7\u00e3o descreve que Wyllys era oposi\u00e7\u00e3o do presidente Jair Bolsonaro e relembra que ele vivia sob escolta desde o assassinato de Marielle Franco.<\/p>\n<div class=\"ad-content\"><\/div>\n<p>\u201cOponente do presidente Jair Bolsonaro, em quem cuspiu no dia da destitui\u00e7\u00e3o de Dilma Rousseff, em 2016, ap\u00f3s ouvir dele declara\u00e7\u00f5es homof\u00f3bicas, Wyllys vivia sob escolta policial depois do assassinato, em mar\u00e7o, de sua colega no PSOL Marielle Franco, ela tamb\u00e9m ativista negra e bissexual\u201d, escreve.<\/p>\n<p>O New York Times\u00a0<a href=\"https:\/\/www.nytimes.com\/2019\/01\/24\/world\/americas\/jean-wyllys-brazil-gay-lawmaker.html\">destaca a frase de Wyllys de que ele \u201cprecisa se manter vivo\u201d<\/a>\u00a0e afirma que seguidores do presidente Bolsonaro reagiram com \u201ccoment\u00e1rios homof\u00f3bicos\u201d ao an\u00fancio .<\/p>\n<p>No texto, o jornal americano escreve: \u201cLogo ap\u00f3s a publica\u00e7\u00e3o da entrevista de Wyllys, Bolsonaro, que esteve em Davos, na Su\u00ed\u00e7a, para o F\u00f3rum Econ\u00f4mico Mundial, twittou \u2018Great day!\u2019 E um emoticon de polegar para cima\u201d.<\/p>\n<div class=\"widget-news widget-box no-margin no-border\">\n<section class=\"article-content\">A emissora francesa LCI lembra que depois da vit\u00f3ria de Bolsonaro, a Comiss\u00e3o Interamericana de Direitos Humanos pediu que o Brasil tomasse as medidas necess\u00e1rias para proteger os direitos, a vida e a integridade de Wyllys e sua fam\u00edlia.O\u00a0<a href=\"https:\/\/elpais.com\/internacional\/2019\/01\/24\/actualidad\/1548364530_154799.html\">El Pa\u00eds da Espanha tamb\u00e9m cita a recomenda\u00e7\u00e3o<\/a>\u00a0da Comiss\u00e3o Interamericana de Direitos Humanos. \u201cAs amea\u00e7as que Wyllys sofreu nos \u00faltimos tempos levaram a Comiss\u00e3o Interamericana de Direitos Humanos (CIDH) a solicitar ao governo brasileiro medidas para proteger sua vida e investigar as amea\u00e7as\u201d, diz o texto.<\/p>\n<p>O jornal brit\u00e2nico DailyMail\u00a0<a href=\"https:\/\/www.dailymail.co.uk\/news\/article-6630603\/Brazils-openly-gay-congressman-quits-threats-leaves-country.html\">relembra que o \u201cnovo presidente e ex-capit\u00e3o do Ex\u00e9rcito tem menosprezado gays e mulheres\u201d<\/a>.<\/p>\n<p>A publica\u00e7\u00e3o recupera um document\u00e1rio da BBC de 2013, \u201cOut There\u201d, quando Bolsonaro disse que \u201cnenhum pai se orgulha de ter um filho gay\u201d e que \u201cn\u00f3s brasileiros n\u00e3o gostamos de homossexuais\u201d.<\/p>\n<p>\u201cEle \u00e9 um opositor vocal do casamento entre pessoas do mesmo sexo, bem como outras pol\u00edticas socialmente liberais, incluindo o aborto e o secularismo, e tem menosprezado as mulheres e as minorias\u201d, diz o DailyMail.<\/p>\n<\/section>\n<section class=\"article-tags\"><\/section>\n<\/div>\n","protected":false},"excerpt":{"rendered":"<p>O jornal franc\u00eas Lib\u00e9ration destacou que &#8220;amea\u00e7ado de morte, o \u00fanico deputado brasileiro abertamente gay deixa a pol\u00edtica e se exila&#8221;<\/p>\n","protected":false},"author":1,"featured_media":0,"comment_status":"closed","ping_status":"open","sticky":false,"template":"","format":"standard","meta":{"_exactmetrics_skip_tracking":false,"_exactmetrics_sitenote_active":false,"_exactmetrics_sitenote_note":"","_exactmetrics_sitenote_category":0,"jetpack_post_was_ever_published":false,"_jetpack_newsletter_access":"","_jetpack_dont_email_post_to_subs":false,"_jetpack_newsletter_tier_id":0,"_jetpack_memberships_contains_paywalled_content":false,"_jetpack_memberships_contains_paid_content":false,"footnotes":"","jetpack_publicize_message":"","jetpack_publicize_feature_enabled":true,"jetpack_social_post_already_shared":true,"jetpack_social_options":{"image_generator_settings":{"template":"highway","enabled":false},"version":2}},"categories":[1],"tags":[],"class_list":["post-20216","post","type-post","status-publish","format-standard","hentry","category-notas"],"jetpack_publicize_connections":[],"jetpack_sharing_enabled":true,"jetpack_featured_media_url":"","jetpack_shortlink":"https:\/\/wp.me\/s7wKYW-20216","jetpack-related-posts":[],"_links":{"self":[{"href":"http:\/\/blogdalucianaoliveira.com.br\/blog\/wp-json\/wp\/v2\/posts\/20216","targetHints":{"allow":["GET"]}}],"collection":[{"href":"http:\/\/blogdalucianaoliveira.com.br\/blog\/wp-json\/wp\/v2\/posts"}],"about":[{"href":"http:\/\/blogdalucianaoliveira.com.br\/blog\/wp-json\/wp\/v2\/types\/post"}],"author":[{"embeddable":true,"href":"http:\/\/blogdalucianaoliveira.com.br\/blog\/wp-json\/wp\/v2\/users\/1"}],"replies":[{"embeddable":true,"href":"http:\/\/blogdalucianaoliveira.com.br\/blog\/wp-json\/wp\/v2\/comments?post=20216"}],"version-history":[{"count":2,"href":"http:\/\/blogdalucianaoliveira.com.br\/blog\/wp-json\/wp\/v2\/posts\/20216\/revisions"}],"predecessor-version":[{"id":20219,"href":"http:\/\/blogdalucianaoliveira.com.br\/blog\/wp-json\/wp\/v2\/posts\/20216\/revisions\/20219"}],"wp:attachment":[{"href":"http:\/\/blogdalucianaoliveira.com.br\/blog\/wp-json\/wp\/v2\/media?parent=20216"}],"wp:term":[{"taxonomy":"category","embeddable":true,"href":"http:\/\/blogdalucianaoliveira.com.br\/blog\/wp-json\/wp\/v2\/categories?post=20216"},{"taxonomy":"post_tag","embeddable":true,"href":"http:\/\/blogdalucianaoliveira.com.br\/blog\/wp-json\/wp\/v2\/tags?post=20216"}],"curies":[{"name":"wp","href":"https:\/\/api.w.org\/{rel}","templated":true}]}}