{"id":20220,"date":"2019-01-25T10:53:27","date_gmt":"2019-01-25T14:53:27","guid":{"rendered":"http:\/\/blogdalucianaoliveira.com.br\/blog\/?p=20220"},"modified":"2019-01-25T10:53:27","modified_gmt":"2019-01-25T14:53:27","slug":"mobilizacao-dos-povos-indigenas-de-rondonia-no-dia-31-de-janeiro-de-2019","status":"publish","type":"post","link":"http:\/\/blogdalucianaoliveira.com.br\/blog\/2019\/01\/25\/mobilizacao-dos-povos-indigenas-de-rondonia-no-dia-31-de-janeiro-de-2019\/","title":{"rendered":"MOBILIZA\u00c7\u00c3O DOS POVOS IND\u00cdGENAS DE ROND\u00d4NIA NO DIA 31 DE JANEIRO DE 2019"},"content":{"rendered":"<p><img data-recalc-dims=\"1\" loading=\"lazy\" decoding=\"async\" data-attachment-id=\"20221\" data-permalink=\"http:\/\/blogdalucianaoliveira.com.br\/blog\/2019\/01\/25\/mobilizacao-dos-povos-indigenas-de-rondonia-no-dia-31-de-janeiro-de-2019\/d1bae47f-7f7e-447d-aba2-485e13d99393\/\" data-orig-file=\"https:\/\/i0.wp.com\/blogdalucianaoliveira.com.br\/blog\/wp-content\/uploads\/2019\/01\/D1BAE47F-7F7E-447D-ABA2-485E13D99393.jpeg?fit=678%2C452\" data-orig-size=\"678,452\" data-comments-opened=\"0\" data-image-meta=\"{&quot;aperture&quot;:&quot;0&quot;,&quot;credit&quot;:&quot;&quot;,&quot;camera&quot;:&quot;&quot;,&quot;caption&quot;:&quot;&quot;,&quot;created_timestamp&quot;:&quot;0&quot;,&quot;copyright&quot;:&quot;&quot;,&quot;focal_length&quot;:&quot;0&quot;,&quot;iso&quot;:&quot;0&quot;,&quot;shutter_speed&quot;:&quot;0&quot;,&quot;title&quot;:&quot;&quot;,&quot;orientation&quot;:&quot;0&quot;}\" data-image-title=\"D1BAE47F-7F7E-447D-ABA2-485E13D99393\" data-image-description=\"\" data-image-caption=\"\" data-medium-file=\"https:\/\/i0.wp.com\/blogdalucianaoliveira.com.br\/blog\/wp-content\/uploads\/2019\/01\/D1BAE47F-7F7E-447D-ABA2-485E13D99393.jpeg?fit=300%2C200\" data-large-file=\"https:\/\/i0.wp.com\/blogdalucianaoliveira.com.br\/blog\/wp-content\/uploads\/2019\/01\/D1BAE47F-7F7E-447D-ABA2-485E13D99393.jpeg?fit=600%2C400\" src=\"https:\/\/i0.wp.com\/blogdalucianaoliveira.com.br\/blog\/wp-content\/uploads\/2019\/01\/D1BAE47F-7F7E-447D-ABA2-485E13D99393.jpeg?resize=600%2C400\" alt=\"D1BAE47F-7F7E-447D-ABA2-485E13D99393\" width=\"600\" height=\"400\" class=\"alignnone size-full wp-image-20221\" srcset=\"https:\/\/i0.wp.com\/blogdalucianaoliveira.com.br\/blog\/wp-content\/uploads\/2019\/01\/D1BAE47F-7F7E-447D-ABA2-485E13D99393.jpeg?w=678 678w, https:\/\/i0.wp.com\/blogdalucianaoliveira.com.br\/blog\/wp-content\/uploads\/2019\/01\/D1BAE47F-7F7E-447D-ABA2-485E13D99393.jpeg?resize=300%2C200 300w, https:\/\/i0.wp.com\/blogdalucianaoliveira.com.br\/blog\/wp-content\/uploads\/2019\/01\/D1BAE47F-7F7E-447D-ABA2-485E13D99393.jpeg?resize=450%2C300 450w\" sizes=\"auto, (max-width: 600px) 100vw, 600px\" \/><\/p>\n<p>N\u00f3s, mulheres da Associa\u00e7\u00e3o das Guerreiras Ind\u00edgenas de Rond\u00f4nia (AGIR), pedimos apoio financeiro \u00e0 sociedade brasileira e \u00e0 comunidade internacional para realizarmos uma grande mobiliza\u00e7\u00e3o ind\u00edgena no dia 31 de janeiro de 2019 no estado de Rond\u00f4nia (Brasil). Essa mobiliza\u00e7\u00e3o far\u00e1 parte da campanha nacional &#8220;Sangue Ind\u00edgena: nenhuma gota a mais&#8221; organizada pela Articula\u00e7\u00e3o dos Povos Ind\u00edgenas do Brasil (APIB). A situa\u00e7\u00e3o em nosso estado \u00e9 grave e vem piorando a cada dia!<!--more--><\/p>\n<p>Nesse come\u00e7o de ano, tr\u00eas terras ind\u00edgenas foram invadidas por n\u00e3o-ind\u00edgenas de modo violento (Uru-Eu-Wau-Wau, Guajar\u00e1-Mirim e Karipuna). Outros territ\u00f3rios e \u00e1reas florestais est\u00e3o sendo invadidos nesse momento. Os povos ind\u00edgenas em situa\u00e7\u00e3o de isolamento volunt\u00e1rio est\u00e3o sendo tamb\u00e9m amea\u00e7ados por essas invas\u00f5es. As mulheres, as crian\u00e7as e as pessoas idosas est\u00e3o especialmente vulner\u00e1veis. Nossas matas e florestas v\u00eam sendo arrancadas com viol\u00eancia h\u00e1 tempos e Rond\u00f4nia fica em uma das regi\u00f5es amaz\u00f4nicas onde \u00e9 mais intenso o desmatamento.<\/p>\n<p>Precisamos fortalecer nossa luta e nossa organiza\u00e7\u00e3o, como mulheres guerreiras ind\u00edgenas, juntas com nossos Povos e comunidades. Precisamos organizar essa grande mobiliza\u00e7\u00e3o para mostrar ao estado de Rond\u00f4nia, ao Brasil e ao mundo que seguiremos firmes na luta pela nossa sobreviv\u00eancia f\u00edsica e cultural, por nossos Povos, nossos territ\u00f3rios, nossos direitos, pelas florestas, rios, animais e todos que partilham conosco o meio-ambiente. Essa manifesta\u00e7\u00e3o tamb\u00e9m ser\u00e1 muito importante para mostrar que n\u00e3o estamos sozinhas, que temos apoiadores e apoiadoras no Brasil e no mundo, gente que est\u00e1 conosco em nossas lutas.<br \/>\nPor isso, fazemos o apelo para que, quem puder, fa\u00e7a uma doa\u00e7\u00e3o para nos ajudar com a realiza\u00e7\u00e3o dessa grande mobiliza\u00e7\u00e3o. As doa\u00e7\u00f5es podem ser feitas atrav\u00e9s de dep\u00f3sito em conta banc\u00e1ria:<\/p>\n<p>Associa\u00e7\u00e3o das Guerreiras Ind\u00edgenas de Rond\u00f4nia (AGIR)<br \/>\nCNPJ: 24.643.901\/0001-60<br \/>\nBanco Ita\u00fa<br \/>\nAg\u00eancia 7945<br \/>\nConta 11580-1<br \/>\nPara informa\u00e7\u00f5es, d\u00favidas e outras formas de doa\u00e7\u00f5es, entre em contato pelo e-mail: agir.guerreira@gmail.com<br \/>\nAp\u00f3s o dia 31 de janeiro, divulgaremos em nossa p\u00e1gina do Facebook fotos e relatos dessa mobiliza\u00e7\u00e3o a fim de retornarmos para nossas apoiadoras e apoiadores o que conseguirmos construir atrav\u00e9s de suas doa\u00e7\u00f5es. Gratas pelo apoio!<br \/>\nSobre a AGIR (link do site: https:\/\/associacao-das-guerreiras-indigenas-de-rondonia.webnode.com):<br \/>\nA Associa\u00e7\u00e3o das Guerreiras Ind\u00edgenas de Rond\u00f4nia (AGIR) \u00e9 uma organiza\u00e7\u00e3o sem fins lucrativos, fundada em 2015 por mulheres ind\u00edgenas do estado de Rond\u00f4nia, regi\u00e3o amaz\u00f4nica brasileira. Essa associa\u00e7\u00e3o \u00e9 administrada exclusivamente por e para mulheres ind\u00edgenas. A AGIR tem como principais objetivos: garantir o reconhecimento dos direitos individuais e coletivos de mulheres ind\u00edgenas; promover forma\u00e7\u00e3o e empoderamento atrav\u00e9s de redes e articula\u00e7\u00f5es de mulheres ind\u00edgenas da regi\u00e3o; e fortalecer a autodetermina\u00e7\u00e3o dos povos ind\u00edgenas no Brasil.<\/p>\n<p>Sobre a APIB (link da institui\u00e7\u00e3o: https:\/\/apib.info\/)<\/p>\n","protected":false},"excerpt":{"rendered":"<p>N\u00f3s, mulheres da Associa\u00e7\u00e3o das Guerreiras Ind\u00edgenas de Rond\u00f4nia (AGIR), pedimos apoio financeiro \u00e0 sociedade brasileira e \u00e0 comunidade internacional para realizarmos uma grande mobiliza\u00e7\u00e3o ind\u00edgena no dia 31 de janeiro de 2019 no estado de Rond\u00f4nia (Brasil). Essa mobiliza\u00e7\u00e3o far\u00e1 parte da campanha nacional &#8220;Sangue Ind\u00edgena: nenhuma gota a mais&#8221; organizada pela Articula\u00e7\u00e3o dos&#8230;<a class=\"more-link\" href=\"http:\/\/blogdalucianaoliveira.com.br\/blog\/2019\/01\/25\/mobilizacao-dos-povos-indigenas-de-rondonia-no-dia-31-de-janeiro-de-2019\/\">Continue a leitura <span class=\"meta-nav\">&raquo;<\/span><\/a><\/p>\n","protected":false},"author":1,"featured_media":0,"comment_status":"closed","ping_status":"open","sticky":false,"template":"","format":"standard","meta":{"_exactmetrics_skip_tracking":false,"_exactmetrics_sitenote_active":false,"_exactmetrics_sitenote_note":"","_exactmetrics_sitenote_category":0,"jetpack_post_was_ever_published":false,"_jetpack_newsletter_access":"","_jetpack_dont_email_post_to_subs":false,"_jetpack_newsletter_tier_id":0,"_jetpack_memberships_contains_paywalled_content":false,"_jetpack_memberships_contains_paid_content":false,"footnotes":"","jetpack_publicize_message":"","jetpack_publicize_feature_enabled":true,"jetpack_social_post_already_shared":true,"jetpack_social_options":{"image_generator_settings":{"template":"highway","enabled":false},"version":2}},"categories":[1],"tags":[],"class_list":["post-20220","post","type-post","status-publish","format-standard","hentry","category-notas"],"jetpack_publicize_connections":[],"jetpack_sharing_enabled":true,"jetpack_featured_media_url":"","jetpack_shortlink":"https:\/\/wp.me\/p7wKYW-5g8","jetpack-related-posts":[],"_links":{"self":[{"href":"http:\/\/blogdalucianaoliveira.com.br\/blog\/wp-json\/wp\/v2\/posts\/20220","targetHints":{"allow":["GET"]}}],"collection":[{"href":"http:\/\/blogdalucianaoliveira.com.br\/blog\/wp-json\/wp\/v2\/posts"}],"about":[{"href":"http:\/\/blogdalucianaoliveira.com.br\/blog\/wp-json\/wp\/v2\/types\/post"}],"author":[{"embeddable":true,"href":"http:\/\/blogdalucianaoliveira.com.br\/blog\/wp-json\/wp\/v2\/users\/1"}],"replies":[{"embeddable":true,"href":"http:\/\/blogdalucianaoliveira.com.br\/blog\/wp-json\/wp\/v2\/comments?post=20220"}],"version-history":[{"count":1,"href":"http:\/\/blogdalucianaoliveira.com.br\/blog\/wp-json\/wp\/v2\/posts\/20220\/revisions"}],"predecessor-version":[{"id":20222,"href":"http:\/\/blogdalucianaoliveira.com.br\/blog\/wp-json\/wp\/v2\/posts\/20220\/revisions\/20222"}],"wp:attachment":[{"href":"http:\/\/blogdalucianaoliveira.com.br\/blog\/wp-json\/wp\/v2\/media?parent=20220"}],"wp:term":[{"taxonomy":"category","embeddable":true,"href":"http:\/\/blogdalucianaoliveira.com.br\/blog\/wp-json\/wp\/v2\/categories?post=20220"},{"taxonomy":"post_tag","embeddable":true,"href":"http:\/\/blogdalucianaoliveira.com.br\/blog\/wp-json\/wp\/v2\/tags?post=20220"}],"curies":[{"name":"wp","href":"https:\/\/api.w.org\/{rel}","templated":true}]}}