{"id":20223,"date":"2019-01-25T11:02:52","date_gmt":"2019-01-25T15:02:52","guid":{"rendered":"http:\/\/blogdalucianaoliveira.com.br\/blog\/?p=20223"},"modified":"2019-01-25T11:02:52","modified_gmt":"2019-01-25T15:02:52","slug":"sera-jean-wyllys-apenas-o-primeiro-autoexilado-de-um-novo-regime-miliciano","status":"publish","type":"post","link":"http:\/\/blogdalucianaoliveira.com.br\/blog\/2019\/01\/25\/sera-jean-wyllys-apenas-o-primeiro-autoexilado-de-um-novo-regime-miliciano\/","title":{"rendered":"SER\u00c1 JEAN WYLLYS APENAS O PRIMEIRO AUTOEXILADO DE UM NOVO REGIME MILICIANO?"},"content":{"rendered":"<p><img data-recalc-dims=\"1\" loading=\"lazy\" decoding=\"async\" data-attachment-id=\"20224\" data-permalink=\"http:\/\/blogdalucianaoliveira.com.br\/blog\/2019\/01\/25\/sera-jean-wyllys-apenas-o-primeiro-autoexilado-de-um-novo-regime-miliciano\/je-2\/\" data-orig-file=\"https:\/\/i0.wp.com\/blogdalucianaoliveira.com.br\/blog\/wp-content\/uploads\/2019\/01\/je.jpg?fit=980%2C572\" data-orig-size=\"980,572\" data-comments-opened=\"0\" data-image-meta=\"{&quot;aperture&quot;:&quot;0&quot;,&quot;credit&quot;:&quot;&quot;,&quot;camera&quot;:&quot;&quot;,&quot;caption&quot;:&quot;&quot;,&quot;created_timestamp&quot;:&quot;0&quot;,&quot;copyright&quot;:&quot;&quot;,&quot;focal_length&quot;:&quot;0&quot;,&quot;iso&quot;:&quot;0&quot;,&quot;shutter_speed&quot;:&quot;0&quot;,&quot;title&quot;:&quot;&quot;,&quot;orientation&quot;:&quot;0&quot;}\" data-image-title=\"je\" data-image-description=\"\" data-image-caption=\"\" data-medium-file=\"https:\/\/i0.wp.com\/blogdalucianaoliveira.com.br\/blog\/wp-content\/uploads\/2019\/01\/je.jpg?fit=300%2C175\" data-large-file=\"https:\/\/i0.wp.com\/blogdalucianaoliveira.com.br\/blog\/wp-content\/uploads\/2019\/01\/je.jpg?fit=600%2C350\" class=\"alignnone size-full wp-image-20224\" src=\"https:\/\/i0.wp.com\/blogdalucianaoliveira.com.br\/blog\/wp-content\/uploads\/2019\/01\/je.jpg?resize=600%2C350\" alt=\"je\" width=\"600\" height=\"350\" srcset=\"https:\/\/i0.wp.com\/blogdalucianaoliveira.com.br\/blog\/wp-content\/uploads\/2019\/01\/je.jpg?w=980 980w, https:\/\/i0.wp.com\/blogdalucianaoliveira.com.br\/blog\/wp-content\/uploads\/2019\/01\/je.jpg?resize=300%2C175 300w, https:\/\/i0.wp.com\/blogdalucianaoliveira.com.br\/blog\/wp-content\/uploads\/2019\/01\/je.jpg?resize=768%2C448 768w, https:\/\/i0.wp.com\/blogdalucianaoliveira.com.br\/blog\/wp-content\/uploads\/2019\/01\/je.jpg?resize=514%2C300 514w\" sizes=\"auto, (max-width: 600px) 100vw, 600px\" \/><\/p>\n<p>&nbsp;<\/p>\n<p><strong><em>\u201cEu, particularmente, sou a favor de um \u201cpared\u00e3o\u201d profil\u00e1tico para determinados entes\u2026 O Jean Willis, por exemplo, embora n\u00e3o valha a bala que o mate e o pano que limpe a lamban\u00e7a, n\u00e3o escaparia do pared\u00e3o\u2026\u201d<\/em>\u00a0(Desembargadora Marilia Castro Neves, do Tribunal de Justi\u00e7a do Rio de Janeiro, em 29 de dezembro de 2015).\u00a0<\/strong><!--more--><\/p>\n<p><strong>Por Ricardo Kotscho<\/strong><\/p>\n<p>No Balaio do Kotscho<\/p>\n<p>Como a desembargadora Castro Neves continua solta, tr\u00eas anos ap\u00f3s fazer a amea\u00e7a, o deputado federal reeleito Jean Wyllys (PSOL-RJ) decidiu renunciar ao mandato e se autoexilar para sobreviver ao novo regime miliciano-fundamentalista, instalado no pa\u00eds h\u00e1 apenas 25 dias, 55 anos ap\u00f3s o golpe militar que o presidente Jair Bolsonaro defende.<\/p>\n<p>A gente esquece, mas em 1964 e 1968 muitos outros brasileiros perseguidos pelo regime militar partiram para o autoex\u00edlio.<\/p>\n<div class=\"google-auto-placed ap_container\"><\/div>\n<p>Entre eles, o ex-presidente Fernando Henrique Cardoso.<\/p>\n<p>Ser\u00e1 que Wyllys, desafeto declarado dos Bolsonaros e colega de partido de Marielle Franco, vereadora assassinada no ano passado, ser\u00e1 apenas o primeiro de uma nova lista de cidad\u00e3os autoexilados por n\u00e3o se sentirem seguros de viver em seu pr\u00f3prio pa\u00eds?<\/p>\n<p>Na quinta-feira, Bolsonaro pai e o filho Carlos comemoram no Twitter a decis\u00e3o do deputado, enquanto as redes sociais eram congestionadas por manifesta\u00e7\u00f5es de outros brasileiros tamb\u00e9m querendo ir embora, apavorados com a nova ordem em marcha.<\/p>\n<div class=\"google-auto-placed ap_container\"><\/div>\n<p>Em lugar de oferecer garantias de vida a Jean Wyllys, como se espera de um chefe de Estado, a primeira provid\u00eancia de Bolsonaro, ao retornar da Su\u00ed\u00e7a nesta sexta-feira, foi receber, no Pal\u00e1cio da Alvorada, o filho Fl\u00e1vio, denunciado nos \u00faltimos dias por suas liga\u00e7\u00f5es com suspeitos de envolvimento no assassinato de Marielle Franco.<\/p>\n<p>Mas n\u00e3o s\u00e3o s\u00f3 as mil\u00edcias que colocam em risco a vida do deputado.<\/p>\n<p>Al\u00e9m da desembargadora Castro Neves, Wyllys, primeiro parlamentar assumidamente gay a encampar a agenda LGBT no Congresso, ao anunciar a sua decis\u00e3o citou tamb\u00e9m o caso do ator porn\u00f4 e deputado federal Alexandre Frota (PSL-SP) , rec\u00e9m eleito pelo partido do presidente, que o acusou de defensor de pedofilia.<\/p>\n<p>Em entrevista exclusiva ao rep\u00f3rter Carlos Juliano Barros, da Folha, o l\u00edder LGBT disse que se sente \u201cquebrado por dentro\u201d.<\/p>\n<p>\u201cA pena imposta, por exemplo, ao Alexandre Frota (indeniza\u00e7\u00e3o de R$ 295 mil) n\u00e3o repara o dano que ele produziu ao atribuir a mim um elogio da pedofilia. Eu vi minha reputa\u00e7\u00e3o ser destru\u00edda por mentiras e eu, impotente, sem poder fazer nada.\u201d<\/p>\n<div class=\"google-auto-placed ap_container\"><\/div>\n<p>Sobrevivendo com uma escolta policial desde a morte de Marielle Franco, Wyllys pergunta:<\/p>\n<p>\u201cComo \u00e9 que eu vou viver quatro anos da minha vida dentro de um carro blindado e sob escolta? Quatro anos da minha vida n\u00e3o podendo frequentar os lugares que eu frequento?\u201d<\/p>\n<p>O dram\u00e1tico depoimento de Jean Wyllys n\u00e3o sensibilizou nenhuma autoridade do governo federal at\u00e9 o momento.<\/p>\n<p>O ex-juiz Sergio Moro, que se tornou garoto-propaganda da nova ordem em Davos, e tem sob o seu comando a Pol\u00edcia Federal, mant\u00e9m obsequioso sil\u00eancio sobre os \u00faltimos acontecimentos.<\/p>\n<p>Por n\u00e3o querer ser m\u00e1rtir nem her\u00f3i, seguindo o conselho de Pepe Mujica, um s\u00edmbolo da luta pela democracia na Am\u00e9rica Latina, Jean Wyllys resolveu jogar a toalha, puxar o time, viver em outro lugar mais civilizado.<\/p>\n<p>\u201cQuero cuidar de mim e me manter vivo\u201d, desabafou o deputado no final da entrevista, resumindo um sentimento que se alastra pelo pa\u00eds, amea\u00e7ado cada vez mais pelo poder das mil\u00edcias fora de controle.<\/p>\n<div class=\"google-auto-placed ap_container\"><\/div>\n<p>\u00c9 tudo triste, muito triste, assustador, acintoso, inacredit\u00e1vel mesmo o que est\u00e1 acontecendo nestes primeiros dias do novo governo.<\/p>\n<p>At\u00e9 quando isso vai durar?<\/p>\n<p>Vida que segue.<\/p>\n<p>&nbsp;<\/p>\n","protected":false},"excerpt":{"rendered":"<p>&nbsp; \u201cEu, particularmente, sou a favor de um \u201cpared\u00e3o\u201d profil\u00e1tico para determinados entes\u2026 O Jean Willis, por exemplo, embora n\u00e3o valha a bala que o mate e o pano que limpe a lamban\u00e7a, n\u00e3o escaparia do pared\u00e3o\u2026\u201d\u00a0(Desembargadora Marilia Castro Neves, do Tribunal de Justi\u00e7a do Rio de Janeiro, em 29 de dezembro de 2015).\u00a0<\/p>\n","protected":false},"author":1,"featured_media":0,"comment_status":"closed","ping_status":"open","sticky":false,"template":"","format":"standard","meta":{"_exactmetrics_skip_tracking":false,"_exactmetrics_sitenote_active":false,"_exactmetrics_sitenote_note":"","_exactmetrics_sitenote_category":0,"jetpack_post_was_ever_published":false,"_jetpack_newsletter_access":"","_jetpack_dont_email_post_to_subs":false,"_jetpack_newsletter_tier_id":0,"_jetpack_memberships_contains_paywalled_content":false,"_jetpack_memberships_contains_paid_content":false,"footnotes":"","jetpack_publicize_message":"","jetpack_publicize_feature_enabled":true,"jetpack_social_post_already_shared":true,"jetpack_social_options":{"image_generator_settings":{"template":"highway","enabled":false},"version":2}},"categories":[1],"tags":[],"class_list":["post-20223","post","type-post","status-publish","format-standard","hentry","category-notas"],"jetpack_publicize_connections":[],"jetpack_sharing_enabled":true,"jetpack_featured_media_url":"","jetpack_shortlink":"https:\/\/wp.me\/p7wKYW-5gb","jetpack-related-posts":[],"_links":{"self":[{"href":"http:\/\/blogdalucianaoliveira.com.br\/blog\/wp-json\/wp\/v2\/posts\/20223","targetHints":{"allow":["GET"]}}],"collection":[{"href":"http:\/\/blogdalucianaoliveira.com.br\/blog\/wp-json\/wp\/v2\/posts"}],"about":[{"href":"http:\/\/blogdalucianaoliveira.com.br\/blog\/wp-json\/wp\/v2\/types\/post"}],"author":[{"embeddable":true,"href":"http:\/\/blogdalucianaoliveira.com.br\/blog\/wp-json\/wp\/v2\/users\/1"}],"replies":[{"embeddable":true,"href":"http:\/\/blogdalucianaoliveira.com.br\/blog\/wp-json\/wp\/v2\/comments?post=20223"}],"version-history":[{"count":1,"href":"http:\/\/blogdalucianaoliveira.com.br\/blog\/wp-json\/wp\/v2\/posts\/20223\/revisions"}],"predecessor-version":[{"id":20225,"href":"http:\/\/blogdalucianaoliveira.com.br\/blog\/wp-json\/wp\/v2\/posts\/20223\/revisions\/20225"}],"wp:attachment":[{"href":"http:\/\/blogdalucianaoliveira.com.br\/blog\/wp-json\/wp\/v2\/media?parent=20223"}],"wp:term":[{"taxonomy":"category","embeddable":true,"href":"http:\/\/blogdalucianaoliveira.com.br\/blog\/wp-json\/wp\/v2\/categories?post=20223"},{"taxonomy":"post_tag","embeddable":true,"href":"http:\/\/blogdalucianaoliveira.com.br\/blog\/wp-json\/wp\/v2\/tags?post=20223"}],"curies":[{"name":"wp","href":"https:\/\/api.w.org\/{rel}","templated":true}]}}