{"id":20226,"date":"2019-01-25T11:06:17","date_gmt":"2019-01-25T15:06:17","guid":{"rendered":"http:\/\/blogdalucianaoliveira.com.br\/blog\/?p=20226"},"modified":"2019-01-25T11:09:36","modified_gmt":"2019-01-25T15:09:36","slug":"20226","status":"publish","type":"post","link":"http:\/\/blogdalucianaoliveira.com.br\/blog\/2019\/01\/25\/20226\/","title":{"rendered":"Ermelinda Paz resgata cancioneiro nacional utilizado na educa\u00e7\u00e3o infantil no in\u00edcio do s\u00e9culo XX"},"content":{"rendered":"<p><img data-recalc-dims=\"1\" loading=\"lazy\" decoding=\"async\" data-attachment-id=\"20227\" data-permalink=\"http:\/\/blogdalucianaoliveira.com.br\/blog\/2019\/01\/25\/20226\/vovo\/\" data-orig-file=\"https:\/\/i0.wp.com\/blogdalucianaoliveira.com.br\/blog\/wp-content\/uploads\/2019\/01\/vovo.jpg?fit=1080%2C720\" data-orig-size=\"1080,720\" data-comments-opened=\"0\" data-image-meta=\"{&quot;aperture&quot;:&quot;0&quot;,&quot;credit&quot;:&quot;&quot;,&quot;camera&quot;:&quot;&quot;,&quot;caption&quot;:&quot;&quot;,&quot;created_timestamp&quot;:&quot;0&quot;,&quot;copyright&quot;:&quot;&quot;,&quot;focal_length&quot;:&quot;0&quot;,&quot;iso&quot;:&quot;0&quot;,&quot;shutter_speed&quot;:&quot;0&quot;,&quot;title&quot;:&quot;&quot;,&quot;orientation&quot;:&quot;0&quot;}\" data-image-title=\"vovo\" data-image-description=\"\" data-image-caption=\"\" data-medium-file=\"https:\/\/i0.wp.com\/blogdalucianaoliveira.com.br\/blog\/wp-content\/uploads\/2019\/01\/vovo.jpg?fit=300%2C200\" data-large-file=\"https:\/\/i0.wp.com\/blogdalucianaoliveira.com.br\/blog\/wp-content\/uploads\/2019\/01\/vovo.jpg?fit=600%2C400\" class=\"alignnone size-full wp-image-20227\" src=\"https:\/\/i0.wp.com\/blogdalucianaoliveira.com.br\/blog\/wp-content\/uploads\/2019\/01\/vovo.jpg?resize=600%2C400\" alt=\"vovo\" width=\"600\" height=\"400\" srcset=\"https:\/\/i0.wp.com\/blogdalucianaoliveira.com.br\/blog\/wp-content\/uploads\/2019\/01\/vovo.jpg?w=1080 1080w, https:\/\/i0.wp.com\/blogdalucianaoliveira.com.br\/blog\/wp-content\/uploads\/2019\/01\/vovo.jpg?resize=300%2C200 300w, https:\/\/i0.wp.com\/blogdalucianaoliveira.com.br\/blog\/wp-content\/uploads\/2019\/01\/vovo.jpg?resize=768%2C512 768w, https:\/\/i0.wp.com\/blogdalucianaoliveira.com.br\/blog\/wp-content\/uploads\/2019\/01\/vovo.jpg?resize=1024%2C683 1024w, https:\/\/i0.wp.com\/blogdalucianaoliveira.com.br\/blog\/wp-content\/uploads\/2019\/01\/vovo.jpg?resize=450%2C300 450w\" sizes=\"auto, (max-width: 600px) 100vw, 600px\" \/><\/p>\n<div dir=\"ltr\">\n<p class=\"yiv5135946104MsoNormal\" style=\"text-align: left;\" align=\"center\">\n<p class=\"yiv5135946104MsoNormal\" style=\"text-align: left;\" align=\"center\"><i>Em \u201cCantando e brincando com Vov\u00f3 Linda vol.1 e vol.2\u201d, can\u00e7\u00f5es utilizadas por educadores brasileiros entre 1940 a 1970 ganham seu primeiro registro fonogr\u00e1fico<\/i><\/p>\n<p class=\"yiv5135946104MsoNormal\"><!--more--><\/p>\n<p>Refer\u00eancia em pesquisa musical e respons\u00e1vel por publica\u00e7\u00f5es que se tornaram emblem\u00e1ticas (\u201c<i>Pedagogia Musical brasileira no s\u00e9culo XX: metodologias e tend\u00eancias<\/i>\u201d &#8211; 2013\/ \u201c<i>500 Can\u00e7\u00f5es Brasileiras\u201d<\/i>\u00a0&#8211; 2015\/ \u201c<i>Jacob do Bandolim\u201d<\/i>\u00a0&#8211; 2018\/ \u201c<i>Edino Krieger:<\/i>\u00a0<i>cr\u00edtico, produtor musical e compositor\u201d<\/i>\u00a0Vol I e Vol. II &#8211; 2012),\u00a0<b>Ermelinda Paz<\/b>apaixonou-se pela Educa\u00e7\u00e3o Musical Infantil bem cedo, em 1967, quando come\u00e7ou a coletar um cancioneiro de apoio \u00e0 pr\u00e1tica, em sua maioria extra\u00eddo de uma apostila produzida pela Secretaria de Educa\u00e7\u00e3o e Cultura do Munic\u00edpio do antigo Estado da Guanabara, e distribu\u00edda mensalmente para as coordenadorias das escolas municipais.<\/p>\n<p class=\"yiv5135946104MsoNormal\">Sua experi\u00eancia com a doc\u00eancia com crian\u00e7as na Escola Municipal Guatemala, no Rio de Janeiro, deu vez \u00e0 pesquisadora e a levou para outros caminhos. Hoje, passados aproximadamente 45 anos do seu afastamento das atividades na Educa\u00e7\u00e3o Musical Infantil, Ermelinda resgata a antiga paix\u00e3o, especialmente em virtude do nascimento de seu primeiro neto Jos\u00e9. Assim, nascem os CDs \u201c<b><i>Cantando e brincando com Vov\u00f3 Linda Vol.1 e vol.2\u201d<\/i><\/b>, dois \u00e1lbuns de imensa riqueza hist\u00f3rica e educativa, que teve como grande inspira\u00e7\u00e3o \u2013 no caso do Vol. 1 &#8211; o vasto trabalho de Liddy Chiaffarelli,\u00a0educadora musical, musicista e pianista que teve seu auge de produ\u00e7\u00e3o nas d\u00e9cadas de 30 e 40 do s\u00e9culo XX, casada tamb\u00e9m com Francisco Mignone. Os CDs j\u00e1 est\u00e3o dispon\u00edveis nas plataformas digitais (Deezer, Spotify, iMusic, Shazam).<\/p>\n<p class=\"yiv5135946104MsoNormal\"><b>CD \u201cCantando e brincando com Vov\u00f3 Linda vol.1\u201d<\/b><\/p>\n<p class=\"yiv5135946104MsoNormal\">\u00a0\u00a0\u00a0\u00a0\u00a0 O Vol. 1 do CD\u00a0<i>Cantando e brincando com Vov\u00f3 Linda<\/i>\u00a0foi finalizado em 2017, mas lan\u00e7ado apenas em meados de 2018, em fun\u00e7\u00e3o das pend\u00eancias envolvendo autores.\u00a0 Essas m\u00fasicas fizeram parte do repert\u00f3rio de v\u00e1rios educadores musicais, como Regina M\u00e1rcia Sim\u00e3o Santos (com quem Ermelinda intercambiava a descoberta de novas m\u00fasicas para inseri-las nos cadernos de apoio) e Helena Rosa Trope, bem como dos educadores musicais do Instituto Bennett nos anos 50, 60 e parte de 70. Al\u00e9m disso, um extenso trabalho de pesquisa foi realizado, seja atrav\u00e9s de pessoas-fonte (como o pesquisador Fl\u00e1vio Silva, da FUNARTE, e Cesar Borges Barbosa, filho de Cacilda Barbosa, herdeiro e autor de \u201cA janelinha\u201d, composta quando ele tinha 8 anos de idade) seja de importantes centros de documenta\u00e7\u00e3o e pesquisa, como o Museu Villa-Lobos, Arquivo P\u00fablico do Estado do RJ, o Centro Brasileiro de Mem\u00f3ria \u2013 ISERJ,\u00a0 a AMAR\/SOMBR\u00c1S, Escola de M\u00fasica da UFRJ, dentre outros.<\/p>\n<p class=\"yiv5135946104MsoNormal\">\u201cComo pesquisadora, entendi que devia oferecer ao meu neto \u2013 a motiva\u00e7\u00e3o real para a realiza\u00e7\u00e3o desse trabalho \u2013 esse repert\u00f3rio esquecido, trazendo-o de volta ao s\u00e9culo XXI. Inicialmente, era somente para ele, mas \u00e0 medida que outras pessoas tomavam ci\u00eancia de meu fazer, surgiram indaga\u00e7\u00f5es como: \u2018mas porque n\u00e3o disponibilizar para todas as outras crian\u00e7as e, ainda, para os educadores musicais da atualidade?\u2019 Bem, deu no que deu\u201d, brinca Ermelinda.<\/p>\n<p class=\"yiv5135946104MsoNormal\">As m\u00fasicas que integram o CD\u00a0<i>Cantando e brincando com Vov\u00f3 Linda vol.1<\/i>\u00a0trazem, em geral, uma movimenta\u00e7\u00e3o autoexplicativa e sua aplica\u00e7\u00e3o fica \u00e0 crit\u00e9rio da criatividade dos educadores musicais, acrescidas da espontaneidade e expressividade que as crian\u00e7as naturalmente agregam \u00e0s can\u00e7\u00f5es. A can\u00e7\u00e3o \u201c<i>Senhor ca\u00e7ador\u201d<\/i>\u00a0\u00e9 um jogo com dupla fun\u00e7\u00e3o, que implica em percep\u00e7\u00e3o t\u00edmbrica (reconhecimento das vozes dos colegas quando se conhecem) ou percep\u00e7\u00e3o da dire\u00e7\u00e3o da fonte sonora. J\u00e1 \u201c<i>Vamos viajar<\/i>\u201c era utilizada, segundo Ermelinda, formando v\u00e1rios pequenos trens, com um m\u00ednimo de tr\u00eas e uma m\u00e1ximo de cinco crian\u00e7as, que se prendiam uma as outras atrav\u00e9s de ambas as m\u00e3os nos ombros do colega da frente. Com essa m\u00fasica eram trabalhadas as diferentes altera\u00e7\u00f5es de andamento, pois as crian\u00e7as andavam no pulso da m\u00fasica. \u201c<i>Passarinho\u201d\u00a0<\/i>e<i>\u00a0\u201cGalopando\u201d<\/i>, al\u00e9m da quest\u00e3o da expressividade, eram utilizadas onomatopeias, indicando o pio do passarinho ou o trotar do cavalo. A \u00fanica can\u00e7\u00e3o que foge \u00e0 essa \u00e9poca \u00e9 \u201c<i>Acalanto para Jos\u00e9\u201d,<\/i>\u00a0de autoria da pr\u00f3pria pesquisador, feita para ninar o neto.<\/p>\n<p class=\"yiv5135946104MsoNormal\"><b>CD duplo \u201cCantando e brincando com Vov\u00f3 Linda vol.2\u201d<\/b><\/p>\n<p class=\"yiv5135946104MsoNormal\">Trata-se de uma colet\u00e2nea de can\u00e7\u00f5es brasileiras, lan\u00e7ada em formato duplo: um CD completo com 27 faixas e outro com os playbacks, para utiliza\u00e7\u00e3o dos educadores em aula, somando um total de 54 faixas. Na sua grande maioria, as letras falam de animais, ajudam os adultos a lidar com as crian\u00e7as de forma amorosa e divertida. Muitas can\u00e7\u00f5es podem funcionar como acalanto, jogos musicais, brincadeiras, cantiga de roda. N\u00e3o faltam ritmos de balan\u00e7o, gostosos para se dan\u00e7ar, melodias c\u00f4micas e po\u00e9ticas, letras que ambientam situa\u00e7\u00f5es de f\u00e1bulas e hist\u00f3rias infantis.<\/p>\n<p class=\"yiv5135946104MsoNormal\">Na sele\u00e7\u00e3o, a autora limitou-se \u00e0 m\u00fasica folcl\u00f3rica, not\u00f3ria pela simplicidade, clareza e sobriedade.\u00a0 A voz aguda da Vov\u00f3-Linda aproxima-se do registro vocal infantil, incentivando a identifica\u00e7\u00e3o e imita\u00e7\u00e3o do netinho, enquanto o canto a meia voz assegura aproxima\u00e7\u00e3o e intimidade. Por outro lado, as melodias de maior enlevo po\u00e9tico inspiram o f\u00f4lego de um voo vocal mais amplo, compat\u00edvel com a densidade l\u00edrica do todo. Mas em tudo est\u00e1 presente uma doce leveza, inclusive nos arranjos, que al\u00e9m de vestir as melodias com delicadeza de mestre, intensificam sua brasilidade com os timbres de viola sertaneja, cavaquinho e viol\u00e3o.<\/p>\n<p class=\"yiv5135946104MsoNormal\">O maestro, pesquisador, compositor e professor H\u00e9lio Sena, que assina a apresenta\u00e7\u00e3o do Vol.2, conclui da melhor forma sobre a import\u00e2ncia dos CDs: \u201dessa colet\u00e2nea chega na hora certa. No momento em que a neuroci\u00eancia ressalta de modo enf\u00e1tico a import\u00e2ncia do canto para o desenvolvimento da crian\u00e7a, esse ato de amor da Vov\u00f3-Linda mostra o prosseguimento da tradi\u00e7\u00e3o oral fora do ensino formal da m\u00fasica e traz, com o enriquecimento do repert\u00f3rio infantil do pa\u00eds, uma contribui\u00e7\u00e3o cultural e educativa\u201d.<\/p>\n<p class=\"yiv5135946104MsoNormal\"><b>PARA OUVIR ONLINE:<\/b><\/p>\n<p class=\"yiv5135946104m_-1798707851940765941m_2736156349259068238m_251070310463264756m_5068042923017925226m_-6131168970118447000m_858596559453065242m_2726481344298854609m_-1604486016850386959gmail-m_8511247588038400904m_-5631141925894549988m_-2929831276410684999gmail-MsoListParagraphCxSpFirst\">\u00b7\u00a0\u00a0\u00a0\u00a0\u00a0\u00a0\u00a0\u00a0\u00a0CD\u00a0<i>Cantando e brincando com Vov\u00f3 Linda vol.1<\/i><\/p>\n<p class=\"yiv5135946104m_-1798707851940765941m_2736156349259068238m_251070310463264756m_5068042923017925226m_-6131168970118447000m_858596559453065242m_2726481344298854609m_-1604486016850386959gmail-m_8511247588038400904m_-5631141925894549988m_-2929831276410684999gmail-MsoListParagraphCxSpLast\"><span class=\"yiv5135946104m_-1798707851940765941m_2736156349259068238m_251070310463264756m_5068042923017925226m_-6131168970118447000m_858596559453065242m_2726481344298854609m_-1604486016850386959gmail-m_8511247588038400904m_-5631141925894549988m_-2929831276410684999gmail-MsoHyperlink\"><a href=\"https:\/\/open.spotify.com\/album\/08jQOS0vZ5A1YNVDz4Apxr\" target=\"_blank\" rel=\"nofollow\">https:\/\/open.spotify.com\/album\/08jQOS0vZ5A1YNVDz4Apxr<\/a><\/span><\/p>\n<p class=\"yiv5135946104m_-1798707851940765941m_2736156349259068238m_251070310463264756m_5068042923017925226m_-6131168970118447000m_858596559453065242m_2726481344298854609m_-1604486016850386959gmail-m_8511247588038400904m_-5631141925894549988m_-2929831276410684999gmail-MsoListParagraphCxSpFirst\">\u00b7\u00a0\u00a0\u00a0\u00a0\u00a0\u00a0\u00a0\u00a0\u00a0CD\u00a0<i>Cantando e brincando com Vov\u00f3 Linda vol.2<\/i><\/p>\n<p class=\"yiv5135946104m_-1798707851940765941m_2736156349259068238m_251070310463264756m_5068042923017925226m_-6131168970118447000m_858596559453065242m_2726481344298854609m_-1604486016850386959gmail-m_8511247588038400904m_-5631141925894549988m_-2929831276410684999gmail-MsoListParagraphCxSpLast\"><span class=\"yiv5135946104m_-1798707851940765941m_2736156349259068238m_251070310463264756m_5068042923017925226m_-6131168970118447000m_858596559453065242m_2726481344298854609m_-1604486016850386959gmail-m_8511247588038400904m_-5631141925894549988m_-2929831276410684999gmail-MsoHyperlink\"><a href=\"https:\/\/open.spotify.com\/album\/06hbchVRhG3e8YIzeVsCLo\" target=\"_blank\" rel=\"nofollow\">https:\/\/open.spotify.com\/album\/06hbchVRhG3e8YIzeVsCLo<\/a><\/span><\/p>\n<p class=\"yiv5135946104MsoNormal\"><b>COMPRA DOS CDS F\u00cdSICOS &#8211;\u00a0<\/b><span class=\"yiv5135946104m_-1798707851940765941m_2736156349259068238m_251070310463264756m_5068042923017925226m_-6131168970118447000m_858596559453065242m_2726481344298854609m_-1604486016850386959gmail-m_8511247588038400904m_-5631141925894549988m_-2929831276410684999gmail-MsoHyperlink\"><a href=\"mailto:cdvovolinda@gmail.com\" target=\"_blank\" rel=\"nofollow\">cdvovolinda@gmail.com<\/a><\/span><\/p>\n<p class=\"yiv5135946104MsoNormal\"><b>Ermelinda A. Paz &#8211;\u00a0<span class=\"yiv5135946104m_-1798707851940765941m_2736156349259068238m_251070310463264756m_5068042923017925226m_-6131168970118447000m_858596559453065242m_2726481344298854609m_-1604486016850386959gmail-m_8511247588038400904m_-5631141925894549988m_-2929831276410684999gmail-MsoHyperlink\"><a href=\"http:\/\/ermelinda-a-paz.mus.br\/\" target=\"_blank\" rel=\"nofollow\">http:\/\/ermelinda-a-paz.mus.br<\/a><\/span><\/b><\/p>\n<p class=\"yiv5135946104MsoNormal\"><b>F\u00e1bio Cezanne<\/b><\/p>\n<p><img data-recalc-dims=\"1\" loading=\"lazy\" decoding=\"async\" data-attachment-id=\"20231\" data-permalink=\"http:\/\/blogdalucianaoliveira.com.br\/blog\/2019\/01\/25\/20226\/cd-2\/\" data-orig-file=\"https:\/\/i0.wp.com\/blogdalucianaoliveira.com.br\/blog\/wp-content\/uploads\/2019\/01\/cd.jpg?fit=1080%2C964\" data-orig-size=\"1080,964\" data-comments-opened=\"0\" data-image-meta=\"{&quot;aperture&quot;:&quot;0&quot;,&quot;credit&quot;:&quot;&quot;,&quot;camera&quot;:&quot;&quot;,&quot;caption&quot;:&quot;&quot;,&quot;created_timestamp&quot;:&quot;0&quot;,&quot;copyright&quot;:&quot;&quot;,&quot;focal_length&quot;:&quot;0&quot;,&quot;iso&quot;:&quot;0&quot;,&quot;shutter_speed&quot;:&quot;0&quot;,&quot;title&quot;:&quot;&quot;,&quot;orientation&quot;:&quot;0&quot;}\" data-image-title=\"cd\" data-image-description=\"\" data-image-caption=\"\" data-medium-file=\"https:\/\/i0.wp.com\/blogdalucianaoliveira.com.br\/blog\/wp-content\/uploads\/2019\/01\/cd.jpg?fit=300%2C268\" data-large-file=\"https:\/\/i0.wp.com\/blogdalucianaoliveira.com.br\/blog\/wp-content\/uploads\/2019\/01\/cd.jpg?fit=600%2C536\" src=\"https:\/\/i0.wp.com\/blogdalucianaoliveira.com.br\/blog\/wp-content\/uploads\/2019\/01\/cd.jpg?resize=600%2C536\" alt=\"cd\" width=\"600\" height=\"536\" class=\"alignnone size-full wp-image-20231\" srcset=\"https:\/\/i0.wp.com\/blogdalucianaoliveira.com.br\/blog\/wp-content\/uploads\/2019\/01\/cd.jpg?w=1080 1080w, https:\/\/i0.wp.com\/blogdalucianaoliveira.com.br\/blog\/wp-content\/uploads\/2019\/01\/cd.jpg?resize=300%2C268 300w, https:\/\/i0.wp.com\/blogdalucianaoliveira.com.br\/blog\/wp-content\/uploads\/2019\/01\/cd.jpg?resize=768%2C686 768w, https:\/\/i0.wp.com\/blogdalucianaoliveira.com.br\/blog\/wp-content\/uploads\/2019\/01\/cd.jpg?resize=1024%2C914 1024w, https:\/\/i0.wp.com\/blogdalucianaoliveira.com.br\/blog\/wp-content\/uploads\/2019\/01\/cd.jpg?resize=336%2C300 336w\" sizes=\"auto, (max-width: 600px) 100vw, 600px\" \/><\/p>\n<div>Cezanne Comunica\u00e7\u00e3o &#8211; Assessoria de Imprensa em Cultura e Arte<\/div>\n<\/div>\n<p>&nbsp;<\/p>\n","protected":false},"excerpt":{"rendered":"<p>Em \u201cCantando e brincando com Vov\u00f3 Linda vol.1 e vol.2\u201d, can\u00e7\u00f5es utilizadas por educadores brasileiros entre 1940 a 1970 ganham seu primeiro registro fonogr\u00e1fico<\/p>\n","protected":false},"author":1,"featured_media":0,"comment_status":"closed","ping_status":"open","sticky":false,"template":"","format":"standard","meta":{"_exactmetrics_skip_tracking":false,"_exactmetrics_sitenote_active":false,"_exactmetrics_sitenote_note":"","_exactmetrics_sitenote_category":0,"jetpack_post_was_ever_published":false,"_jetpack_newsletter_access":"","_jetpack_dont_email_post_to_subs":false,"_jetpack_newsletter_tier_id":0,"_jetpack_memberships_contains_paywalled_content":false,"_jetpack_memberships_contains_paid_content":false,"footnotes":"","jetpack_publicize_message":"","jetpack_publicize_feature_enabled":true,"jetpack_social_post_already_shared":true,"jetpack_social_options":{"image_generator_settings":{"template":"highway","enabled":false},"version":2}},"categories":[1],"tags":[],"class_list":["post-20226","post","type-post","status-publish","format-standard","hentry","category-notas"],"jetpack_publicize_connections":[],"jetpack_sharing_enabled":true,"jetpack_featured_media_url":"","jetpack_shortlink":"https:\/\/wp.me\/s7wKYW-20226","jetpack-related-posts":[],"_links":{"self":[{"href":"http:\/\/blogdalucianaoliveira.com.br\/blog\/wp-json\/wp\/v2\/posts\/20226","targetHints":{"allow":["GET"]}}],"collection":[{"href":"http:\/\/blogdalucianaoliveira.com.br\/blog\/wp-json\/wp\/v2\/posts"}],"about":[{"href":"http:\/\/blogdalucianaoliveira.com.br\/blog\/wp-json\/wp\/v2\/types\/post"}],"author":[{"embeddable":true,"href":"http:\/\/blogdalucianaoliveira.com.br\/blog\/wp-json\/wp\/v2\/users\/1"}],"replies":[{"embeddable":true,"href":"http:\/\/blogdalucianaoliveira.com.br\/blog\/wp-json\/wp\/v2\/comments?post=20226"}],"version-history":[{"count":4,"href":"http:\/\/blogdalucianaoliveira.com.br\/blog\/wp-json\/wp\/v2\/posts\/20226\/revisions"}],"predecessor-version":[{"id":20232,"href":"http:\/\/blogdalucianaoliveira.com.br\/blog\/wp-json\/wp\/v2\/posts\/20226\/revisions\/20232"}],"wp:attachment":[{"href":"http:\/\/blogdalucianaoliveira.com.br\/blog\/wp-json\/wp\/v2\/media?parent=20226"}],"wp:term":[{"taxonomy":"category","embeddable":true,"href":"http:\/\/blogdalucianaoliveira.com.br\/blog\/wp-json\/wp\/v2\/categories?post=20226"},{"taxonomy":"post_tag","embeddable":true,"href":"http:\/\/blogdalucianaoliveira.com.br\/blog\/wp-json\/wp\/v2\/tags?post=20226"}],"curies":[{"name":"wp","href":"https:\/\/api.w.org\/{rel}","templated":true}]}}