{"id":20238,"date":"2019-01-25T17:08:43","date_gmt":"2019-01-25T21:08:43","guid":{"rendered":"http:\/\/blogdalucianaoliveira.com.br\/blog\/?p=20238"},"modified":"2019-01-25T17:08:43","modified_gmt":"2019-01-25T21:08:43","slug":"antes-e-depois-mostram-devastacao-causada-pelo-rompimento-da-barragem","status":"publish","type":"post","link":"http:\/\/blogdalucianaoliveira.com.br\/blog\/2019\/01\/25\/antes-e-depois-mostram-devastacao-causada-pelo-rompimento-da-barragem\/","title":{"rendered":"ANTES E DEPOIS MOSTRAM DEVASTA\u00c7\u00c3O CAUSADA PELO ROMPIMENTO DA BARRAGEM"},"content":{"rendered":"<p><img data-recalc-dims=\"1\" loading=\"lazy\" decoding=\"async\" data-attachment-id=\"20239\" data-permalink=\"http:\/\/blogdalucianaoliveira.com.br\/blog\/2019\/01\/25\/antes-e-depois-mostram-devastacao-causada-pelo-rompimento-da-barragem\/6052729e-85cc-4df0-b235-a35977cf8107\/\" data-orig-file=\"https:\/\/i0.wp.com\/blogdalucianaoliveira.com.br\/blog\/wp-content\/uploads\/2019\/01\/6052729E-85CC-4DF0-B235-A35977CF8107.jpeg?fit=480%2C240\" data-orig-size=\"480,240\" data-comments-opened=\"0\" data-image-meta=\"{&quot;aperture&quot;:&quot;0&quot;,&quot;credit&quot;:&quot;&quot;,&quot;camera&quot;:&quot;&quot;,&quot;caption&quot;:&quot;&quot;,&quot;created_timestamp&quot;:&quot;0&quot;,&quot;copyright&quot;:&quot;&quot;,&quot;focal_length&quot;:&quot;0&quot;,&quot;iso&quot;:&quot;0&quot;,&quot;shutter_speed&quot;:&quot;0&quot;,&quot;title&quot;:&quot;&quot;,&quot;orientation&quot;:&quot;0&quot;}\" data-image-title=\"6052729E-85CC-4DF0-B235-A35977CF8107\" data-image-description=\"\" data-image-caption=\"\" data-medium-file=\"https:\/\/i0.wp.com\/blogdalucianaoliveira.com.br\/blog\/wp-content\/uploads\/2019\/01\/6052729E-85CC-4DF0-B235-A35977CF8107.jpeg?fit=300%2C150\" data-large-file=\"https:\/\/i0.wp.com\/blogdalucianaoliveira.com.br\/blog\/wp-content\/uploads\/2019\/01\/6052729E-85CC-4DF0-B235-A35977CF8107.jpeg?fit=480%2C240\" src=\"https:\/\/i0.wp.com\/blogdalucianaoliveira.com.br\/blog\/wp-content\/uploads\/2019\/01\/6052729E-85CC-4DF0-B235-A35977CF8107.jpeg?resize=480%2C240\" alt=\"6052729E-85CC-4DF0-B235-A35977CF8107\" width=\"480\" height=\"240\" class=\"alignnone size-full wp-image-20239\" srcset=\"https:\/\/i0.wp.com\/blogdalucianaoliveira.com.br\/blog\/wp-content\/uploads\/2019\/01\/6052729E-85CC-4DF0-B235-A35977CF8107.jpeg?w=480 480w, https:\/\/i0.wp.com\/blogdalucianaoliveira.com.br\/blog\/wp-content\/uploads\/2019\/01\/6052729E-85CC-4DF0-B235-A35977CF8107.jpeg?resize=300%2C150 300w\" sizes=\"auto, (max-width: 480px) 100vw, 480px\" \/><\/p>\n<p>247 &#8211; Imagens antes e p\u00f3s-rompimento da barragem C\u00f3rrego do Feij\u00e3o, em Brumadinho, d\u00e3o dimens\u00e3o da trag\u00e9dia provocada pelo mar de lama que tomou conta da regi\u00e3o nesta sexta-feira (25). Antes, fotos a\u00e9reas indicam que o local era formado por matas densas e casas.<\/p>\n<p>A foto \u00e0 direita \u00e9 do Corpo de Bombeiros em sobrevoo hoje ap\u00f3s o rompimento. J\u00e1 a da esquerda \u00e9 do Google Earth de junho de 2018.<\/p>\n<p>A barragem pertence \u00e0 Vale, que foi respons\u00e1vel pelo acidente de Mariana, tamb\u00e9m causado por rompimento de barragem. H\u00e1 indica\u00e7\u00f5es de que os rejeitos atingiram a \u00e1rea administrativa da Vale e parte da comunidade da Vila Ferteco, em Brumadinho.<\/p>\n","protected":false},"excerpt":{"rendered":"<p>247 &#8211; Imagens antes e p\u00f3s-rompimento da barragem C\u00f3rrego do Feij\u00e3o, em Brumadinho, d\u00e3o dimens\u00e3o da trag\u00e9dia provocada pelo mar de lama que tomou conta da regi\u00e3o nesta sexta-feira (25). Antes, fotos a\u00e9reas indicam que o local era formado por matas densas e casas. A foto \u00e0 direita \u00e9 do Corpo de Bombeiros em sobrevoo&#8230;<a class=\"more-link\" href=\"http:\/\/blogdalucianaoliveira.com.br\/blog\/2019\/01\/25\/antes-e-depois-mostram-devastacao-causada-pelo-rompimento-da-barragem\/\">Continue a leitura <span class=\"meta-nav\">&raquo;<\/span><\/a><\/p>\n","protected":false},"author":1,"featured_media":0,"comment_status":"closed","ping_status":"open","sticky":false,"template":"","format":"standard","meta":{"_exactmetrics_skip_tracking":false,"_exactmetrics_sitenote_active":false,"_exactmetrics_sitenote_note":"","_exactmetrics_sitenote_category":0,"jetpack_post_was_ever_published":false,"_jetpack_newsletter_access":"","_jetpack_dont_email_post_to_subs":false,"_jetpack_newsletter_tier_id":0,"_jetpack_memberships_contains_paywalled_content":false,"_jetpack_memberships_contains_paid_content":false,"footnotes":"","jetpack_publicize_message":"","jetpack_publicize_feature_enabled":true,"jetpack_social_post_already_shared":true,"jetpack_social_options":{"image_generator_settings":{"template":"highway","enabled":false},"version":2}},"categories":[1],"tags":[],"class_list":["post-20238","post","type-post","status-publish","format-standard","hentry","category-notas"],"jetpack_publicize_connections":[],"jetpack_sharing_enabled":true,"jetpack_featured_media_url":"","jetpack_shortlink":"https:\/\/wp.me\/p7wKYW-5gq","jetpack-related-posts":[],"_links":{"self":[{"href":"http:\/\/blogdalucianaoliveira.com.br\/blog\/wp-json\/wp\/v2\/posts\/20238","targetHints":{"allow":["GET"]}}],"collection":[{"href":"http:\/\/blogdalucianaoliveira.com.br\/blog\/wp-json\/wp\/v2\/posts"}],"about":[{"href":"http:\/\/blogdalucianaoliveira.com.br\/blog\/wp-json\/wp\/v2\/types\/post"}],"author":[{"embeddable":true,"href":"http:\/\/blogdalucianaoliveira.com.br\/blog\/wp-json\/wp\/v2\/users\/1"}],"replies":[{"embeddable":true,"href":"http:\/\/blogdalucianaoliveira.com.br\/blog\/wp-json\/wp\/v2\/comments?post=20238"}],"version-history":[{"count":1,"href":"http:\/\/blogdalucianaoliveira.com.br\/blog\/wp-json\/wp\/v2\/posts\/20238\/revisions"}],"predecessor-version":[{"id":20240,"href":"http:\/\/blogdalucianaoliveira.com.br\/blog\/wp-json\/wp\/v2\/posts\/20238\/revisions\/20240"}],"wp:attachment":[{"href":"http:\/\/blogdalucianaoliveira.com.br\/blog\/wp-json\/wp\/v2\/media?parent=20238"}],"wp:term":[{"taxonomy":"category","embeddable":true,"href":"http:\/\/blogdalucianaoliveira.com.br\/blog\/wp-json\/wp\/v2\/categories?post=20238"},{"taxonomy":"post_tag","embeddable":true,"href":"http:\/\/blogdalucianaoliveira.com.br\/blog\/wp-json\/wp\/v2\/tags?post=20238"}],"curies":[{"name":"wp","href":"https:\/\/api.w.org\/{rel}","templated":true}]}}