{"id":2024,"date":"2016-06-29T17:58:41","date_gmt":"2016-06-29T21:58:41","guid":{"rendered":"http:\/\/blogdalucianaoliveira.com.br\/blog\/?p=2024"},"modified":"2016-06-29T18:43:29","modified_gmt":"2016-06-29T22:43:29","slug":"general-que-exalta-anos-de-chumbo-assume-a-funai","status":"publish","type":"post","link":"http:\/\/blogdalucianaoliveira.com.br\/blog\/2016\/06\/29\/general-que-exalta-anos-de-chumbo-assume-a-funai\/","title":{"rendered":"General que exalta anos de chumbo, per\u00edodo em que milhares de \u00edndios foram exterminados, assume a Funai"},"content":{"rendered":"<p><img data-recalc-dims=\"1\" loading=\"lazy\" decoding=\"async\" data-attachment-id=\"2025\" data-permalink=\"http:\/\/blogdalucianaoliveira.com.br\/blog\/2016\/06\/29\/general-que-exalta-anos-de-chumbo-assume-a-funai\/image-438\/\" data-orig-file=\"https:\/\/i0.wp.com\/blogdalucianaoliveira.com.br\/blog\/wp-content\/uploads\/2016\/06\/image-130.jpeg?fit=702%2C714\" data-orig-size=\"702,714\" data-comments-opened=\"0\" data-image-meta=\"{&quot;aperture&quot;:&quot;0&quot;,&quot;credit&quot;:&quot;&quot;,&quot;camera&quot;:&quot;&quot;,&quot;caption&quot;:&quot;&quot;,&quot;created_timestamp&quot;:&quot;0&quot;,&quot;copyright&quot;:&quot;&quot;,&quot;focal_length&quot;:&quot;0&quot;,&quot;iso&quot;:&quot;0&quot;,&quot;shutter_speed&quot;:&quot;0&quot;,&quot;title&quot;:&quot;&quot;,&quot;orientation&quot;:&quot;1&quot;}\" data-image-title=\"image\" data-image-description=\"\" data-image-caption=\"\" data-medium-file=\"https:\/\/i0.wp.com\/blogdalucianaoliveira.com.br\/blog\/wp-content\/uploads\/2016\/06\/image-130.jpeg?fit=295%2C300\" data-large-file=\"https:\/\/i0.wp.com\/blogdalucianaoliveira.com.br\/blog\/wp-content\/uploads\/2016\/06\/image-130.jpeg?fit=600%2C610\" src=\"https:\/\/i0.wp.com\/blogdalucianaoliveira.com.br\/blog\/wp-content\/uploads\/2016\/06\/image-130.jpeg?resize=600%2C610\" alt=\"image\" width=\"600\" height=\"610\" class=\"alignnone size-full wp-image-2025\" srcset=\"https:\/\/i0.wp.com\/blogdalucianaoliveira.com.br\/blog\/wp-content\/uploads\/2016\/06\/image-130.jpeg?w=702 702w, https:\/\/i0.wp.com\/blogdalucianaoliveira.com.br\/blog\/wp-content\/uploads\/2016\/06\/image-130.jpeg?resize=295%2C300 295w\" sizes=\"auto, (max-width: 600px) 100vw, 600px\" \/><\/p>\n<p>Bras\u00edlia 247 &#8211; O PSC, do l\u00edder do governo Temer na C\u00e2mara, Andr\u00e9 Moura, indicou o General Peternelli para o cargo de presidente da Funda\u00e7\u00e3o Nacional do \u00cdndio (Funai). Informa\u00e7\u00e3o foi divulgada pelo deputado federal Paulo Pimenta (PT-RS). <!--more--><\/p>\n<p>&#8220;Peternelli foi indicado por Andr\u00e9 Moura e Romero Juc\u00e1. \u00c9 um reacion\u00e1rio que pretende destruir as conquistas e avan\u00e7os da pol\u00edtica indigenista&#8221;, criticou Pimenta em seu perfil no Twitter.<\/p>\n<p>General Peternelli foi candidato a deputado federal pelo PSC de S\u00e3o Paulo nas elei\u00e7\u00f5es de 2014, mas n\u00e3o chegou a ser eleito. Em suas redes sociais, prega elogios \u00e0 ditadura militar e critica pensamento de esquerda.<\/p>\n","protected":false},"excerpt":{"rendered":"<p>Bras\u00edlia 247 &#8211; O PSC, do l\u00edder do governo Temer na C\u00e2mara, Andr\u00e9 Moura, indicou o General Peternelli para o cargo de presidente da Funda\u00e7\u00e3o Nacional do \u00cdndio (Funai). Informa\u00e7\u00e3o foi divulgada pelo deputado federal Paulo Pimenta (PT-RS).<\/p>\n","protected":false},"author":1,"featured_media":0,"comment_status":"closed","ping_status":"open","sticky":false,"template":"","format":"standard","meta":{"_exactmetrics_skip_tracking":false,"_exactmetrics_sitenote_active":false,"_exactmetrics_sitenote_note":"","_exactmetrics_sitenote_category":0,"jetpack_post_was_ever_published":false,"_jetpack_newsletter_access":"","_jetpack_dont_email_post_to_subs":false,"_jetpack_newsletter_tier_id":0,"_jetpack_memberships_contains_paywalled_content":false,"_jetpack_memberships_contains_paid_content":false,"footnotes":"","jetpack_publicize_message":"","jetpack_publicize_feature_enabled":true,"jetpack_social_post_already_shared":true,"jetpack_social_options":{"image_generator_settings":{"template":"highway","enabled":false},"version":2}},"categories":[1],"tags":[],"class_list":["post-2024","post","type-post","status-publish","format-standard","hentry","category-notas"],"jetpack_publicize_connections":[],"jetpack_sharing_enabled":true,"jetpack_featured_media_url":"","jetpack_shortlink":"https:\/\/wp.me\/p7wKYW-wE","jetpack-related-posts":[],"_links":{"self":[{"href":"http:\/\/blogdalucianaoliveira.com.br\/blog\/wp-json\/wp\/v2\/posts\/2024","targetHints":{"allow":["GET"]}}],"collection":[{"href":"http:\/\/blogdalucianaoliveira.com.br\/blog\/wp-json\/wp\/v2\/posts"}],"about":[{"href":"http:\/\/blogdalucianaoliveira.com.br\/blog\/wp-json\/wp\/v2\/types\/post"}],"author":[{"embeddable":true,"href":"http:\/\/blogdalucianaoliveira.com.br\/blog\/wp-json\/wp\/v2\/users\/1"}],"replies":[{"embeddable":true,"href":"http:\/\/blogdalucianaoliveira.com.br\/blog\/wp-json\/wp\/v2\/comments?post=2024"}],"version-history":[{"count":3,"href":"http:\/\/blogdalucianaoliveira.com.br\/blog\/wp-json\/wp\/v2\/posts\/2024\/revisions"}],"predecessor-version":[{"id":2029,"href":"http:\/\/blogdalucianaoliveira.com.br\/blog\/wp-json\/wp\/v2\/posts\/2024\/revisions\/2029"}],"wp:attachment":[{"href":"http:\/\/blogdalucianaoliveira.com.br\/blog\/wp-json\/wp\/v2\/media?parent=2024"}],"wp:term":[{"taxonomy":"category","embeddable":true,"href":"http:\/\/blogdalucianaoliveira.com.br\/blog\/wp-json\/wp\/v2\/categories?post=2024"},{"taxonomy":"post_tag","embeddable":true,"href":"http:\/\/blogdalucianaoliveira.com.br\/blog\/wp-json\/wp\/v2\/tags?post=2024"}],"curies":[{"name":"wp","href":"https:\/\/api.w.org\/{rel}","templated":true}]}}