{"id":20242,"date":"2019-01-26T07:56:42","date_gmt":"2019-01-26T11:56:42","guid":{"rendered":"http:\/\/blogdalucianaoliveira.com.br\/blog\/?p=20242"},"modified":"2019-01-26T07:56:42","modified_gmt":"2019-01-26T11:56:42","slug":"brumandinho-luta-contra-o-tempo-em-busca-dos-desaparecidos-sob-a-lama","status":"publish","type":"post","link":"http:\/\/blogdalucianaoliveira.com.br\/blog\/2019\/01\/26\/brumandinho-luta-contra-o-tempo-em-busca-dos-desaparecidos-sob-a-lama\/","title":{"rendered":"Brumandinho luta contra o tempo em busca dos desaparecidos sob a lama"},"content":{"rendered":"<p><img data-recalc-dims=\"1\" loading=\"lazy\" decoding=\"async\" data-attachment-id=\"20243\" data-permalink=\"http:\/\/blogdalucianaoliveira.com.br\/blog\/2019\/01\/26\/brumandinho-luta-contra-o-tempo-em-busca-dos-desaparecidos-sob-a-lama\/b888592f-e29a-4f20-a131-43196d472b6e\/\" data-orig-file=\"https:\/\/i0.wp.com\/blogdalucianaoliveira.com.br\/blog\/wp-content\/uploads\/2019\/01\/B888592F-E29A-4F20-A131-43196D472B6E.jpeg?fit=768%2C300\" data-orig-size=\"768,300\" data-comments-opened=\"0\" data-image-meta=\"{&quot;aperture&quot;:&quot;0&quot;,&quot;credit&quot;:&quot;&quot;,&quot;camera&quot;:&quot;&quot;,&quot;caption&quot;:&quot;&quot;,&quot;created_timestamp&quot;:&quot;0&quot;,&quot;copyright&quot;:&quot;&quot;,&quot;focal_length&quot;:&quot;0&quot;,&quot;iso&quot;:&quot;0&quot;,&quot;shutter_speed&quot;:&quot;0&quot;,&quot;title&quot;:&quot;&quot;,&quot;orientation&quot;:&quot;0&quot;}\" data-image-title=\"B888592F-E29A-4F20-A131-43196D472B6E\" data-image-description=\"\" data-image-caption=\"\" data-medium-file=\"https:\/\/i0.wp.com\/blogdalucianaoliveira.com.br\/blog\/wp-content\/uploads\/2019\/01\/B888592F-E29A-4F20-A131-43196D472B6E.jpeg?fit=300%2C117\" data-large-file=\"https:\/\/i0.wp.com\/blogdalucianaoliveira.com.br\/blog\/wp-content\/uploads\/2019\/01\/B888592F-E29A-4F20-A131-43196D472B6E.jpeg?fit=600%2C234\" class=\"alignnone size-full wp-image-20243\" src=\"https:\/\/i0.wp.com\/blogdalucianaoliveira.com.br\/blog\/wp-content\/uploads\/2019\/01\/B888592F-E29A-4F20-A131-43196D472B6E.jpeg?resize=600%2C234\" alt=\"B888592F-E29A-4F20-A131-43196D472B6E\" width=\"600\" height=\"234\" srcset=\"https:\/\/i0.wp.com\/blogdalucianaoliveira.com.br\/blog\/wp-content\/uploads\/2019\/01\/B888592F-E29A-4F20-A131-43196D472B6E.jpeg?w=768 768w, https:\/\/i0.wp.com\/blogdalucianaoliveira.com.br\/blog\/wp-content\/uploads\/2019\/01\/B888592F-E29A-4F20-A131-43196D472B6E.jpeg?resize=300%2C117 300w\" sizes=\"auto, (max-width: 600px) 100vw, 600px\" \/><\/p>\n<p>Rompimento de barragem da Vale em Minas, tr\u00eas anos ap\u00f3s Mariana, p\u00f5e Brasil de joelhos diante das falhas de seguran\u00e7a e prote\u00e7\u00e3o ambiental na minera\u00e7\u00e3o. Ao menos sete pessoas morreram e 150 est\u00e3o desaparecidas. &#8220;Como posso dizer que aprendemos com Mariana?&#8221;, diz presidente da multinacional<!--more--><\/p>\n<p>No El Pa\u00eds<\/p>\n<p>O Brasil cai de joelhos de novo em Minas Gerais. Uma barragem em Brumadinho, na grande Belo Horizonte, rompeu espalhando morte. A estrutura era de responsabilidade da mineradora Vale, que j\u00e1 esteve no olho do furac\u00e3o em 2015 quando uma represa tamb\u00e9m ligada \u00e0 companhia em Mariana, no mesmo Estado, cedeu, e matou 19 pessoas, al\u00e9m de deixar sequelas, algumas irrepar\u00e1veis, no meio ambiente. Tr\u00eas anos depois, o pa\u00eds assiste nesta sexta-feira, consternado, a um novo desastre ainda mais grave, que j\u00e1 matou ao menos 7 pessoas e hospitalizou outras cinco. Bombeiros buscam sob a tonelada de lama ao menos 150 desaparecidos. \u201cCom enorme pesar dizemos que isto \u00e9 uma enorme trag\u00e9dia, que nos pegou totalmente de surpresa. Estou completamente dilacerado com o que aconteceu\u201d, disse Fabio Schvartsman, presidente da Vale. Havia pouco mais de 400 pessoas, entre funcion\u00e1rios e terceirizados, no momento do acidente. Era a hora do almo\u00e7o, e parte do empregados estava no refeit\u00f3rio da empresa. \u201cO restaurante e um pr\u00e9dio administrativo foram soterrados\u201d, reconheceu o executivo, que est\u00e1 desde 2017 no comando da mineradora.<\/p>\n<div id=\"cuerpo_noticia\" class=\"articulo-cuerpo\">\n<p>Uma grande opera\u00e7\u00e3o de atendimento e resgate est\u00e1 montada na regi\u00e3o de Brumadinho. Ao menos 172 funcion\u00e1rios da Vale j\u00e1 est\u00e3o a salvo enquanto os bombeiros dizem ter resgatado ao menos 100 pessoas ilhadas pela lama e outras 9 j\u00e1 soterradas pelo rejeitos da minera\u00e7\u00e3o. Na manh\u00e3 deste s\u00e1bado, o presidente <a href=\"https:\/\/brasil.elpais.com\/tag\/jair_messias_bolsonaro\">Jair Bolsonaro<\/a> e parte de sua equipe far\u00e3o um sobrevoo pelo local da trag\u00e9dia e, quando regressar da viagem, ainda em Belo Horizonte, dever\u00e1 anunciar novas a\u00e7\u00f5es por parte da Uni\u00e3o. &#8220;Depois de Mariana, a gente esperava que n\u00e3o tivesse uma outra (trag\u00e9dia). Mas infelizmente temos esse problema agora\u201d, disse o novo presidente, que far\u00e1 essa passagem por Minas antes de fazer, na segunda-feira, uma cirurgia para a retirada da bolsa de colostomia, sequela do atentado a faca que sofreu em setembro passado.<\/p>\n<p>Assim que soube do <a href=\"https:\/\/brasil.elpais.com\/brasil\/2019\/01\/25\/politica\/1548431899_158139.html\">incidente em Brumadinho<\/a>, o Governo Bolsonaro instaurou um gabinete de crise e determinou o envio de contingente militar lotado em Juiz de Fora para ajudar no socorro de v\u00edtimas e nas a\u00e7\u00f5es da Defesa Civil. Conforme o Pal\u00e1cio do Planalto, tr\u00eas ministros tamb\u00e9m seguiram para Minas Gerais para avaliar o tamanho do desastre: Ricardo Salles (Meio Ambiente), Gustavo Canuto (Desenvolvimento Regional) e Bento Albuquerque (Minas e Energia).<\/p>\n<p>Ainda sobram perguntas sobre o que aconteceu em Minas Gerais, mas o certo \u00e9 que o acidente elevou a temperatura de um debate sobre a abordagem do Governo Bolsonaro para a gest\u00e3o e prote\u00e7\u00e3o ambiental. O presidente brasileiro sempre demonstrou desd\u00e9m pelo assunto e chegou a cogitar o fim do minist\u00e9rio do Meio Ambiente. Seu Governo j\u00e1 se mostrou favor\u00e1vel \u00e0 inten\u00e7\u00e3o flexibilizar o licenciamento ambiental e dar mais autonomia \u00e0s empresas para a gest\u00e3o de projetos que demandem gest\u00e3o de recursos naturais.<\/p>\n<section id=\"sumario_2|foto\" class=\"sumario_foto centro\"><a name=\"sumario_2\"><\/a><\/p>\n<div class=\"sumario__interior\">\n<figure class=\"foto foto_w980\"><img data-recalc-dims=\"1\" loading=\"lazy\" decoding=\"async\" src=\"https:\/\/i0.wp.com\/ep01.epimg.net\/brasil\/imagenes\/2019\/01\/26\/politica\/1548458431_109220_1548463978_sumario_normal.jpg?resize=600%2C362&#038;ssl=1\" srcset=\"https:\/\/ep01.epimg.net\/brasil\/imagenes\/2019\/01\/26\/politica\/1548458431_109220_1548463978_sumario_normal_recorte1.jpg 1960w, https:\/\/ep01.epimg.net\/brasil\/imagenes\/2019\/01\/26\/politica\/1548458431_109220_1548463978_sumario_normal_recorte2.jpg 720w, https:\/\/ep01.epimg.net\/brasil\/imagenes\/2019\/01\/26\/politica\/1548458431_109220_1548463978_sumario_normal.jpg 980w\" alt=\"Imagem do rep\u00f3rter fotogr\u00e1fico Alexandre Ara\u00fajo, que sobrevoou a \u00e1rea em helic\u00f3ptero dos bombeiros.\" width=\"600\" height=\"362\" \/><figcaption class=\"foto-pie\"><span class=\"foto-texto\">Imagem do rep\u00f3rter fotogr\u00e1fico Alexandre Ara\u00fajo, que sobrevoou a \u00e1rea em helic\u00f3ptero dos bombeiros.<\/span><span class=\"foto-firma\"><span class=\"foto-autor\">ALEXANDRE ARA\u00daJO<\/span><\/span><\/figcaption><\/figure>\n<div class=\"sumario-texto\"><\/div>\n<\/div>\n<\/section>\n<h3>Licenciamento e alertas de ambientalistas<\/h3>\n<p>O caso da Vale, al\u00e9m de tudo, \u00e9 emblem\u00e1tico. A barragem de Brumadinho estava em vias de ser desativada\u00a0\u2013de fato, segundo a companhia, desde 2015 n\u00e3o recebia novos rejeitos da minera\u00e7\u00e3o\u2013 e tinha uma licen\u00e7a ambiental desde dezembro, concedida pela estadual Secretaria de Estado de Meio e Desenvolvimento Sustent\u00e1vel (Semad). \u201cO empreendimento, e tamb\u00e9m a barragem, est\u00e3o devidamente licenciados, sendo que, em dezembro de 2018, obteve licen\u00e7a para o reaproveitamento dos rejeitos dispostos na barragem e para seu descomissionamento (encerramento de atividades)\u201d, afirmou a Semad. Segundo o presidente da Vale, a barragem havia sido auditada por consultorias que atestavam estabilidade, e a empresa fazia revis\u00f5es peri\u00f3dicas da estrutura. Uma das companhias que a auditaram foi a alem\u00e3 Tuv Sud, segundo Fabio Schwartsman. A empresa contava ainda com um sistema de sirenes de emerg\u00eancia para avisar potenciais perigos, mas h\u00e1 d\u00favidas se elas funcionaram durante o acidente. Os primeiros relatos ouvidos pelos bombeiros \u00e9 de que n\u00e3o houve alerta sonoro antes do tsunami de lama.<\/p>\n<p>Os ambientalistas e ativistas da regi\u00e3o contestam tanto a Semad quanto a Vale sobre a situa\u00e7\u00e3o da represa. Afirmam que h\u00e1 anos denunciavam <a href=\"https:\/\/brasil.elpais.com\/brasil\/2019\/01\/25\/politica\/1548443780_104893.html?%3Fid_externo_rsoc=TW_BR_CM\">os problemas da barragem, constru\u00edda com a t\u00e9cnica mais barata e considerada menos segura, segundo os especialistas<\/a>. &#8220;Se a lei proibisse a constru\u00e7\u00e3o de barragens \u00e0 montante (feita com os pr\u00f3prios rejeitos) acima de comunidades humanas, como fazem muitos pa\u00edses, ter\u00edamos menos desastres&#8221;, afirma Guilherme Meneghin, promotor respons\u00e1vel pelo caso do desastre de Mariana.<\/p>\n<p>O panorama de Brumandinho est\u00e1 longe de ser isolado, ou um problema do atual Governo. S\u00f3 em Minas Gerais h\u00e1 cerca de 450 barragens e ao menos 22 delas n\u00e3o t\u00eam garantia de estabilidade. A ex-senadora Marina Silva foi uma das vozes que elevaram o tom para apontar o erro do Brasil na gest\u00e3o p\u00fablica e privada com recursos naturais. \u201cDepois de 3 anos do grave crime ambiental em Mariana, <a href=\"https:\/\/brasil.elpais.com\/brasil\/2019\/01\/25\/politica\/1548443780_104893.html?%3Fid_externo_rsoc=TW_BR_CM\">com investiga\u00e7\u00f5es ainda n\u00e3o conclu\u00eddas e respons\u00e1veis punidos<\/a>, a hist\u00f3ria se repete como trag\u00e9dia em Brumadinho. \u00c9 inadmiss\u00edvel que o poder p\u00fablico e empresas mineradoras n\u00e3o tenham aprendido nada\u201d, escreveu ela eu seu Twitter. &#8220;Como posso dizer que aprendemos ap\u00f3s o acidente de Mariana?&#8221;, disse tamb\u00e9m o pr\u00f3prio CEO da Vale, que viu as a\u00e7\u00f5es da empresa despencarem nas bolsas no Brasil e no exterior. Segundo o canal GloboNews, o Governo de Minas conseguiu na Justi\u00e7a uma decis\u00e3o que obriga a empresa a ajudar no resgates e congela um bilh\u00e3o de reais das contas da multinacional.<\/p>\n<section id=\"sumario_3|foto\" class=\"sumario_foto centro\"><a name=\"sumario_3\"><\/a><\/p>\n<div class=\"sumario__interior\">\n<figure class=\"foto foto_w980\"><img data-recalc-dims=\"1\" loading=\"lazy\" decoding=\"async\" src=\"https:\/\/i0.wp.com\/ep01.epimg.net\/brasil\/imagenes\/2019\/01\/26\/politica\/1548458431_109220_1548464164_sumario_normal.jpg?resize=600%2C309&#038;ssl=1\" srcset=\"https:\/\/ep01.epimg.net\/brasil\/imagenes\/2019\/01\/26\/politica\/1548458431_109220_1548464164_sumario_normal_recorte1.jpg 1960w, https:\/\/ep01.epimg.net\/brasil\/imagenes\/2019\/01\/26\/politica\/1548458431_109220_1548464164_sumario_normal_recorte2.jpg 720w, https:\/\/ep01.epimg.net\/brasil\/imagenes\/2019\/01\/26\/politica\/1548458431_109220_1548464164_sumario_normal.jpg 980w\" alt=\"Bolsonaro, que visita neste s\u00e1bado a \u00e1rea afetada.\" width=\"600\" height=\"309\" \/><figcaption class=\"foto-pie\"><span class=\"foto-texto\">Bolsonaro, que visita neste s\u00e1bado a \u00e1rea afetada.<\/span><span class=\"foto-firma\"><span class=\"foto-autor\">HANDOUT<\/span> <span class=\"foto-agencia\">REUTERS<\/span><\/span><\/figcaption><\/figure>\n<div class=\"sumario-texto\"><\/div>\n<\/div>\n<\/section>\n<p>Para Marina Silva, ex-ministra do Meio Ambiente, acidentes como este n\u00e3o s\u00e3o casuais. \u201cTrag\u00e9dias dessa magnitude n\u00e3o s\u00e3o acidentes, s\u00e3o crimes\u201d, disse ela \u00e0 revista <em>\u00c9poca,<\/em> um lema que correu as redes sociais. &#8220;Que a trag\u00e9dia de Brumadinho abra os olhos do Governo. Meio ambiente n\u00e3o \u00e9 zoeira de esquerda: \u00e9 respeito \u00e0 vida das pessoas e do planeta. O Governo deve regular e fiscalizar com mais energia sem demonizar quem disso se ocupa&#8221;, escreveu o ex-presidente <a href=\"https:\/\/brasil.elpais.com\/tag\/fernando_henrique_cardoso\">Fernando Henrique Cardoso<\/a> no Twitter.<\/p>\n<p>\u00c0 medida que passava o tempo, a trag\u00e9dia de Brumandinho ia ganhando mais detalhes. Segundo as autoridades, n\u00e3o foi apenas uma barragem a se romper, mas tr\u00eas no complexo: o primeiro estouro de lama levou a que mais duas represas cedessem. At\u00e9 a publica\u00e7\u00e3o desta reportagem, n\u00e3o havia uma lista oficial com o nome de desaparecidos. A ang\u00fastia corria por telefone e grupos de WhatsApp na regi\u00e3o, que trocavam informa\u00e7\u00f5es sobre as tentativas de contato. &#8220;Muito provavelmente iremos resgatar somente corpos&#8221;, disse o governador de Minas, Romeu Zema.<\/p>\n<section id=\"sumario_4|foto\" class=\"sumario_foto centro\"><a name=\"sumario_4\"><\/a><\/p>\n<div class=\"sumario__interior\">\n<figure class=\"foto foto_w980\"><img data-recalc-dims=\"1\" loading=\"lazy\" decoding=\"async\" src=\"https:\/\/i0.wp.com\/ep01.epimg.net\/brasil\/imagenes\/2019\/01\/26\/politica\/1548458431_109220_1548464277_sumario_normal.jpg?resize=600%2C358&#038;ssl=1\" srcset=\"https:\/\/ep01.epimg.net\/brasil\/imagenes\/2019\/01\/26\/politica\/1548458431_109220_1548464277_sumario_normal_recorte1.jpg 1960w, https:\/\/ep01.epimg.net\/brasil\/imagenes\/2019\/01\/26\/politica\/1548458431_109220_1548464277_sumario_normal_recorte2.jpg 720w, https:\/\/ep01.epimg.net\/brasil\/imagenes\/2019\/01\/26\/politica\/1548458431_109220_1548464277_sumario_normal.jpg 980w\" alt=\"O CEO da Vale, Fabio Schvartsman, lamentou trag\u00e9dia.\" width=\"600\" height=\"358\" \/><figcaption class=\"foto-pie\"><span class=\"foto-texto\">O CEO da Vale, Fabio Schvartsman, lamentou trag\u00e9dia.<\/span><span class=\"foto-firma\"><span class=\"foto-autor\">PILAR OLIVARES<\/span> <span class=\"foto-agencia\">REUTERS<\/span><\/span><\/figcaption><\/figure>\n<div class=\"sumario-texto\"><\/div>\n<\/div>\n<\/section>\n<\/div>\n<div class=\"articulo-trust\"><\/div>\n","protected":false},"excerpt":{"rendered":"<p>Rompimento de barragem da Vale em Minas, tr\u00eas anos ap\u00f3s Mariana, p\u00f5e Brasil de joelhos diante das falhas de seguran\u00e7a e prote\u00e7\u00e3o ambiental na minera\u00e7\u00e3o. Ao menos sete pessoas morreram e 150 est\u00e3o desaparecidas. &#8220;Como posso dizer que aprendemos com Mariana?&#8221;, diz presidente da multinacional<\/p>\n","protected":false},"author":1,"featured_media":0,"comment_status":"closed","ping_status":"open","sticky":false,"template":"","format":"standard","meta":{"_exactmetrics_skip_tracking":false,"_exactmetrics_sitenote_active":false,"_exactmetrics_sitenote_note":"","_exactmetrics_sitenote_category":0,"jetpack_post_was_ever_published":false,"_jetpack_newsletter_access":"","_jetpack_dont_email_post_to_subs":false,"_jetpack_newsletter_tier_id":0,"_jetpack_memberships_contains_paywalled_content":false,"_jetpack_memberships_contains_paid_content":false,"footnotes":"","jetpack_publicize_message":"","jetpack_publicize_feature_enabled":true,"jetpack_social_post_already_shared":true,"jetpack_social_options":{"image_generator_settings":{"template":"highway","enabled":false},"version":2}},"categories":[1],"tags":[],"class_list":["post-20242","post","type-post","status-publish","format-standard","hentry","category-notas"],"jetpack_publicize_connections":[],"jetpack_sharing_enabled":true,"jetpack_featured_media_url":"","jetpack_shortlink":"https:\/\/wp.me\/p7wKYW-5gu","jetpack-related-posts":[],"_links":{"self":[{"href":"http:\/\/blogdalucianaoliveira.com.br\/blog\/wp-json\/wp\/v2\/posts\/20242","targetHints":{"allow":["GET"]}}],"collection":[{"href":"http:\/\/blogdalucianaoliveira.com.br\/blog\/wp-json\/wp\/v2\/posts"}],"about":[{"href":"http:\/\/blogdalucianaoliveira.com.br\/blog\/wp-json\/wp\/v2\/types\/post"}],"author":[{"embeddable":true,"href":"http:\/\/blogdalucianaoliveira.com.br\/blog\/wp-json\/wp\/v2\/users\/1"}],"replies":[{"embeddable":true,"href":"http:\/\/blogdalucianaoliveira.com.br\/blog\/wp-json\/wp\/v2\/comments?post=20242"}],"version-history":[{"count":1,"href":"http:\/\/blogdalucianaoliveira.com.br\/blog\/wp-json\/wp\/v2\/posts\/20242\/revisions"}],"predecessor-version":[{"id":20244,"href":"http:\/\/blogdalucianaoliveira.com.br\/blog\/wp-json\/wp\/v2\/posts\/20242\/revisions\/20244"}],"wp:attachment":[{"href":"http:\/\/blogdalucianaoliveira.com.br\/blog\/wp-json\/wp\/v2\/media?parent=20242"}],"wp:term":[{"taxonomy":"category","embeddable":true,"href":"http:\/\/blogdalucianaoliveira.com.br\/blog\/wp-json\/wp\/v2\/categories?post=20242"},{"taxonomy":"post_tag","embeddable":true,"href":"http:\/\/blogdalucianaoliveira.com.br\/blog\/wp-json\/wp\/v2\/tags?post=20242"}],"curies":[{"name":"wp","href":"https:\/\/api.w.org\/{rel}","templated":true}]}}