{"id":20245,"date":"2019-01-26T08:05:36","date_gmt":"2019-01-26T12:05:36","guid":{"rendered":"http:\/\/blogdalucianaoliveira.com.br\/blog\/?p=20245"},"modified":"2019-01-26T08:05:36","modified_gmt":"2019-01-26T12:05:36","slug":"desastre-atinge-em-cheio-politica-desambiental-de-bolsonaro","status":"publish","type":"post","link":"http:\/\/blogdalucianaoliveira.com.br\/blog\/2019\/01\/26\/desastre-atinge-em-cheio-politica-desambiental-de-bolsonaro\/","title":{"rendered":"Desastre atinge em cheio pol\u00edtica \u201cdesambiental\u201d de Bolsonaro"},"content":{"rendered":"<p><img data-recalc-dims=\"1\" loading=\"lazy\" decoding=\"async\" data-attachment-id=\"20246\" data-permalink=\"http:\/\/blogdalucianaoliveira.com.br\/blog\/2019\/01\/26\/desastre-atinge-em-cheio-politica-desambiental-de-bolsonaro\/699ed5c8-5030-40f3-ad71-63c0f2903ee5\/\" data-orig-file=\"https:\/\/i0.wp.com\/blogdalucianaoliveira.com.br\/blog\/wp-content\/uploads\/2019\/01\/699ED5C8-5030-40F3-AD71-63C0F2903EE5.jpeg?fit=666%2C375\" data-orig-size=\"666,375\" data-comments-opened=\"0\" data-image-meta=\"{&quot;aperture&quot;:&quot;0&quot;,&quot;credit&quot;:&quot;&quot;,&quot;camera&quot;:&quot;&quot;,&quot;caption&quot;:&quot;&quot;,&quot;created_timestamp&quot;:&quot;0&quot;,&quot;copyright&quot;:&quot;&quot;,&quot;focal_length&quot;:&quot;0&quot;,&quot;iso&quot;:&quot;0&quot;,&quot;shutter_speed&quot;:&quot;0&quot;,&quot;title&quot;:&quot;&quot;,&quot;orientation&quot;:&quot;0&quot;}\" data-image-title=\"699ED5C8-5030-40F3-AD71-63C0F2903EE5\" data-image-description=\"\" data-image-caption=\"\" data-medium-file=\"https:\/\/i0.wp.com\/blogdalucianaoliveira.com.br\/blog\/wp-content\/uploads\/2019\/01\/699ED5C8-5030-40F3-AD71-63C0F2903EE5.jpeg?fit=300%2C169\" data-large-file=\"https:\/\/i0.wp.com\/blogdalucianaoliveira.com.br\/blog\/wp-content\/uploads\/2019\/01\/699ED5C8-5030-40F3-AD71-63C0F2903EE5.jpeg?fit=600%2C338\" src=\"https:\/\/i0.wp.com\/blogdalucianaoliveira.com.br\/blog\/wp-content\/uploads\/2019\/01\/699ED5C8-5030-40F3-AD71-63C0F2903EE5.jpeg?resize=600%2C338\" alt=\"699ED5C8-5030-40F3-AD71-63C0F2903EE5\" width=\"600\" height=\"338\" class=\"alignnone size-full wp-image-20246\" srcset=\"https:\/\/i0.wp.com\/blogdalucianaoliveira.com.br\/blog\/wp-content\/uploads\/2019\/01\/699ED5C8-5030-40F3-AD71-63C0F2903EE5.jpeg?w=666 666w, https:\/\/i0.wp.com\/blogdalucianaoliveira.com.br\/blog\/wp-content\/uploads\/2019\/01\/699ED5C8-5030-40F3-AD71-63C0F2903EE5.jpeg?resize=300%2C169 300w, https:\/\/i0.wp.com\/blogdalucianaoliveira.com.br\/blog\/wp-content\/uploads\/2019\/01\/699ED5C8-5030-40F3-AD71-63C0F2903EE5.jpeg?resize=533%2C300 533w\" sizes=\"auto, (max-width: 600px) 100vw, 600px\" \/><em><\/em><\/p>\n<p>No Tijola\u00e7o &#8211; Escrevi, antes, sobre a explora\u00e7\u00e3o que tenta fazer o General Mour\u00e3o da \u201cinoc\u00eancia\u201d do Governo Bolsonaro no caso do rompimento da barragem de Brumadinho.<!--more--><\/p>\n<p>E \u00e9 verdade que o novo governo n\u00e3o tem nenhuma responsabilidade sobre a trag\u00e9dia que se passou com o deslizamento de lama, que ainda n\u00e3o mostrou seus horrendos n\u00fameros definitivamente e talvez n\u00e3o venha a mostrar, at\u00e9 pela dificuldade de resgatar corpos soterrados a muitos metros de profundidade.<\/p>\n<p>Mas h\u00e1 um ponto em que o deslizamento de milh\u00f5es de toneladas de rejeitos de minera\u00e7\u00e3o atingiram \u2013 al\u00e9m da natureza, casas e pessoas \u2013 os projetos insanos do governo que se inicia.<\/p>\n<p>Diante das primeiras evid\u00eancias que  houve \u2013 com consequ\u00eancias ainda n\u00e3o esclarecidas \u2013 uma aprova\u00e7\u00e3o a toque de caixa da amplia\u00e7\u00e3o da capacidade de produ\u00e7\u00e3o da mina \u2013 algo t\u00e3o prov\u00e1vel que, antes de todas as informa\u00e7\u00f5es, j\u00e1 se aventara aqui \u2013 a inten\u00e7\u00e3o bolsonarista de eliminar ou transformar em mera e r\u00e1pida formalidade os processos de licenciamento ambiental vai demorar muito tempo at\u00e9 poder colocar suas m\u00e3os acima da lama de Brumadinho.<\/p>\n<p>Nem tanto porque as consci\u00eancias ambiciosas, p\u00fablicas ou privadas, tenham se comovido, mas porque se evidenciou, de maneira tragicamente did\u00e1tica, que \u00e9 preciso cuidar com rigor dos inevit\u00e1veis danos e riscos ambientais e humanos de processos industriais de porte significativo.<\/p>\n<p>Sobrev\u00f4os e \u201cgrupos de emerg\u00eancia\u201d diante do desastre n\u00e3o s\u00e3o novidade nem representam mais do que a demonstra\u00e7\u00e3o \u2013 tardia ou hip\u00f3crita \u2013 de minimizar o dano que antes se assumiu causar.<\/p>\n<p>Na pr\u00e1tica, por\u00e9m, o efeito sobre o governo, por conta do impacto na opini\u00e3o p\u00fablica, aqui e l\u00e1 fora, ser\u00e1 o de frear, ao menos temporariamente, o processo de libera\u00e7\u00e3o da fome de lucros empresarial, que gasta alguns milh\u00f5es imprimindo cadernos em papel couchet sobre sua responsabilidade social e ambiental mas n\u00e3o hesita em viol\u00e1-la por alguns bilh\u00f5es que lhes vir\u00e3o da explora\u00e7\u00e3o predat\u00f3ria.<\/p>\n<p>Empresas privadas \u2013 ao contr\u00e1rio das estatais, onde o corpo t\u00e9cnico tem garantias e identidade \u2013 avaliam projetos minimizando riscos. Se o estado n\u00e3o interferir, controlando e fiscalizando (o que \u00e9 muito mais dif\u00edcil quando a minimiza\u00e7\u00e3o do risco n\u00e3o vem desde o ber\u00e7o dos projetos) \u00e9 inevit\u00e1vel que trag\u00e9dias se sucedam.<\/p>\n<p>Neste aspecto, a lama de Brumadinho pode ter feito, ainda que fr\u00e1gil  tempor\u00e1ria, uma barragem contra a explora\u00e7\u00e3o voraz e temer\u00e1ria que esta gente, ao colocar o dinheiro acima de todos e o lucro acima de tudo, pratica contra o Brasil.<\/p>\n","protected":false},"excerpt":{"rendered":"<p>No Tijola\u00e7o &#8211; Escrevi, antes, sobre a explora\u00e7\u00e3o que tenta fazer o General Mour\u00e3o da \u201cinoc\u00eancia\u201d do Governo Bolsonaro no caso do rompimento da barragem de Brumadinho.<\/p>\n","protected":false},"author":1,"featured_media":0,"comment_status":"closed","ping_status":"open","sticky":false,"template":"","format":"standard","meta":{"_exactmetrics_skip_tracking":false,"_exactmetrics_sitenote_active":false,"_exactmetrics_sitenote_note":"","_exactmetrics_sitenote_category":0,"jetpack_post_was_ever_published":false,"_jetpack_newsletter_access":"","_jetpack_dont_email_post_to_subs":false,"_jetpack_newsletter_tier_id":0,"_jetpack_memberships_contains_paywalled_content":false,"_jetpack_memberships_contains_paid_content":false,"footnotes":"","jetpack_publicize_message":"","jetpack_publicize_feature_enabled":true,"jetpack_social_post_already_shared":true,"jetpack_social_options":{"image_generator_settings":{"template":"highway","enabled":false},"version":2}},"categories":[1],"tags":[],"class_list":["post-20245","post","type-post","status-publish","format-standard","hentry","category-notas"],"jetpack_publicize_connections":[],"jetpack_sharing_enabled":true,"jetpack_featured_media_url":"","jetpack_shortlink":"https:\/\/wp.me\/p7wKYW-5gx","jetpack-related-posts":[],"_links":{"self":[{"href":"http:\/\/blogdalucianaoliveira.com.br\/blog\/wp-json\/wp\/v2\/posts\/20245","targetHints":{"allow":["GET"]}}],"collection":[{"href":"http:\/\/blogdalucianaoliveira.com.br\/blog\/wp-json\/wp\/v2\/posts"}],"about":[{"href":"http:\/\/blogdalucianaoliveira.com.br\/blog\/wp-json\/wp\/v2\/types\/post"}],"author":[{"embeddable":true,"href":"http:\/\/blogdalucianaoliveira.com.br\/blog\/wp-json\/wp\/v2\/users\/1"}],"replies":[{"embeddable":true,"href":"http:\/\/blogdalucianaoliveira.com.br\/blog\/wp-json\/wp\/v2\/comments?post=20245"}],"version-history":[{"count":1,"href":"http:\/\/blogdalucianaoliveira.com.br\/blog\/wp-json\/wp\/v2\/posts\/20245\/revisions"}],"predecessor-version":[{"id":20247,"href":"http:\/\/blogdalucianaoliveira.com.br\/blog\/wp-json\/wp\/v2\/posts\/20245\/revisions\/20247"}],"wp:attachment":[{"href":"http:\/\/blogdalucianaoliveira.com.br\/blog\/wp-json\/wp\/v2\/media?parent=20245"}],"wp:term":[{"taxonomy":"category","embeddable":true,"href":"http:\/\/blogdalucianaoliveira.com.br\/blog\/wp-json\/wp\/v2\/categories?post=20245"},{"taxonomy":"post_tag","embeddable":true,"href":"http:\/\/blogdalucianaoliveira.com.br\/blog\/wp-json\/wp\/v2\/tags?post=20245"}],"curies":[{"name":"wp","href":"https:\/\/api.w.org\/{rel}","templated":true}]}}