{"id":20248,"date":"2019-01-26T11:40:15","date_gmt":"2019-01-26T15:40:15","guid":{"rendered":"http:\/\/blogdalucianaoliveira.com.br\/blog\/?p=20248"},"modified":"2019-01-26T11:40:15","modified_gmt":"2019-01-26T15:40:15","slug":"populacao-mantem-clas-como-os-cassol-muleta-oliveira-moraes-donadon-carvalho-e-goncalves-ferreira-no-protagonismo-politico-de-rondonia","status":"publish","type":"post","link":"http:\/\/blogdalucianaoliveira.com.br\/blog\/2019\/01\/26\/populacao-mantem-clas-como-os-cassol-muleta-oliveira-moraes-donadon-carvalho-e-goncalves-ferreira-no-protagonismo-politico-de-rondonia\/","title":{"rendered":"Popula\u00e7\u00e3o mant\u00e9m cl\u00e3s como os Cassol, \u2018Muleta\u2019, Oliveira, Moraes, Donadon, Carvalho e Gon\u00e7alves Ferreira no protagonismo pol\u00edtico de Rond\u00f4nia"},"content":{"rendered":"<p><img data-recalc-dims=\"1\" loading=\"lazy\" decoding=\"async\" data-attachment-id=\"20249\" data-permalink=\"http:\/\/blogdalucianaoliveira.com.br\/blog\/2019\/01\/26\/populacao-mantem-clas-como-os-cassol-muleta-oliveira-moraes-donadon-carvalho-e-goncalves-ferreira-no-protagonismo-politico-de-rondonia\/662761fa-c1d6-41ab-aadd-fd416cb91449\/\" data-orig-file=\"https:\/\/i0.wp.com\/blogdalucianaoliveira.com.br\/blog\/wp-content\/uploads\/2019\/01\/662761FA-C1D6-41AB-AADD-FD416CB91449.jpeg?fit=960%2C640\" data-orig-size=\"960,640\" data-comments-opened=\"0\" data-image-meta=\"{&quot;aperture&quot;:&quot;0&quot;,&quot;credit&quot;:&quot;&quot;,&quot;camera&quot;:&quot;&quot;,&quot;caption&quot;:&quot;&quot;,&quot;created_timestamp&quot;:&quot;0&quot;,&quot;copyright&quot;:&quot;&quot;,&quot;focal_length&quot;:&quot;0&quot;,&quot;iso&quot;:&quot;0&quot;,&quot;shutter_speed&quot;:&quot;0&quot;,&quot;title&quot;:&quot;&quot;,&quot;orientation&quot;:&quot;1&quot;}\" data-image-title=\"662761FA-C1D6-41AB-AADD-FD416CB91449\" data-image-description=\"\" data-image-caption=\"\" data-medium-file=\"https:\/\/i0.wp.com\/blogdalucianaoliveira.com.br\/blog\/wp-content\/uploads\/2019\/01\/662761FA-C1D6-41AB-AADD-FD416CB91449.jpeg?fit=300%2C200\" data-large-file=\"https:\/\/i0.wp.com\/blogdalucianaoliveira.com.br\/blog\/wp-content\/uploads\/2019\/01\/662761FA-C1D6-41AB-AADD-FD416CB91449.jpeg?fit=600%2C400\" src=\"https:\/\/i0.wp.com\/blogdalucianaoliveira.com.br\/blog\/wp-content\/uploads\/2019\/01\/662761FA-C1D6-41AB-AADD-FD416CB91449.jpeg?resize=600%2C400\" alt=\"662761FA-C1D6-41AB-AADD-FD416CB91449\" width=\"600\" height=\"400\" class=\"alignnone size-full wp-image-20249\" srcset=\"https:\/\/i0.wp.com\/blogdalucianaoliveira.com.br\/blog\/wp-content\/uploads\/2019\/01\/662761FA-C1D6-41AB-AADD-FD416CB91449.jpeg?w=960 960w, https:\/\/i0.wp.com\/blogdalucianaoliveira.com.br\/blog\/wp-content\/uploads\/2019\/01\/662761FA-C1D6-41AB-AADD-FD416CB91449.jpeg?resize=300%2C200 300w, https:\/\/i0.wp.com\/blogdalucianaoliveira.com.br\/blog\/wp-content\/uploads\/2019\/01\/662761FA-C1D6-41AB-AADD-FD416CB91449.jpeg?resize=768%2C512 768w, https:\/\/i0.wp.com\/blogdalucianaoliveira.com.br\/blog\/wp-content\/uploads\/2019\/01\/662761FA-C1D6-41AB-AADD-FD416CB91449.jpeg?resize=450%2C300 450w\" sizes=\"auto, (max-width: 600px) 100vw, 600px\" \/><\/p>\n<p>Rond\u00f4nia Din\u00e2mica \u2013 Uma peculiaridade interessante na pol\u00edtica rondoniense \u00e9 a express\u00e3o da vontade dos eleitores no sentido de contribu\u00edrem para a perpetua\u00e7\u00e3o de conhecid\u00edssimos cl\u00e3s regionais no protagonismo do Poder \u2013 e nos mais variados cargos.<!--more--><\/p>\n<p>Exemplos n\u00e3o faltam: o ex-governador Ivo Cassol, ainda Senador da Rep\u00fablica pelo PP, emplacou a irm\u00e3, Jaqueline Cassol, tamb\u00e9m progressista, ao cargo de deputada federal. Cassol, embora tenha fama de \u201cdedo podre\u201d, ou seja, de azarar candidatos que eventualmente recebam o seu apoio em disputas eleitorais, incluindo familiares, obteve \u00eaxito no caso de Jaqueline em 2018.<\/p>\n<p>Os \u201cMuletas\u201d, cujo sobrenome \u00e9, na realidade, dos Santos, voltam \u00e0 Assembleia Legislativa (ALE\/RO) com C\u00e1ssia Gomes dos Santos, a C\u00e1ssia dos Muletas (Pode). C\u00e1ssia \u00e9 esposa do ex-deputado estadual Jo\u00e3o Batista dos Santos, o Jo\u00e3o da Muleta. A fam\u00edlia engloba outros atores da vida p\u00fablica j\u00e1 fora de atua\u00e7\u00e3o, a exemplo de Jos\u00e9 Amauri dos Santos, tamb\u00e9m ex-deputado, e Jos\u00e9 Joaquim dos Santos, o Zezinho do Maria Fuma\u00e7a, ambos irm\u00e3os de Jo\u00e3o. Al\u00e9m da \u00e1rvore geneal\u00f3gica, o trio tem em comum in\u00fameros problemas com a Justi\u00e7a, por conta disso C\u00e1ssia, o nome limpo da fam\u00edlia, foi lan\u00e7ada para concorrer ao pleito. O primeiro, deficiente f\u00edsico, chegou a ser chamado pela imprensa de \u201cJo\u00e3o da Mutreta\u201d dadas as reiteradas incurs\u00f5es nas penumbras il\u00edcitas do Legislativo \u00e0 \u00e9poca em que ocupou assento como parlamentar na Casa de Leis.<\/p>\n<p>Jean Carlos Scheffer Oliveira, o Jean de Oliveira, reeleito pela terceira vez como deputado estadual, e M\u00e1rcio Jos\u00e9 Scheffer de Oliveira, eleito vereador por Porto Velho em 2016, s\u00e3o filhos do ex-presidente da Assembleia Legislativa (ALE\/RO) Jos\u00e9 Carlos de Oliveira, o Carl\u00e3o de Oliveira. Carl\u00e3o tamb\u00e9m conserva um passado tumultuado em decorr\u00eancia do cargo exercido; no entanto, Jean e M\u00e1rcio seguiram por outros caminhos, longe de esc\u00e2ndalos e pol\u00eamicas reciclando, ao menos por ora, a atividade dos Oliveira em mandatos eletivos.<\/p>\n<p>O mesmo vale quando se aponta a carreira mete\u00f3rica do jovem deputado federal eleito L\u00e9o Moraes (Pode), com passagens bastante elogiadas tanto na ALE\/RO quanto na C\u00e2mara Municipal.<\/p>\n<p>Leonardo Barreto de Moraes \u00e9 filho do ex-secret\u00e1rio de Seguran\u00e7a P\u00fablica e ex-deputado estadual  Paulo Moraes, que faleceu no final de outubro de 2015, e da ex-presidente da C\u00e2mara de Vereadores de Porto Velho, Sandra Moraes. L\u00e9o Moraes atribui aos seus pais o aprendizado e o sucesso obtidos em seus mandatos, mantendo dist\u00e2ncia de problemas com o Minist\u00e9rio P\u00fablico (MP\/RO) e, consequentemente, longe da atua\u00e7\u00e3o do Poder Judici\u00e1rio.<\/p>\n<p>Esposa do condenad\u00edssimo Marcos Donadon, tamb\u00e9m ex-presidente do Legislativo envolvido em esc\u00e2ndalos de corrup\u00e7\u00e3o, e cunhada de Natan, o primeiro deputado federal a obter a proeza hist\u00f3rica de ser preso no exerc\u00edcio do mandato desde a Constitui\u00e7\u00e3o de 88, Ros\u00e2ngela reelegeu-se deputada estadual pelo PDT.<\/p>\n<p>J\u00e1 o ex-vice-governador, empres\u00e1rio e m\u00e9dico psiquiatra Apar\u00edcio Carvalho \u00e9 pai dos tucanos Mariana Carvalho, deputada federal reeleita, e do vereador ex-presidente da C\u00e2mara da Capital, Maur\u00edcio Carvalho, candidato a vice-governador derrotado nas elei\u00e7\u00f5es do ano passado na chapa composta com Expedito J\u00fanior, tamb\u00e9m do PSDB.<\/p>\n<p>Colecionando derrotas personal\u00edssimas desde a sua cassa\u00e7\u00e3o como senador da Rep\u00fablica, Expedito J\u00fanior, por sua vez, teve sucesso logo de cara ao eleger e reeleger o filho Expedito Goncalves Ferreira Netto, o Expedito Netto, hoje no PSD. Diferentemente de Cassol, o talento que n\u00e3o tem para si sobra quando o assunto \u00e9 passar a linha de chegada apoiando outras pessoas. Al\u00e9m do filho, \u00e9 respons\u00e1vel pela ascens\u00e3o de Hildon Chaves (PSDB) \u00e0 Prefeitura de Porto Velho.<\/p>\n<p>Vale lembrar que o casal Valdir e Marinha Raupp foi defenestrado nas urnas e, por conta disso, o outrora fort\u00edssimo sobrenome passa a se apagar paulatinamente de agora em diante na linha de frente, o que n\u00e3o impede a dupla de pleitear e ocupar cargos em quaisquer escal\u00f5es da Rep\u00fablica por conta de sua experi\u00eancia e dos relacionamentos conquistados em d\u00e9cadas de atua\u00e7\u00e3o pol\u00edtica ininterruptas \u2013 at\u00e9 agora.<\/p>\n<p>Os Gurgacz ainda se mant\u00eam no Congresso Nacional porque Acir, embora condenado pelo Supremo e cumprindo pena no semiaberto, n\u00e3o deve ser cassado por seus pares e, como fora obtida autoriza\u00e7\u00e3o para o trabalho, dever\u00e1 concluir seu mandato, que encerra apenas em 2022. Airton, seu tio, n\u00e3o conseguiu a reelei\u00e7\u00e3o como deputado estadual, portanto est\u00e1 fora do jogo a partir de fevereiro.<\/p>\n<p>Entre erros e acertos, a sociedade decidiu manter essas fam\u00edlias em cargos pol\u00edticos importantes e imprescind\u00edveis \u00e0 prote\u00e7\u00e3o e ao desenvolvimento do Estado de Rond\u00f4nia.<\/p>\n<p>A miss\u00e3o mais dif\u00edcil aos que ficam \u00e9 aprender com os passos em falso pret\u00e9ritos de seus familiares relembrando, sempre, que por mais fortes que sejam os ramos de suas \u00e1rvores geneal\u00f3gicas n\u00e3o h\u00e1 galho poderoso o suficiente para suportar as serras el\u00e9tricas da insurrei\u00e7\u00e3o popular.<\/p>\n","protected":false},"excerpt":{"rendered":"<p>Rond\u00f4nia Din\u00e2mica \u2013 Uma peculiaridade interessante na pol\u00edtica rondoniense \u00e9 a express\u00e3o da vontade dos eleitores no sentido de contribu\u00edrem para a perpetua\u00e7\u00e3o de conhecid\u00edssimos cl\u00e3s regionais no protagonismo do Poder \u2013 e nos mais variados cargos.<\/p>\n","protected":false},"author":1,"featured_media":0,"comment_status":"closed","ping_status":"open","sticky":false,"template":"","format":"standard","meta":{"_exactmetrics_skip_tracking":false,"_exactmetrics_sitenote_active":false,"_exactmetrics_sitenote_note":"","_exactmetrics_sitenote_category":0,"jetpack_post_was_ever_published":false,"_jetpack_newsletter_access":"","_jetpack_dont_email_post_to_subs":false,"_jetpack_newsletter_tier_id":0,"_jetpack_memberships_contains_paywalled_content":false,"_jetpack_memberships_contains_paid_content":false,"footnotes":"","jetpack_publicize_message":"","jetpack_publicize_feature_enabled":true,"jetpack_social_post_already_shared":true,"jetpack_social_options":{"image_generator_settings":{"template":"highway","enabled":false},"version":2}},"categories":[1],"tags":[],"class_list":["post-20248","post","type-post","status-publish","format-standard","hentry","category-notas"],"jetpack_publicize_connections":[],"jetpack_sharing_enabled":true,"jetpack_featured_media_url":"","jetpack_shortlink":"https:\/\/wp.me\/p7wKYW-5gA","jetpack-related-posts":[],"_links":{"self":[{"href":"http:\/\/blogdalucianaoliveira.com.br\/blog\/wp-json\/wp\/v2\/posts\/20248","targetHints":{"allow":["GET"]}}],"collection":[{"href":"http:\/\/blogdalucianaoliveira.com.br\/blog\/wp-json\/wp\/v2\/posts"}],"about":[{"href":"http:\/\/blogdalucianaoliveira.com.br\/blog\/wp-json\/wp\/v2\/types\/post"}],"author":[{"embeddable":true,"href":"http:\/\/blogdalucianaoliveira.com.br\/blog\/wp-json\/wp\/v2\/users\/1"}],"replies":[{"embeddable":true,"href":"http:\/\/blogdalucianaoliveira.com.br\/blog\/wp-json\/wp\/v2\/comments?post=20248"}],"version-history":[{"count":1,"href":"http:\/\/blogdalucianaoliveira.com.br\/blog\/wp-json\/wp\/v2\/posts\/20248\/revisions"}],"predecessor-version":[{"id":20250,"href":"http:\/\/blogdalucianaoliveira.com.br\/blog\/wp-json\/wp\/v2\/posts\/20248\/revisions\/20250"}],"wp:attachment":[{"href":"http:\/\/blogdalucianaoliveira.com.br\/blog\/wp-json\/wp\/v2\/media?parent=20248"}],"wp:term":[{"taxonomy":"category","embeddable":true,"href":"http:\/\/blogdalucianaoliveira.com.br\/blog\/wp-json\/wp\/v2\/categories?post=20248"},{"taxonomy":"post_tag","embeddable":true,"href":"http:\/\/blogdalucianaoliveira.com.br\/blog\/wp-json\/wp\/v2\/tags?post=20248"}],"curies":[{"name":"wp","href":"https:\/\/api.w.org\/{rel}","templated":true}]}}