{"id":20251,"date":"2019-01-29T20:27:40","date_gmt":"2019-01-30T00:27:40","guid":{"rendered":"http:\/\/blogdalucianaoliveira.com.br\/blog\/?p=20251"},"modified":"2019-01-29T20:29:06","modified_gmt":"2019-01-30T00:29:06","slug":"o-estrago-do-discurso-de-bolsonaro-no-territorio-indigena-uru-eu-wau-wau","status":"publish","type":"post","link":"http:\/\/blogdalucianaoliveira.com.br\/blog\/2019\/01\/29\/o-estrago-do-discurso-de-bolsonaro-no-territorio-indigena-uru-eu-wau-wau\/","title":{"rendered":"O estrago do discurso de Bolsonaro no territ\u00f3rio ind\u00edgena Uru-Eu-Wau-Wau"},"content":{"rendered":"<p><img data-recalc-dims=\"1\" loading=\"lazy\" decoding=\"async\" data-attachment-id=\"20252\" data-permalink=\"http:\/\/blogdalucianaoliveira.com.br\/blog\/2019\/01\/29\/o-estrago-do-discurso-de-bolsonaro-no-territorio-indigena-uru-eu-wau-wau\/bd5570b0-3150-4804-8439-7a844e794a95\/\" data-orig-file=\"https:\/\/i0.wp.com\/blogdalucianaoliveira.com.br\/blog\/wp-content\/uploads\/2019\/01\/BD5570B0-3150-4804-8439-7A844E794A95.jpeg?fit=4032%2C3024\" data-orig-size=\"4032,3024\" data-comments-opened=\"0\" data-image-meta=\"{&quot;aperture&quot;:&quot;0&quot;,&quot;credit&quot;:&quot;&quot;,&quot;camera&quot;:&quot;&quot;,&quot;caption&quot;:&quot;&quot;,&quot;created_timestamp&quot;:&quot;0&quot;,&quot;copyright&quot;:&quot;&quot;,&quot;focal_length&quot;:&quot;0&quot;,&quot;iso&quot;:&quot;0&quot;,&quot;shutter_speed&quot;:&quot;0&quot;,&quot;title&quot;:&quot;&quot;,&quot;orientation&quot;:&quot;6&quot;}\" data-image-title=\"BD5570B0-3150-4804-8439-7A844E794A95\" data-image-description=\"\" data-image-caption=\"\" data-medium-file=\"https:\/\/i0.wp.com\/blogdalucianaoliveira.com.br\/blog\/wp-content\/uploads\/2019\/01\/BD5570B0-3150-4804-8439-7A844E794A95.jpeg?fit=300%2C225\" data-large-file=\"https:\/\/i0.wp.com\/blogdalucianaoliveira.com.br\/blog\/wp-content\/uploads\/2019\/01\/BD5570B0-3150-4804-8439-7A844E794A95.jpeg?fit=600%2C450\" src=\"https:\/\/i0.wp.com\/blogdalucianaoliveira.com.br\/blog\/wp-content\/uploads\/2019\/01\/BD5570B0-3150-4804-8439-7A844E794A95.jpeg?resize=600%2C450\" alt=\"BD5570B0-3150-4804-8439-7A844E794A95\" width=\"600\" height=\"450\" class=\"alignnone size-full wp-image-20252\" srcset=\"https:\/\/i0.wp.com\/blogdalucianaoliveira.com.br\/blog\/wp-content\/uploads\/2019\/01\/BD5570B0-3150-4804-8439-7A844E794A95.jpeg?w=4032 4032w, https:\/\/i0.wp.com\/blogdalucianaoliveira.com.br\/blog\/wp-content\/uploads\/2019\/01\/BD5570B0-3150-4804-8439-7A844E794A95.jpeg?resize=300%2C225 300w, https:\/\/i0.wp.com\/blogdalucianaoliveira.com.br\/blog\/wp-content\/uploads\/2019\/01\/BD5570B0-3150-4804-8439-7A844E794A95.jpeg?resize=768%2C576 768w, https:\/\/i0.wp.com\/blogdalucianaoliveira.com.br\/blog\/wp-content\/uploads\/2019\/01\/BD5570B0-3150-4804-8439-7A844E794A95.jpeg?resize=1024%2C768 1024w, https:\/\/i0.wp.com\/blogdalucianaoliveira.com.br\/blog\/wp-content\/uploads\/2019\/01\/BD5570B0-3150-4804-8439-7A844E794A95.jpeg?resize=400%2C300 400w, https:\/\/i0.wp.com\/blogdalucianaoliveira.com.br\/blog\/wp-content\/uploads\/2019\/01\/BD5570B0-3150-4804-8439-7A844E794A95.jpeg?w=1200 1200w, https:\/\/i0.wp.com\/blogdalucianaoliveira.com.br\/blog\/wp-content\/uploads\/2019\/01\/BD5570B0-3150-4804-8439-7A844E794A95.jpeg?w=1800 1800w\" sizes=\"auto, (max-width: 600px) 100vw, 600px\" \/><\/p>\n<p>Para a TV 247, com a TV France 24, o blog visitou a aldeia Alto Jamari, no territ\u00f3rio ind\u00edgena Uru-Eu-Wau-Wau. <\/p>\n<p>Vimos de perto as invas\u00f5es que aumentam com a posse do presidente Jair Bolsonaro.<!--more--> <\/p>\n<p>Todas as terras ind\u00edgenas de Rond\u00f4nia est\u00e3o invadidas. <\/p>\n<p>A situa\u00e7\u00e3o se agrava com o discurso do presidente contra os povos ind\u00edgenas e as mudan\u00e7as anunciadas na FUNAI. <\/p>\n<p>Os ind\u00edgenas est\u00e3o pintados para a guerra.<\/p>\n<div class=\"jetpack-video-wrapper\"><iframe loading=\"lazy\" title=\"O estrago do discurso de Bolsonaro no territ\u00f3rio ind\u00edgena dos Uru-Eu-Wau-Wau\" width=\"600\" height=\"450\" src=\"https:\/\/www.youtube.com\/embed\/orswZFA_Px4?feature=oembed\" frameborder=\"0\" allow=\"accelerometer; autoplay; clipboard-write; encrypted-media; gyroscope; picture-in-picture; web-share\" referrerpolicy=\"strict-origin-when-cross-origin\" allowfullscreen><\/iframe><\/div>\n","protected":false},"excerpt":{"rendered":"<p>Para a TV 247, com a TV France 24, o blog visitou a aldeia Alto Jamari, no territ\u00f3rio ind\u00edgena Uru-Eu-Wau-Wau. Vimos de perto as invas\u00f5es que aumentam com a posse do presidente Jair Bolsonaro.<\/p>\n","protected":false},"author":1,"featured_media":0,"comment_status":"closed","ping_status":"open","sticky":false,"template":"","format":"standard","meta":{"_exactmetrics_skip_tracking":false,"_exactmetrics_sitenote_active":false,"_exactmetrics_sitenote_note":"","_exactmetrics_sitenote_category":0,"jetpack_post_was_ever_published":false,"_jetpack_newsletter_access":"","_jetpack_dont_email_post_to_subs":false,"_jetpack_newsletter_tier_id":0,"_jetpack_memberships_contains_paywalled_content":false,"_jetpack_memberships_contains_paid_content":false,"footnotes":"","jetpack_publicize_message":"","jetpack_publicize_feature_enabled":true,"jetpack_social_post_already_shared":true,"jetpack_social_options":{"image_generator_settings":{"template":"highway","enabled":false},"version":2}},"categories":[1],"tags":[],"class_list":["post-20251","post","type-post","status-publish","format-standard","hentry","category-notas"],"jetpack_publicize_connections":[],"jetpack_sharing_enabled":true,"jetpack_featured_media_url":"","jetpack_shortlink":"https:\/\/wp.me\/p7wKYW-5gD","jetpack-related-posts":[],"_links":{"self":[{"href":"http:\/\/blogdalucianaoliveira.com.br\/blog\/wp-json\/wp\/v2\/posts\/20251","targetHints":{"allow":["GET"]}}],"collection":[{"href":"http:\/\/blogdalucianaoliveira.com.br\/blog\/wp-json\/wp\/v2\/posts"}],"about":[{"href":"http:\/\/blogdalucianaoliveira.com.br\/blog\/wp-json\/wp\/v2\/types\/post"}],"author":[{"embeddable":true,"href":"http:\/\/blogdalucianaoliveira.com.br\/blog\/wp-json\/wp\/v2\/users\/1"}],"replies":[{"embeddable":true,"href":"http:\/\/blogdalucianaoliveira.com.br\/blog\/wp-json\/wp\/v2\/comments?post=20251"}],"version-history":[{"count":2,"href":"http:\/\/blogdalucianaoliveira.com.br\/blog\/wp-json\/wp\/v2\/posts\/20251\/revisions"}],"predecessor-version":[{"id":20254,"href":"http:\/\/blogdalucianaoliveira.com.br\/blog\/wp-json\/wp\/v2\/posts\/20251\/revisions\/20254"}],"wp:attachment":[{"href":"http:\/\/blogdalucianaoliveira.com.br\/blog\/wp-json\/wp\/v2\/media?parent=20251"}],"wp:term":[{"taxonomy":"category","embeddable":true,"href":"http:\/\/blogdalucianaoliveira.com.br\/blog\/wp-json\/wp\/v2\/categories?post=20251"},{"taxonomy":"post_tag","embeddable":true,"href":"http:\/\/blogdalucianaoliveira.com.br\/blog\/wp-json\/wp\/v2\/tags?post=20251"}],"curies":[{"name":"wp","href":"https:\/\/api.w.org\/{rel}","templated":true}]}}