{"id":20256,"date":"2019-01-30T09:08:38","date_gmt":"2019-01-30T13:08:38","guid":{"rendered":"http:\/\/blogdalucianaoliveira.com.br\/blog\/?p=20256"},"modified":"2019-01-30T09:08:38","modified_gmt":"2019-01-30T13:08:38","slug":"justica-trata-lula-como-preso-politico","status":"publish","type":"post","link":"http:\/\/blogdalucianaoliveira.com.br\/blog\/2019\/01\/30\/justica-trata-lula-como-preso-politico\/","title":{"rendered":"Justi\u00e7a trata Lula como preso pol\u00edtico"},"content":{"rendered":"<p><img data-recalc-dims=\"1\" loading=\"lazy\" decoding=\"async\" data-attachment-id=\"20257\" data-permalink=\"http:\/\/blogdalucianaoliveira.com.br\/blog\/2019\/01\/30\/justica-trata-lula-como-preso-politico\/luis\/\" data-orig-file=\"https:\/\/i0.wp.com\/blogdalucianaoliveira.com.br\/blog\/wp-content\/uploads\/2019\/01\/luis.jpg?fit=1024%2C674\" data-orig-size=\"1024,674\" data-comments-opened=\"0\" data-image-meta=\"{&quot;aperture&quot;:&quot;0&quot;,&quot;credit&quot;:&quot;&quot;,&quot;camera&quot;:&quot;&quot;,&quot;caption&quot;:&quot;&quot;,&quot;created_timestamp&quot;:&quot;0&quot;,&quot;copyright&quot;:&quot;&quot;,&quot;focal_length&quot;:&quot;0&quot;,&quot;iso&quot;:&quot;0&quot;,&quot;shutter_speed&quot;:&quot;0&quot;,&quot;title&quot;:&quot;&quot;,&quot;orientation&quot;:&quot;0&quot;}\" data-image-title=\"luis\" data-image-description=\"\" data-image-caption=\"\" data-medium-file=\"https:\/\/i0.wp.com\/blogdalucianaoliveira.com.br\/blog\/wp-content\/uploads\/2019\/01\/luis.jpg?fit=300%2C197\" data-large-file=\"https:\/\/i0.wp.com\/blogdalucianaoliveira.com.br\/blog\/wp-content\/uploads\/2019\/01\/luis.jpg?fit=600%2C395\" class=\"alignnone size-full wp-image-20257\" src=\"https:\/\/i0.wp.com\/blogdalucianaoliveira.com.br\/blog\/wp-content\/uploads\/2019\/01\/luis.jpg?resize=600%2C395\" alt=\"luis\" width=\"600\" height=\"395\" srcset=\"https:\/\/i0.wp.com\/blogdalucianaoliveira.com.br\/blog\/wp-content\/uploads\/2019\/01\/luis.jpg?w=1024 1024w, https:\/\/i0.wp.com\/blogdalucianaoliveira.com.br\/blog\/wp-content\/uploads\/2019\/01\/luis.jpg?resize=300%2C197 300w, https:\/\/i0.wp.com\/blogdalucianaoliveira.com.br\/blog\/wp-content\/uploads\/2019\/01\/luis.jpg?resize=768%2C506 768w, https:\/\/i0.wp.com\/blogdalucianaoliveira.com.br\/blog\/wp-content\/uploads\/2019\/01\/luis.jpg?resize=456%2C300 456w\" sizes=\"auto, (max-width: 600px) 100vw, 600px\" \/><\/p>\n<p>STF pode mostrar que ainda h\u00e1 ju\u00edzes em Bras\u00edlia<!--more--><\/p>\n<p>Do Blog do Kennedy<\/p>\n<p>Boa parte da comunidade jur\u00eddica brasileira considera injusta a senten\u00e7a contra Lula no caso do apartamento no Guaruj\u00e1. Renomados juristas e advogados criminalistas afirmam que, no m\u00ednimo, deveria ter sido aplicado o princ\u00edpio \u201cin dubio pro reo\u201d. Ou seja, diante das d\u00favidas para condenar, Lula deveria ter sido absolvido.<\/p>\n<p>Entretanto, quando se examina a execu\u00e7\u00e3o da pena do ex-presidente, fica claro que Lula \u00e9 tratado como preso pol\u00edtico.<\/p>\n<p>Lula foi condenado pelo ent\u00e3o juiz Sergio Moro a 9 anos e meio de pris\u00e3o. Mas o TRF-4 elevou a pena para 12 anos e um m\u00eas. Esses 30 dias a mais impediram a defesa de Lula de alegar prescri\u00e7\u00e3o dos crimes em 2017.<\/p>\n<p>Na Superintend\u00eancia da Pol\u00edcia Federal em Curitiba, Lula fica isolado numa cela improvisada, sem contato com outros detentos _apenas com seus carceiros, advogados, amigos e parentes autorizados a visit\u00e1-lo. \u00c9 uma esp\u00e9cie de solit\u00e1ria.<\/p>\n<p>Apesar do ululante interesse p\u00fablico e hist\u00f3rico de uma entrevista com Lula, o Supremo Tribunal Federal impediu contato do ex-presidente com jornalistas durante a campanha eleitoral. Este rep\u00f3rter fez um pedido para entrevista-lo ap\u00f3s o segundo turno das elei\u00e7\u00f5es. Queria ouvir Lula para um document\u00e1rio sobre a crise brasileira entre 2013 e 2018 que produzi para a BBC World News. N\u00e3o recebi a autoriza\u00e7\u00e3o, mas apenas uma resposta do ex-presidente a uma carta que enviei na qual disse que gostaria de entrevist\u00e1-lo, citando alguns pontos da poss\u00edvel conversa.<\/p>\n<p>H\u00e1 in\u00fameros casos autorizados pela Justi\u00e7a de entrevistas com presos.<\/p>\n<p>Lula pediu e n\u00e3o recebeu autoriza\u00e7\u00e3o para comparecer ao vel\u00f3rio e sepultamento de seu grande amigo Sigmaringa Seixas, advogado e deputado federal que morreu em dezembro. Era p\u00fablica e not\u00f3ria a forte amizade entre os dois.<\/p>\n<p>N\u00e3o vamos nem mencionar o epis\u00f3dio em que a ministra Rosa Weber votou contra o seu pr\u00f3prio entendimento, alegando um inusitado princ\u00edpio da colegialidade, para n\u00e3o dar provimento a uma habeas corpus em que Lula pedia para n\u00e3o ser preso.<\/p>\n<p>Para que serve uma reuni\u00e3o de um colegiado se n\u00e3o for para eventualmente confirmar ou mudar o entendimento desse pr\u00f3prio colegiado? Afinal, \u00e9 nesses encontros do plen\u00e1rio que a jurisprud\u00eancia muda ou permanece como est\u00e1. Um \u201cprinc\u00edpio da colegialidade\u201d congelaria todas as decis\u00f5es e impediria o direito, que \u00e9 vivo, de mudar.<\/p>\n<p>Em novembro, numa audi\u00eancia em que teria o direito de se defender das acusa\u00e7\u00f5es em rela\u00e7\u00e3o ao s\u00edtio de Atibaia, a ju\u00edza Gabriela Hardt deu um cala boca no r\u00e9u, cerceando seu direito de defesa. Muitos aplaudiram, vendo ali um exerc\u00edcio da autoridade quando se tratava apenas de puro autoritarismo e desrespeito ao direito de defesa de Lula.<\/p>\n<p>Se todos esses fatos n\u00e3o fossem suficientes para sustentar o car\u00e1ter persecut\u00f3rio da Justi\u00e7a brasileira contra Lula, chegamos ontem a um ponto que n\u00e3o deixa d\u00favida nenhuma d\u00favida a respeito disso.<\/p>\n<p>Morreu Vav\u00e1, irm\u00e3o mais velho de Lula e figura importante na vida dele. Genival In\u00e1cio da Silva, cerca de 6 anos mais velho do que o ex-presidente, foi um irm\u00e3o muito pr\u00f3ximo de Lula desde a inf\u00e2ncia em Garanhuns, em Santos e S\u00e3o Paulo. A lei autoriza que um preso possa comparecer ao vel\u00f3rio e enterro de um irm\u00e3o. At\u00e9 o general da reserva e vice-presidente, Hamilton Mour\u00e3o, considerou quest\u00e3o humanit\u00e1ria a autoriza\u00e7\u00e3o para Lula velar e sepultar o irm\u00e3o.<\/p>\n<p>A ju\u00edza Carolina Lebbos, que cuida da execu\u00e7\u00e3o da pena de Lula, poderia ter decidido sozinha. Ela quis ouvir o Minist\u00e9rio P\u00fablico e a Pol\u00edcia Federal a respeito.<\/p>\n<p>Subordinada ao ministro da Justi\u00e7a, Sergio Moro, a PF respondeu que n\u00e3o poderia garantir a seguran\u00e7a p\u00fablica desse deslocamento e nem tinha os meios para faz\u00ea-lo de forma t\u00e3o c\u00e9lere.<\/p>\n<p>Com toda a estrutura que a PF possui, essa resposta \u00e9 preocupante. Como vai combater o crime organizado e reagir rapidamente a fatos mais graves? No caso Cesare Batistti, um avi\u00e3o foi deslocado com agilidade para a fracassada tentativa de peg\u00e1-lo na Bol\u00edvia para extradit\u00e1-lo para a It\u00e1lia.<\/p>\n<p>Quando decidiu levar Lula para depor sob condu\u00e7\u00e3o coercitiva, o ent\u00e3o juiz Moro montou um aparato de grande propor\u00e7\u00e3o. O petista foi levado \u00e0 for\u00e7a ao Aeroporto de Congonhas quando poderia ter sido combinado com o ex-presidente local e hora, pois ele nunca se recusara a comparecer a uma audi\u00eancia ou depoimento judicial.<\/p>\n<p>Quando juiz, o hoje ministro da Justi\u00e7a dava parab\u00e9ns publicamente \u00e0s multid\u00f5es que protestavam contra o governo Dilma e pediam a pris\u00e3o de Lula. Como algu\u00e9m que aceitou entrar na pol\u00edtica ao aceitar um minist\u00e9rio de Bolsonaro, Moro deveria manter a coer\u00eancia, caso haja manifesta\u00e7\u00f5es na simples presen\u00e7a de Lula num vel\u00f3rio.<\/p>\n<p>A Justi\u00e7a, o Minist\u00e9rio P\u00fablico e a Pol\u00edcia Federal temem que Lula fale com jornalistas, que d\u00ea entrevistas da cadeia, que seja abra\u00e7ado por amigos no enterro de um irm\u00e3o t\u00e3o pr\u00f3ximo?<\/p>\n<p>\u00c9 ineg\u00e1vel a grandeza pol\u00edtica de Lula. Cr\u00edticos e apoiadores deveriam reconhecer isso. O ex-presidente n\u00e3o morreu. A Justi\u00e7a n\u00e3o pode querer que ele desapare\u00e7a, que suma do Brasil. Lula \u00e9 t\u00e3o perigoso assim para os novos donos do poder?<\/p>\n<p>Recear atos pol\u00edticos \u00e9 um sinal de como as democracias morrem. Basta olhar a Venezuela ali ao lado.<\/p>\n<p>Ap\u00f3s as negativas da ju\u00edza Lebbos e do desembargador Leandro Paulsen contra a ida de Lula ao enterro de Vav\u00e1, a defesa do ex-presidente recorreu na madrugada ao Supremo. O rel\u00f3gio corre. Temos pouco tempo para saber se ainda h\u00e1 ju\u00edzes em Bras\u00edlia.<\/p>\n<p>&nbsp;<\/p>\n","protected":false},"excerpt":{"rendered":"<p>STF pode mostrar que ainda h\u00e1 ju\u00edzes em Bras\u00edlia<\/p>\n","protected":false},"author":1,"featured_media":0,"comment_status":"closed","ping_status":"open","sticky":false,"template":"","format":"standard","meta":{"_exactmetrics_skip_tracking":false,"_exactmetrics_sitenote_active":false,"_exactmetrics_sitenote_note":"","_exactmetrics_sitenote_category":0,"jetpack_post_was_ever_published":false,"_jetpack_newsletter_access":"","_jetpack_dont_email_post_to_subs":false,"_jetpack_newsletter_tier_id":0,"_jetpack_memberships_contains_paywalled_content":false,"_jetpack_memberships_contains_paid_content":false,"footnotes":"","jetpack_publicize_message":"","jetpack_publicize_feature_enabled":true,"jetpack_social_post_already_shared":true,"jetpack_social_options":{"image_generator_settings":{"template":"highway","enabled":false},"version":2}},"categories":[1],"tags":[],"class_list":["post-20256","post","type-post","status-publish","format-standard","hentry","category-notas"],"jetpack_publicize_connections":[],"jetpack_sharing_enabled":true,"jetpack_featured_media_url":"","jetpack_shortlink":"https:\/\/wp.me\/p7wKYW-5gI","jetpack-related-posts":[],"_links":{"self":[{"href":"http:\/\/blogdalucianaoliveira.com.br\/blog\/wp-json\/wp\/v2\/posts\/20256","targetHints":{"allow":["GET"]}}],"collection":[{"href":"http:\/\/blogdalucianaoliveira.com.br\/blog\/wp-json\/wp\/v2\/posts"}],"about":[{"href":"http:\/\/blogdalucianaoliveira.com.br\/blog\/wp-json\/wp\/v2\/types\/post"}],"author":[{"embeddable":true,"href":"http:\/\/blogdalucianaoliveira.com.br\/blog\/wp-json\/wp\/v2\/users\/1"}],"replies":[{"embeddable":true,"href":"http:\/\/blogdalucianaoliveira.com.br\/blog\/wp-json\/wp\/v2\/comments?post=20256"}],"version-history":[{"count":1,"href":"http:\/\/blogdalucianaoliveira.com.br\/blog\/wp-json\/wp\/v2\/posts\/20256\/revisions"}],"predecessor-version":[{"id":20258,"href":"http:\/\/blogdalucianaoliveira.com.br\/blog\/wp-json\/wp\/v2\/posts\/20256\/revisions\/20258"}],"wp:attachment":[{"href":"http:\/\/blogdalucianaoliveira.com.br\/blog\/wp-json\/wp\/v2\/media?parent=20256"}],"wp:term":[{"taxonomy":"category","embeddable":true,"href":"http:\/\/blogdalucianaoliveira.com.br\/blog\/wp-json\/wp\/v2\/categories?post=20256"},{"taxonomy":"post_tag","embeddable":true,"href":"http:\/\/blogdalucianaoliveira.com.br\/blog\/wp-json\/wp\/v2\/tags?post=20256"}],"curies":[{"name":"wp","href":"https:\/\/api.w.org\/{rel}","templated":true}]}}