{"id":20259,"date":"2019-01-30T09:16:51","date_gmt":"2019-01-30T13:16:51","guid":{"rendered":"http:\/\/blogdalucianaoliveira.com.br\/blog\/?p=20259"},"modified":"2019-01-30T09:22:10","modified_gmt":"2019-01-30T13:22:10","slug":"na-tv-247-invasoes-em-terras-indigenas-aumentam-no-governo-bolsonaro","status":"publish","type":"post","link":"http:\/\/blogdalucianaoliveira.com.br\/blog\/2019\/01\/30\/na-tv-247-invasoes-em-terras-indigenas-aumentam-no-governo-bolsonaro\/","title":{"rendered":"Na TV 247: Invas\u00f5es em terras ind\u00edgenas aumentam no governo Bolsonaro"},"content":{"rendered":"<p><img data-recalc-dims=\"1\" loading=\"lazy\" decoding=\"async\" data-attachment-id=\"20262\" data-permalink=\"http:\/\/blogdalucianaoliveira.com.br\/blog\/2019\/01\/30\/na-tv-247-invasoes-em-terras-indigenas-aumentam-no-governo-bolsonaro\/0e8ea330-4bd7-4f1d-940f-d35cbb27ee61\/\" data-orig-file=\"https:\/\/i0.wp.com\/blogdalucianaoliveira.com.br\/blog\/wp-content\/uploads\/2019\/01\/0E8EA330-4BD7-4F1D-940F-D35CBB27EE61.jpeg?fit=3263%2C2032\" data-orig-size=\"3263,2032\" data-comments-opened=\"0\" data-image-meta=\"{&quot;aperture&quot;:&quot;1.8&quot;,&quot;credit&quot;:&quot;&quot;,&quot;camera&quot;:&quot;iPhone 7&quot;,&quot;caption&quot;:&quot;&quot;,&quot;created_timestamp&quot;:&quot;1548839905&quot;,&quot;copyright&quot;:&quot;&quot;,&quot;focal_length&quot;:&quot;3.99&quot;,&quot;iso&quot;:&quot;32&quot;,&quot;shutter_speed&quot;:&quot;0.0333333333333&quot;,&quot;title&quot;:&quot;&quot;,&quot;orientation&quot;:&quot;0&quot;}\" data-image-title=\"0E8EA330-4BD7-4F1D-940F-D35CBB27EE61\" data-image-description=\"\" data-image-caption=\"\" data-medium-file=\"https:\/\/i0.wp.com\/blogdalucianaoliveira.com.br\/blog\/wp-content\/uploads\/2019\/01\/0E8EA330-4BD7-4F1D-940F-D35CBB27EE61.jpeg?fit=300%2C187\" data-large-file=\"https:\/\/i0.wp.com\/blogdalucianaoliveira.com.br\/blog\/wp-content\/uploads\/2019\/01\/0E8EA330-4BD7-4F1D-940F-D35CBB27EE61.jpeg?fit=600%2C374\" src=\"https:\/\/i0.wp.com\/blogdalucianaoliveira.com.br\/blog\/wp-content\/uploads\/2019\/01\/0E8EA330-4BD7-4F1D-940F-D35CBB27EE61.jpeg?resize=600%2C374\" alt=\"0E8EA330-4BD7-4F1D-940F-D35CBB27EE61\" width=\"600\" height=\"374\" class=\"alignnone size-full wp-image-20262\" srcset=\"https:\/\/i0.wp.com\/blogdalucianaoliveira.com.br\/blog\/wp-content\/uploads\/2019\/01\/0E8EA330-4BD7-4F1D-940F-D35CBB27EE61.jpeg?w=3263 3263w, https:\/\/i0.wp.com\/blogdalucianaoliveira.com.br\/blog\/wp-content\/uploads\/2019\/01\/0E8EA330-4BD7-4F1D-940F-D35CBB27EE61.jpeg?resize=300%2C187 300w, https:\/\/i0.wp.com\/blogdalucianaoliveira.com.br\/blog\/wp-content\/uploads\/2019\/01\/0E8EA330-4BD7-4F1D-940F-D35CBB27EE61.jpeg?resize=768%2C478 768w, https:\/\/i0.wp.com\/blogdalucianaoliveira.com.br\/blog\/wp-content\/uploads\/2019\/01\/0E8EA330-4BD7-4F1D-940F-D35CBB27EE61.jpeg?resize=1024%2C638 1024w, https:\/\/i0.wp.com\/blogdalucianaoliveira.com.br\/blog\/wp-content\/uploads\/2019\/01\/0E8EA330-4BD7-4F1D-940F-D35CBB27EE61.jpeg?resize=482%2C300 482w, https:\/\/i0.wp.com\/blogdalucianaoliveira.com.br\/blog\/wp-content\/uploads\/2019\/01\/0E8EA330-4BD7-4F1D-940F-D35CBB27EE61.jpeg?w=1200 1200w, https:\/\/i0.wp.com\/blogdalucianaoliveira.com.br\/blog\/wp-content\/uploads\/2019\/01\/0E8EA330-4BD7-4F1D-940F-D35CBB27EE61.jpeg?w=1800 1800w\" sizes=\"auto, (max-width: 600px) 100vw, 600px\" \/><\/p>\n<p>Para a TV 247, com a TV France 24, o blog visitou a aldeia Alto Jamari, no territ\u00f3rio ind\u00edgena Uru-Eu-Wau-Wau.<\/p>\n<p>Vimos de perto as invas\u00f5es que aumentam com a posse do presidente Jair Bolsonaro.<!--more--><\/p>\n<p>Todas as terras ind\u00edgenas de Rond\u00f4nia est\u00e3o invadidas.<\/p>\n<p>A situa\u00e7\u00e3o se agrava com o discurso do presidente contra os povos ind\u00edgenas e as mudan\u00e7as anunciadas na FUNAI.<\/p>\n<p>Os ind\u00edgenas est\u00e3o pintados para a guerra.<\/p>\n<p>O estrago do discurso de Bolsonaro no territ\u00f3rio ind\u00edgena Uru-Eu-Wau-Wau.<\/p>\n<div class=\"jetpack-video-wrapper\"><span class=\"embed-youtube\" style=\"text-align:center; display: block;\"><iframe loading=\"lazy\" class=\"youtube-player\" width=\"600\" height=\"338\" src=\"https:\/\/www.youtube.com\/embed\/tSfIiU-FVwg?version=3&#038;rel=1&#038;showsearch=0&#038;showinfo=1&#038;iv_load_policy=1&#038;fs=1&#038;hl=pt-BR&#038;autohide=2&#038;wmode=transparent\" allowfullscreen=\"true\" style=\"border:0;\" sandbox=\"allow-scripts allow-same-origin allow-popups allow-presentation allow-popups-to-escape-sandbox\"><\/iframe><\/span><\/div>\n","protected":false},"excerpt":{"rendered":"<p>Para a TV 247, com a TV France 24, o blog visitou a aldeia Alto Jamari, no territ\u00f3rio ind\u00edgena Uru-Eu-Wau-Wau. Vimos de perto as invas\u00f5es que aumentam com a posse do presidente Jair Bolsonaro.<\/p>\n","protected":false},"author":1,"featured_media":0,"comment_status":"closed","ping_status":"open","sticky":false,"template":"","format":"standard","meta":{"_exactmetrics_skip_tracking":false,"_exactmetrics_sitenote_active":false,"_exactmetrics_sitenote_note":"","_exactmetrics_sitenote_category":0,"jetpack_post_was_ever_published":false,"_jetpack_newsletter_access":"","_jetpack_dont_email_post_to_subs":false,"_jetpack_newsletter_tier_id":0,"_jetpack_memberships_contains_paywalled_content":false,"_jetpack_memberships_contains_paid_content":false,"footnotes":"","jetpack_publicize_message":"","jetpack_publicize_feature_enabled":true,"jetpack_social_post_already_shared":true,"jetpack_social_options":{"image_generator_settings":{"template":"highway","enabled":false},"version":2}},"categories":[1],"tags":[],"class_list":["post-20259","post","type-post","status-publish","format-standard","hentry","category-notas"],"jetpack_publicize_connections":[],"jetpack_sharing_enabled":true,"jetpack_featured_media_url":"","jetpack_shortlink":"https:\/\/wp.me\/p7wKYW-5gL","jetpack-related-posts":[],"_links":{"self":[{"href":"http:\/\/blogdalucianaoliveira.com.br\/blog\/wp-json\/wp\/v2\/posts\/20259","targetHints":{"allow":["GET"]}}],"collection":[{"href":"http:\/\/blogdalucianaoliveira.com.br\/blog\/wp-json\/wp\/v2\/posts"}],"about":[{"href":"http:\/\/blogdalucianaoliveira.com.br\/blog\/wp-json\/wp\/v2\/types\/post"}],"author":[{"embeddable":true,"href":"http:\/\/blogdalucianaoliveira.com.br\/blog\/wp-json\/wp\/v2\/users\/1"}],"replies":[{"embeddable":true,"href":"http:\/\/blogdalucianaoliveira.com.br\/blog\/wp-json\/wp\/v2\/comments?post=20259"}],"version-history":[{"count":2,"href":"http:\/\/blogdalucianaoliveira.com.br\/blog\/wp-json\/wp\/v2\/posts\/20259\/revisions"}],"predecessor-version":[{"id":20263,"href":"http:\/\/blogdalucianaoliveira.com.br\/blog\/wp-json\/wp\/v2\/posts\/20259\/revisions\/20263"}],"wp:attachment":[{"href":"http:\/\/blogdalucianaoliveira.com.br\/blog\/wp-json\/wp\/v2\/media?parent=20259"}],"wp:term":[{"taxonomy":"category","embeddable":true,"href":"http:\/\/blogdalucianaoliveira.com.br\/blog\/wp-json\/wp\/v2\/categories?post=20259"},{"taxonomy":"post_tag","embeddable":true,"href":"http:\/\/blogdalucianaoliveira.com.br\/blog\/wp-json\/wp\/v2\/tags?post=20259"}],"curies":[{"name":"wp","href":"https:\/\/api.w.org\/{rel}","templated":true}]}}