{"id":20267,"date":"2019-01-30T11:33:51","date_gmt":"2019-01-30T15:33:51","guid":{"rendered":"http:\/\/blogdalucianaoliveira.com.br\/blog\/?p=20267"},"modified":"2019-01-30T11:33:51","modified_gmt":"2019-01-30T15:33:51","slug":"se-as-idas-e-vindas-da-justica-e-da-policia-federal-ja-eram-vistas-como-escarnio-a-liberacao-em-cima-da-hora-e-cheia-de-ressalvas-coroou-essa-sensacao","status":"publish","type":"post","link":"http:\/\/blogdalucianaoliveira.com.br\/blog\/2019\/01\/30\/se-as-idas-e-vindas-da-justica-e-da-policia-federal-ja-eram-vistas-como-escarnio-a-liberacao-em-cima-da-hora-e-cheia-de-ressalvas-coroou-essa-sensacao\/","title":{"rendered":"Se as idas e vindas da Justi\u00e7a e da Pol\u00edcia Federal j\u00e1 eram vistas como esc\u00e1rnio, a libera\u00e7\u00e3o em cima da hora e cheia de ressalvas coroou essa sensa\u00e7\u00e3o"},"content":{"rendered":"<p><img data-recalc-dims=\"1\" loading=\"lazy\" decoding=\"async\" data-attachment-id=\"20268\" data-permalink=\"http:\/\/blogdalucianaoliveira.com.br\/blog\/2019\/01\/30\/se-as-idas-e-vindas-da-justica-e-da-policia-federal-ja-eram-vistas-como-escarnio-a-liberacao-em-cima-da-hora-e-cheia-de-ressalvas-coroou-essa-sensacao\/vavi\/\" data-orig-file=\"https:\/\/i0.wp.com\/blogdalucianaoliveira.com.br\/blog\/wp-content\/uploads\/2019\/01\/vavi.jpg?fit=900%2C506\" data-orig-size=\"900,506\" data-comments-opened=\"0\" data-image-meta=\"{&quot;aperture&quot;:&quot;0&quot;,&quot;credit&quot;:&quot;&quot;,&quot;camera&quot;:&quot;&quot;,&quot;caption&quot;:&quot;&quot;,&quot;created_timestamp&quot;:&quot;0&quot;,&quot;copyright&quot;:&quot;&quot;,&quot;focal_length&quot;:&quot;0&quot;,&quot;iso&quot;:&quot;0&quot;,&quot;shutter_speed&quot;:&quot;0&quot;,&quot;title&quot;:&quot;&quot;,&quot;orientation&quot;:&quot;0&quot;}\" data-image-title=\"vavi\" data-image-description=\"\" data-image-caption=\"\" data-medium-file=\"https:\/\/i0.wp.com\/blogdalucianaoliveira.com.br\/blog\/wp-content\/uploads\/2019\/01\/vavi.jpg?fit=300%2C169\" data-large-file=\"https:\/\/i0.wp.com\/blogdalucianaoliveira.com.br\/blog\/wp-content\/uploads\/2019\/01\/vavi.jpg?fit=600%2C337\" src=\"https:\/\/i0.wp.com\/blogdalucianaoliveira.com.br\/blog\/wp-content\/uploads\/2019\/01\/vavi.jpg?resize=600%2C337\" alt=\"vavi\" width=\"600\" height=\"337\" class=\"alignnone size-full wp-image-20268\" srcset=\"https:\/\/i0.wp.com\/blogdalucianaoliveira.com.br\/blog\/wp-content\/uploads\/2019\/01\/vavi.jpg?w=900 900w, https:\/\/i0.wp.com\/blogdalucianaoliveira.com.br\/blog\/wp-content\/uploads\/2019\/01\/vavi.jpg?resize=300%2C169 300w, https:\/\/i0.wp.com\/blogdalucianaoliveira.com.br\/blog\/wp-content\/uploads\/2019\/01\/vavi.jpg?resize=768%2C432 768w, https:\/\/i0.wp.com\/blogdalucianaoliveira.com.br\/blog\/wp-content\/uploads\/2019\/01\/vavi.jpg?resize=534%2C300 534w\" sizes=\"auto, (max-width: 600px) 100vw, 600px\" \/><\/p>\n<p>Toffoli autoriza Lula a despedir-se do irm\u00e3o em S\u00e3o Bernardo<!--more--><\/p>\n<p>Na Carta Capital<\/p>\n<p>O ministro Dias Toffoli, do STF, aceitou o pedido dos advogados e determinou que Lula possa acompanhar os ritos f\u00fanebres do irm\u00e3o Genival In\u00e1cio da Silva, o Vav\u00e1. O sepultamento est\u00e1 marcado para as 13h desta quarta-feira, em S\u00e3o Bernardo do Campo.<br \/>\nSegundo fontes presentes no sepultamento, Vav\u00e1 j\u00e1 foi enterrado. O caix\u00e3o foi colocado no jazigo pouco depois das 13h, com minutos de diferen\u00e7a entre a decis\u00e3o.<\/p>\n<p>Na falta de tempo h\u00e1bil para que o ex-presidente chegasse a tempo da cerim\u00f4nia, Toffoli assegurou o direito de Lula de se encontrar com os familiares na Unidade Militar na regi\u00e3o, inclusive com a possibilidade do corpo ser levado ao local caso a fam\u00edlia assim deseje.<\/p>\n<p>No pedido, os advogados argumentam que Lula n\u00e3o pode ser prejudicado pelos problemas t\u00e9cnicos apontados pela PF \u2013 de que n\u00e3o havia helic\u00f3pteros dispon\u00edveis para o traslado entre Curitiba, onde ele est\u00e1 preso, e o cemit\u00e9rio em S\u00e3o Bernardo do Campo.<\/p>\n<p>\u201cTodavia, as eventuais intercorr\u00eancias apontadas no relat\u00f3rio policial, a meu ver, n\u00e3o devem obstar o cumprimento de um direito assegurado \u00e0queles que est\u00e3o submetidos a regime de cumprimento de pena, ainda que de forma parcial, vale dizer, o direito de o requerente encontrar-se com familiares em local reservado e preestabelecido para prestar a devida solidariedade aos seus, mesmo ap\u00f3s o sepultamento, j\u00e1 que n\u00e3o h\u00e1 obje\u00e7\u00e3o da lei\u201d, decidiu o ministro.<\/p>\n<p>Toffoli lembrou ainda que a  assist\u00eancia ao preso \u00e9 \u2018dever indeclin\u00e1vel\u2019 do Estado e que a dignidade da pessoa humana \u00e9 um dos pilares fundadores da Rep\u00fablica.<\/p>\n<p>Se as idas e vindas da Justi\u00e7a e da Pol\u00edcia Federal j\u00e1 eram vistas como esc\u00e1rnio, a libera\u00e7\u00e3o em cima da hora e cheia de ressalvas coroou essa sensa\u00e7\u00e3o. Toffoli ressaltou na decis\u00e3o que Lula poder\u00e1 encontrar \u201cexclusivamente com os seus familiares\u201d, em um local afastado e sem contato p\u00fablico.<\/p>\n<p>\u201cToffoli foi para o deboche: concedeu habeas corpus para o morto visitar o irm\u00e3o preso. Era melhor ter deixado para um general assessor despachar ou simplesmente ter indeferido de verdade e n\u00e3o de brincadeirinha. Escarneceu da fam\u00edlia de Lula no momento da dor maior\u201d, criticou o deputado Wadih Damous no Twitter.<\/p>\n<p>A sa\u00edda tempor\u00e1ria em casos de morte de parentes pr\u00f3ximos \u00e9 garantida pelo Lei de Execu\u00e7\u00e3o Penal. O artigo 120 da normativa assevera:<\/p>\n<p>\u201cOs condenados que cumprem pena em regime fechado ou semi-aberto e os presos provis\u00f3rios poder\u00e3o obter permiss\u00e3o para sair do estabelecimento, mediante escolta, quando ocorrer falecimento ou doen\u00e7a grave do c\u00f4njuge, companheira, ascendente, descendente ou irm\u00e3o\u201d.<\/p>\n","protected":false},"excerpt":{"rendered":"<p>Toffoli autoriza Lula a despedir-se do irm\u00e3o em S\u00e3o Bernardo<\/p>\n","protected":false},"author":1,"featured_media":0,"comment_status":"closed","ping_status":"open","sticky":false,"template":"","format":"standard","meta":{"_exactmetrics_skip_tracking":false,"_exactmetrics_sitenote_active":false,"_exactmetrics_sitenote_note":"","_exactmetrics_sitenote_category":0,"jetpack_post_was_ever_published":false,"_jetpack_newsletter_access":"","_jetpack_dont_email_post_to_subs":false,"_jetpack_newsletter_tier_id":0,"_jetpack_memberships_contains_paywalled_content":false,"_jetpack_memberships_contains_paid_content":false,"footnotes":"","jetpack_publicize_message":"","jetpack_publicize_feature_enabled":true,"jetpack_social_post_already_shared":true,"jetpack_social_options":{"image_generator_settings":{"template":"highway","enabled":false},"version":2}},"categories":[1],"tags":[],"class_list":["post-20267","post","type-post","status-publish","format-standard","hentry","category-notas"],"jetpack_publicize_connections":[],"jetpack_sharing_enabled":true,"jetpack_featured_media_url":"","jetpack_shortlink":"https:\/\/wp.me\/p7wKYW-5gT","jetpack-related-posts":[],"_links":{"self":[{"href":"http:\/\/blogdalucianaoliveira.com.br\/blog\/wp-json\/wp\/v2\/posts\/20267","targetHints":{"allow":["GET"]}}],"collection":[{"href":"http:\/\/blogdalucianaoliveira.com.br\/blog\/wp-json\/wp\/v2\/posts"}],"about":[{"href":"http:\/\/blogdalucianaoliveira.com.br\/blog\/wp-json\/wp\/v2\/types\/post"}],"author":[{"embeddable":true,"href":"http:\/\/blogdalucianaoliveira.com.br\/blog\/wp-json\/wp\/v2\/users\/1"}],"replies":[{"embeddable":true,"href":"http:\/\/blogdalucianaoliveira.com.br\/blog\/wp-json\/wp\/v2\/comments?post=20267"}],"version-history":[{"count":1,"href":"http:\/\/blogdalucianaoliveira.com.br\/blog\/wp-json\/wp\/v2\/posts\/20267\/revisions"}],"predecessor-version":[{"id":20269,"href":"http:\/\/blogdalucianaoliveira.com.br\/blog\/wp-json\/wp\/v2\/posts\/20267\/revisions\/20269"}],"wp:attachment":[{"href":"http:\/\/blogdalucianaoliveira.com.br\/blog\/wp-json\/wp\/v2\/media?parent=20267"}],"wp:term":[{"taxonomy":"category","embeddable":true,"href":"http:\/\/blogdalucianaoliveira.com.br\/blog\/wp-json\/wp\/v2\/categories?post=20267"},{"taxonomy":"post_tag","embeddable":true,"href":"http:\/\/blogdalucianaoliveira.com.br\/blog\/wp-json\/wp\/v2\/tags?post=20267"}],"curies":[{"name":"wp","href":"https:\/\/api.w.org\/{rel}","templated":true}]}}