{"id":20270,"date":"2019-01-30T18:28:23","date_gmt":"2019-01-30T22:28:23","guid":{"rendered":"http:\/\/blogdalucianaoliveira.com.br\/blog\/?p=20270"},"modified":"2019-01-30T18:28:23","modified_gmt":"2019-01-30T22:28:23","slug":"lula-e-refem-de-facinoras","status":"publish","type":"post","link":"http:\/\/blogdalucianaoliveira.com.br\/blog\/2019\/01\/30\/lula-e-refem-de-facinoras\/","title":{"rendered":"LULA \u00c9 REF\u00c9M DE FAC\u00cdNORAS"},"content":{"rendered":"<p><img data-recalc-dims=\"1\" loading=\"lazy\" decoding=\"async\" data-attachment-id=\"20271\" data-permalink=\"http:\/\/blogdalucianaoliveira.com.br\/blog\/2019\/01\/30\/lula-e-refem-de-facinoras\/ec8ea1d2-0bc7-43c0-9d63-b1a07f07ec4c\/\" data-orig-file=\"https:\/\/i0.wp.com\/blogdalucianaoliveira.com.br\/blog\/wp-content\/uploads\/2019\/01\/EC8EA1D2-0BC7-43C0-9D63-B1A07F07EC4C.jpeg?fit=490%2C280\" data-orig-size=\"490,280\" data-comments-opened=\"0\" data-image-meta=\"{&quot;aperture&quot;:&quot;0&quot;,&quot;credit&quot;:&quot;&quot;,&quot;camera&quot;:&quot;&quot;,&quot;caption&quot;:&quot;&quot;,&quot;created_timestamp&quot;:&quot;0&quot;,&quot;copyright&quot;:&quot;&quot;,&quot;focal_length&quot;:&quot;0&quot;,&quot;iso&quot;:&quot;0&quot;,&quot;shutter_speed&quot;:&quot;0&quot;,&quot;title&quot;:&quot;&quot;,&quot;orientation&quot;:&quot;0&quot;}\" data-image-title=\"EC8EA1D2-0BC7-43C0-9D63-B1A07F07EC4C\" data-image-description=\"\" data-image-caption=\"\" data-medium-file=\"https:\/\/i0.wp.com\/blogdalucianaoliveira.com.br\/blog\/wp-content\/uploads\/2019\/01\/EC8EA1D2-0BC7-43C0-9D63-B1A07F07EC4C.jpeg?fit=300%2C171\" data-large-file=\"https:\/\/i0.wp.com\/blogdalucianaoliveira.com.br\/blog\/wp-content\/uploads\/2019\/01\/EC8EA1D2-0BC7-43C0-9D63-B1A07F07EC4C.jpeg?fit=490%2C280\" src=\"https:\/\/i0.wp.com\/blogdalucianaoliveira.com.br\/blog\/wp-content\/uploads\/2019\/01\/EC8EA1D2-0BC7-43C0-9D63-B1A07F07EC4C.jpeg?resize=490%2C280\" alt=\"EC8EA1D2-0BC7-43C0-9D63-B1A07F07EC4C\" width=\"490\" height=\"280\" class=\"alignnone size-full wp-image-20271\" srcset=\"https:\/\/i0.wp.com\/blogdalucianaoliveira.com.br\/blog\/wp-content\/uploads\/2019\/01\/EC8EA1D2-0BC7-43C0-9D63-B1A07F07EC4C.jpeg?w=490 490w, https:\/\/i0.wp.com\/blogdalucianaoliveira.com.br\/blog\/wp-content\/uploads\/2019\/01\/EC8EA1D2-0BC7-43C0-9D63-B1A07F07EC4C.jpeg?resize=300%2C171 300w\" sizes=\"auto, (max-width: 490px) 100vw, 490px\" \/><\/p>\n<p>A crueldade do regime de exce\u00e7\u00e3o contra Lula alcan\u00e7ou o paroxismo e exp\u00f4s uma realidade incontorn\u00e1vel: Lula \u00e9 ref\u00e9m de fac\u00ednoras.<!--more--><\/p>\n<p>No 247, por Jeferson Miola <\/p>\n<p>Lula foi sequestrado pelo regime de exce\u00e7\u00e3o e encarcerado na masmorra da Lava Jato. L\u00e1, ele permanece sob cont\u00ednua vigil\u00e2ncia de abutres e fac\u00ednoras \u2013 ju\u00edzes, procuradores, policiais federais \u2013 que se revezam na fun\u00e7\u00e3o de carcereiros delinquentes, fora da lei.<\/p>\n<p>Todos os direitos do Lula est\u00e3o sendo, um a um, sequestrados.<\/p>\n<p>Primeiro, come\u00e7aram cassando os direitos civis do Lula. Fabricaram acusa\u00e7\u00f5es falsas para process\u00e1-lo e conden\u00e1-lo sem provas, num ju\u00edzo de exce\u00e7\u00e3o farsesco, injusto e parcial. E, passo seguinte, rasgaram a Constitui\u00e7\u00e3o e as leis para finalmente lev\u00e1-lo \u00e0 pris\u00e3o.<\/p>\n<p>Depois, cassaram os direitos pol\u00edticos do Lula e impediram-no de votar, ser votado e ser eleito presidente do Brasil. Asfixiaram sua voz e retiraram a principal arma de defesa dele: a palavra e a liberdade de express\u00e3o.<\/p>\n<p>Agora, sequestraram inclusive os direitos do Lula como prisioneiro; sequestraram aqueles direitos humanos civilizat\u00f3rios que Lula, como ser humano, \u00e9 tribut\u00e1rio.<\/p>\n<p>O artigo 120 da Lei de Execu\u00e7\u00e3o Penal n\u00e3o deixa d\u00favida: Lula tem o direito indiscut\u00edvel de comparecer ao sepultamento do irm\u00e3o. Mas os abutres e fac\u00ednoras desprezaram a Lei e impediram-no de se despedir do Vav\u00e1.<\/p>\n<p>O futuro existe.<\/p>\n<p>N\u00e3o importa se hoje vemos e sentimos o futuro mais longe do que perto. O fato \u00e9 que o futuro existe, e \u00e9 preciso ter esperan\u00e7a, resistir e lutar para que um dia alcancemos o futuro de j\u00fabilo, de justi\u00e7a, democracia, liberdade e legalidade.<\/p>\n<p>E ent\u00e3o, quando o futuro chegar e o horror fascista de hoje tiver ficado para tr\u00e1s, todos esses extremistas, energ\u00famenos e canalhas haver\u00e3o de ser julgados pelos crimes e arb\u00edtrios que cometem no presente.<\/p>\n<p>Os sequestradores do Lula n\u00e3o ser\u00e3o poupados; eles ser\u00e3o julgados e condenados com rigor, segundo as regras do devido processo legal que hoje deturpam.<\/p>\n<p>Libertar Lula do c\u00e1rcere medieval da Lava Jato e da crueldade dos seus sequestradores fac\u00ednoras \u00e9 uma urg\u00eancia humanit\u00e1ria e o \u201cof\u00edcio\u201d pol\u00edtico priorit\u00e1rio neste per\u00edodo hist\u00f3rico sombrio e tenebroso.<\/p>\n<p>Obs.: no momento de conclus\u00e3o do artigo, quando Vav\u00e1 j\u00e1 estava sendo sepultado, foi noticiado que o presidente do STF Dias Toffoli autorizou Lula a acompanhar o sepultamento. Justi\u00e7a tardia e meramente protocolar.<\/p>\n","protected":false},"excerpt":{"rendered":"<p>A crueldade do regime de exce\u00e7\u00e3o contra Lula alcan\u00e7ou o paroxismo e exp\u00f4s uma realidade incontorn\u00e1vel: Lula \u00e9 ref\u00e9m de fac\u00ednoras.<\/p>\n","protected":false},"author":1,"featured_media":0,"comment_status":"closed","ping_status":"open","sticky":false,"template":"","format":"standard","meta":{"_exactmetrics_skip_tracking":false,"_exactmetrics_sitenote_active":false,"_exactmetrics_sitenote_note":"","_exactmetrics_sitenote_category":0,"jetpack_post_was_ever_published":false,"_jetpack_newsletter_access":"","_jetpack_dont_email_post_to_subs":false,"_jetpack_newsletter_tier_id":0,"_jetpack_memberships_contains_paywalled_content":false,"_jetpack_memberships_contains_paid_content":false,"footnotes":"","jetpack_publicize_message":"","jetpack_publicize_feature_enabled":true,"jetpack_social_post_already_shared":true,"jetpack_social_options":{"image_generator_settings":{"template":"highway","enabled":false},"version":2}},"categories":[1],"tags":[],"class_list":["post-20270","post","type-post","status-publish","format-standard","hentry","category-notas"],"jetpack_publicize_connections":[],"jetpack_sharing_enabled":true,"jetpack_featured_media_url":"","jetpack_shortlink":"https:\/\/wp.me\/p7wKYW-5gW","jetpack-related-posts":[],"_links":{"self":[{"href":"http:\/\/blogdalucianaoliveira.com.br\/blog\/wp-json\/wp\/v2\/posts\/20270","targetHints":{"allow":["GET"]}}],"collection":[{"href":"http:\/\/blogdalucianaoliveira.com.br\/blog\/wp-json\/wp\/v2\/posts"}],"about":[{"href":"http:\/\/blogdalucianaoliveira.com.br\/blog\/wp-json\/wp\/v2\/types\/post"}],"author":[{"embeddable":true,"href":"http:\/\/blogdalucianaoliveira.com.br\/blog\/wp-json\/wp\/v2\/users\/1"}],"replies":[{"embeddable":true,"href":"http:\/\/blogdalucianaoliveira.com.br\/blog\/wp-json\/wp\/v2\/comments?post=20270"}],"version-history":[{"count":1,"href":"http:\/\/blogdalucianaoliveira.com.br\/blog\/wp-json\/wp\/v2\/posts\/20270\/revisions"}],"predecessor-version":[{"id":20272,"href":"http:\/\/blogdalucianaoliveira.com.br\/blog\/wp-json\/wp\/v2\/posts\/20270\/revisions\/20272"}],"wp:attachment":[{"href":"http:\/\/blogdalucianaoliveira.com.br\/blog\/wp-json\/wp\/v2\/media?parent=20270"}],"wp:term":[{"taxonomy":"category","embeddable":true,"href":"http:\/\/blogdalucianaoliveira.com.br\/blog\/wp-json\/wp\/v2\/categories?post=20270"},{"taxonomy":"post_tag","embeddable":true,"href":"http:\/\/blogdalucianaoliveira.com.br\/blog\/wp-json\/wp\/v2\/tags?post=20270"}],"curies":[{"name":"wp","href":"https:\/\/api.w.org\/{rel}","templated":true}]}}