{"id":20273,"date":"2019-01-30T20:53:43","date_gmt":"2019-01-31T00:53:43","guid":{"rendered":"http:\/\/blogdalucianaoliveira.com.br\/blog\/?p=20273"},"modified":"2019-01-30T20:53:43","modified_gmt":"2019-01-31T00:53:43","slug":"antigona-e-o-direito-universal-de-enterrar-nossos-mortos","status":"publish","type":"post","link":"http:\/\/blogdalucianaoliveira.com.br\/blog\/2019\/01\/30\/antigona-e-o-direito-universal-de-enterrar-nossos-mortos\/","title":{"rendered":"Ant\u00edgona e o direito universal de enterrar nossos mortos"},"content":{"rendered":"<p><img data-recalc-dims=\"1\" loading=\"lazy\" decoding=\"async\" data-attachment-id=\"20274\" data-permalink=\"http:\/\/blogdalucianaoliveira.com.br\/blog\/2019\/01\/30\/antigona-e-o-direito-universal-de-enterrar-nossos-mortos\/42ff2aef-7b3a-451e-af2b-0a7b7e0921da\/\" data-orig-file=\"https:\/\/i0.wp.com\/blogdalucianaoliveira.com.br\/blog\/wp-content\/uploads\/2019\/01\/42FF2AEF-7B3A-451E-AF2B-0A7B7E0921DA.jpeg?fit=810%2C551\" data-orig-size=\"810,551\" data-comments-opened=\"0\" data-image-meta=\"{&quot;aperture&quot;:&quot;0&quot;,&quot;credit&quot;:&quot;&quot;,&quot;camera&quot;:&quot;&quot;,&quot;caption&quot;:&quot;&quot;,&quot;created_timestamp&quot;:&quot;0&quot;,&quot;copyright&quot;:&quot;&quot;,&quot;focal_length&quot;:&quot;0&quot;,&quot;iso&quot;:&quot;0&quot;,&quot;shutter_speed&quot;:&quot;0&quot;,&quot;title&quot;:&quot;&quot;,&quot;orientation&quot;:&quot;0&quot;}\" data-image-title=\"42FF2AEF-7B3A-451E-AF2B-0A7B7E0921DA\" data-image-description=\"\" data-image-caption=\"\" data-medium-file=\"https:\/\/i0.wp.com\/blogdalucianaoliveira.com.br\/blog\/wp-content\/uploads\/2019\/01\/42FF2AEF-7B3A-451E-AF2B-0A7B7E0921DA.jpeg?fit=300%2C204\" data-large-file=\"https:\/\/i0.wp.com\/blogdalucianaoliveira.com.br\/blog\/wp-content\/uploads\/2019\/01\/42FF2AEF-7B3A-451E-AF2B-0A7B7E0921DA.jpeg?fit=600%2C408\" src=\"https:\/\/i0.wp.com\/blogdalucianaoliveira.com.br\/blog\/wp-content\/uploads\/2019\/01\/42FF2AEF-7B3A-451E-AF2B-0A7B7E0921DA.jpeg?resize=600%2C408\" alt=\"42FF2AEF-7B3A-451E-AF2B-0A7B7E0921DA\" width=\"600\" height=\"408\" class=\"alignnone size-full wp-image-20274\" srcset=\"https:\/\/i0.wp.com\/blogdalucianaoliveira.com.br\/blog\/wp-content\/uploads\/2019\/01\/42FF2AEF-7B3A-451E-AF2B-0A7B7E0921DA.jpeg?w=810 810w, https:\/\/i0.wp.com\/blogdalucianaoliveira.com.br\/blog\/wp-content\/uploads\/2019\/01\/42FF2AEF-7B3A-451E-AF2B-0A7B7E0921DA.jpeg?resize=300%2C204 300w, https:\/\/i0.wp.com\/blogdalucianaoliveira.com.br\/blog\/wp-content\/uploads\/2019\/01\/42FF2AEF-7B3A-451E-AF2B-0A7B7E0921DA.jpeg?resize=768%2C522 768w, https:\/\/i0.wp.com\/blogdalucianaoliveira.com.br\/blog\/wp-content\/uploads\/2019\/01\/42FF2AEF-7B3A-451E-AF2B-0A7B7E0921DA.jpeg?resize=441%2C300 441w\" sizes=\"auto, (max-width: 600px) 100vw, 600px\" \/><\/p>\n<p>Neste nosso momento, com este nosso presidente eleito, h\u00e1 uma significativa parcela da popula\u00e7\u00e3o que saliva por sangue. Gente que, em outros tempos, embarcaria com convic\u00e7\u00e3o nas cruzadas contra os mouros (ou, covardemente, apoiaria os templ\u00e1rios da santa paz de suas casas). <!--more--><\/p>\n<p>Essa gente, que \u00e9 parte do mesmo povo brasileiro do qual fa\u00e7o parte, tomou \u00f3dio dos \u201cdireitos humanos\u201d.<br \/>\nSuponho que essa gente esteja acompanhando as not\u00edcias do dia de hoje com a mesma disposi\u00e7\u00e3o de quem acompanha um cap\u00edtulo de novela, cheio de revira-voltas. Afinal, hoje a justi\u00e7a brasileira teve de decidir se Lula poderia acompanhar o enterro do irm\u00e3o. Gostem de spoilers ou n\u00e3o, o fato \u00e9 que Lula conseguiu a autoriza\u00e7\u00e3o j\u00e1 tarde demais, quando seu irm\u00e3o j\u00e1 havia sido sepultado. Como se sentiu essa gente com esse desfecho?<\/p>\n<p>Posso imaginar o j\u00fabilo de grande parte dessa gente. Mas tenho f\u00e9 de que muitos antipetistas, e mesmo probolsonaristas, vacilaram hoje. H\u00e1 algo de profundo nos eventos desta quarta-feira, 30 de janeiro de 2018. Algo que diz respeito aos direitos humanos e que \u00e9 capaz, como em toda dramaturgia cl\u00e1ssica, transmitir ensinamentos preciosos. Diante disso, afirmo: o dia de hoje, \u00e0s custas da dor de um cocidad\u00e3o, generosamente explica o humano no direito.<\/p>\n<p>Sepultar um irm\u00e3o \u00e9 um direito t\u00e3o, mas t\u00e3o antigo, que o dramaturgo S\u00f3focles escreveu, no s\u00e9culo V antes de Cristo, uma trag\u00e9dia, intitulada \u201cAnt\u00edgona\u201d, inteira sobre esse tema. No caso, a personagem Ant\u00edgona contraria as ordens do rei e sepulta seu irm\u00e3o, condenado a jazer insepulto. Um corpo insepulto \u00e9 a maior das desonras. N\u00e3o por acaso as fam\u00edlias de desaparecidos clamam pelos seus mortos. Somos humanos porque temos humanidade. E se h\u00e1, nas culturas comparadas, alguns pontos convergentes, esse \u00e9 um deles: mesmo os indignos t\u00eam direito \u00e0 sepultura. E seus parentes t\u00eam o direito (e o dever) de enterr\u00e1-los. Por isso que nossas leis garantem aos presidi\u00e1rios, os criminosos condenados popularmente chamados de \u201cbandidos\u201d, o direito de sepultarem seus familiares mais pr\u00f3ximos. Um irm\u00e3o, por exemplo. Esse direito foi negado ao Lula.<\/p>\n<p>Antipetistas e probolsonaristas podem vibrar com a justi\u00e7a brasileira ter julgado, condenado e preso um ex-presidente (certamente n\u00e3o compartilham da minha vis\u00e3o de que Lula \u00e9 um preso pol\u00edtico). Podem, inclusive, perder a compostura e rejeitar o tratamento honrado que cabe a ex-presidentes. Por\u00e9m, diante dos fatos ocorridos hoje, tenho certeza de que somente os mais inumanos e crueis dos homens n\u00e3o empatizem com Lula. Tenho certeza de que a justi\u00e7a dos homens falhou aqui e que o povo compreende isso. Porque l\u00e1 dentro, em n\u00f3s, h\u00e1 um humano compassivo que sabe que esse nosso direito soberano e universal de enterrar nossos mortos vale pra todos. Um direito que, se nos fosse negado por um Moro-Creonte, nos levaria \u00e0 desobedi\u00eancia civil. Afinal, somos todas Ant\u00edgona. Se eu fosse Lula e pudesse fugir para enterrar meu irm\u00e3o, eu o faria.<\/p>\n<p>*Por Raquel Valadares, documentarista, especial para os Jornalistas Livres.<\/p>\n","protected":false},"excerpt":{"rendered":"<p>Neste nosso momento, com este nosso presidente eleito, h\u00e1 uma significativa parcela da popula\u00e7\u00e3o que saliva por sangue. Gente que, em outros tempos, embarcaria com convic\u00e7\u00e3o nas cruzadas contra os mouros (ou, covardemente, apoiaria os templ\u00e1rios da santa paz de suas casas).<\/p>\n","protected":false},"author":1,"featured_media":0,"comment_status":"closed","ping_status":"open","sticky":false,"template":"","format":"standard","meta":{"_exactmetrics_skip_tracking":false,"_exactmetrics_sitenote_active":false,"_exactmetrics_sitenote_note":"","_exactmetrics_sitenote_category":0,"jetpack_post_was_ever_published":false,"_jetpack_newsletter_access":"","_jetpack_dont_email_post_to_subs":false,"_jetpack_newsletter_tier_id":0,"_jetpack_memberships_contains_paywalled_content":false,"_jetpack_memberships_contains_paid_content":false,"footnotes":"","jetpack_publicize_message":"","jetpack_publicize_feature_enabled":true,"jetpack_social_post_already_shared":true,"jetpack_social_options":{"image_generator_settings":{"template":"highway","enabled":false},"version":2}},"categories":[1],"tags":[],"class_list":["post-20273","post","type-post","status-publish","format-standard","hentry","category-notas"],"jetpack_publicize_connections":[],"jetpack_sharing_enabled":true,"jetpack_featured_media_url":"","jetpack_shortlink":"https:\/\/wp.me\/p7wKYW-5gZ","jetpack-related-posts":[],"_links":{"self":[{"href":"http:\/\/blogdalucianaoliveira.com.br\/blog\/wp-json\/wp\/v2\/posts\/20273","targetHints":{"allow":["GET"]}}],"collection":[{"href":"http:\/\/blogdalucianaoliveira.com.br\/blog\/wp-json\/wp\/v2\/posts"}],"about":[{"href":"http:\/\/blogdalucianaoliveira.com.br\/blog\/wp-json\/wp\/v2\/types\/post"}],"author":[{"embeddable":true,"href":"http:\/\/blogdalucianaoliveira.com.br\/blog\/wp-json\/wp\/v2\/users\/1"}],"replies":[{"embeddable":true,"href":"http:\/\/blogdalucianaoliveira.com.br\/blog\/wp-json\/wp\/v2\/comments?post=20273"}],"version-history":[{"count":1,"href":"http:\/\/blogdalucianaoliveira.com.br\/blog\/wp-json\/wp\/v2\/posts\/20273\/revisions"}],"predecessor-version":[{"id":20275,"href":"http:\/\/blogdalucianaoliveira.com.br\/blog\/wp-json\/wp\/v2\/posts\/20273\/revisions\/20275"}],"wp:attachment":[{"href":"http:\/\/blogdalucianaoliveira.com.br\/blog\/wp-json\/wp\/v2\/media?parent=20273"}],"wp:term":[{"taxonomy":"category","embeddable":true,"href":"http:\/\/blogdalucianaoliveira.com.br\/blog\/wp-json\/wp\/v2\/categories?post=20273"},{"taxonomy":"post_tag","embeddable":true,"href":"http:\/\/blogdalucianaoliveira.com.br\/blog\/wp-json\/wp\/v2\/tags?post=20273"}],"curies":[{"name":"wp","href":"https:\/\/api.w.org\/{rel}","templated":true}]}}