{"id":20279,"date":"2019-01-31T14:44:02","date_gmt":"2019-01-31T18:44:02","guid":{"rendered":"http:\/\/blogdalucianaoliveira.com.br\/blog\/?p=20279"},"modified":"2019-01-31T15:09:25","modified_gmt":"2019-01-31T19:09:25","slug":"ro-governador-nao-recebe-indios-que-denunciam-invasoes-em-suas-terras","status":"publish","type":"post","link":"http:\/\/blogdalucianaoliveira.com.br\/blog\/2019\/01\/31\/ro-governador-nao-recebe-indios-que-denunciam-invasoes-em-suas-terras\/","title":{"rendered":"RO: Governador n\u00e3o recebe ind\u00edgenas que denunciam invas\u00f5es em suas terras"},"content":{"rendered":"<p><img data-recalc-dims=\"1\" loading=\"lazy\" decoding=\"async\" data-attachment-id=\"20280\" data-permalink=\"http:\/\/blogdalucianaoliveira.com.br\/blog\/2019\/01\/31\/ro-governador-nao-recebe-indios-que-denunciam-invasoes-em-suas-terras\/90d081bf-fca9-4c68-90ec-f33cc2fb1f84\/\" data-orig-file=\"https:\/\/i0.wp.com\/blogdalucianaoliveira.com.br\/blog\/wp-content\/uploads\/2019\/01\/90D081BF-FCA9-4C68-90EC-F33CC2FB1F84.jpeg?fit=4032%2C3021\" data-orig-size=\"4032,3021\" data-comments-opened=\"0\" data-image-meta=\"{&quot;aperture&quot;:&quot;1.8&quot;,&quot;credit&quot;:&quot;&quot;,&quot;camera&quot;:&quot;iPhone 7&quot;,&quot;caption&quot;:&quot;&quot;,&quot;created_timestamp&quot;:&quot;1548934609&quot;,&quot;copyright&quot;:&quot;&quot;,&quot;focal_length&quot;:&quot;3.99&quot;,&quot;iso&quot;:&quot;20&quot;,&quot;shutter_speed&quot;:&quot;0.000343997248022&quot;,&quot;title&quot;:&quot;&quot;,&quot;orientation&quot;:&quot;1&quot;}\" data-image-title=\"90D081BF-FCA9-4C68-90EC-F33CC2FB1F84\" data-image-description=\"\" data-image-caption=\"\" data-medium-file=\"https:\/\/i0.wp.com\/blogdalucianaoliveira.com.br\/blog\/wp-content\/uploads\/2019\/01\/90D081BF-FCA9-4C68-90EC-F33CC2FB1F84.jpeg?fit=300%2C225\" data-large-file=\"https:\/\/i0.wp.com\/blogdalucianaoliveira.com.br\/blog\/wp-content\/uploads\/2019\/01\/90D081BF-FCA9-4C68-90EC-F33CC2FB1F84.jpeg?fit=600%2C449\" src=\"https:\/\/i0.wp.com\/blogdalucianaoliveira.com.br\/blog\/wp-content\/uploads\/2019\/01\/90D081BF-FCA9-4C68-90EC-F33CC2FB1F84.jpeg?resize=600%2C450\" alt=\"90D081BF-FCA9-4C68-90EC-F33CC2FB1F84\" width=\"600\" height=\"450\" class=\"alignnone size-full wp-image-20280\" srcset=\"https:\/\/i0.wp.com\/blogdalucianaoliveira.com.br\/blog\/wp-content\/uploads\/2019\/01\/90D081BF-FCA9-4C68-90EC-F33CC2FB1F84.jpeg?w=4032 4032w, https:\/\/i0.wp.com\/blogdalucianaoliveira.com.br\/blog\/wp-content\/uploads\/2019\/01\/90D081BF-FCA9-4C68-90EC-F33CC2FB1F84.jpeg?resize=300%2C225 300w, https:\/\/i0.wp.com\/blogdalucianaoliveira.com.br\/blog\/wp-content\/uploads\/2019\/01\/90D081BF-FCA9-4C68-90EC-F33CC2FB1F84.jpeg?resize=768%2C575 768w, https:\/\/i0.wp.com\/blogdalucianaoliveira.com.br\/blog\/wp-content\/uploads\/2019\/01\/90D081BF-FCA9-4C68-90EC-F33CC2FB1F84.jpeg?resize=1024%2C767 1024w, https:\/\/i0.wp.com\/blogdalucianaoliveira.com.br\/blog\/wp-content\/uploads\/2019\/01\/90D081BF-FCA9-4C68-90EC-F33CC2FB1F84.jpeg?resize=400%2C300 400w, https:\/\/i0.wp.com\/blogdalucianaoliveira.com.br\/blog\/wp-content\/uploads\/2019\/01\/90D081BF-FCA9-4C68-90EC-F33CC2FB1F84.jpeg?w=1200 1200w, https:\/\/i0.wp.com\/blogdalucianaoliveira.com.br\/blog\/wp-content\/uploads\/2019\/01\/90D081BF-FCA9-4C68-90EC-F33CC2FB1F84.jpeg?w=1800 1800w\" sizes=\"auto, (max-width: 600px) 100vw, 600px\" \/><\/p>\n<p>O dia foi de mobiliza\u00e7\u00e3o em todo o pa\u00eds em defesa dos povos e territ\u00f3rios ind\u00edgenas. <\/p>\n<p>Em Porto Velho, come\u00e7ou na Universidade Federal de Rond\u00f4nia &#8211; UNIR e terminou no centro administrativo do governo. <!--more--><\/p>\n<div class=\"fb-post\" data-href=\"https:\/\/www.facebook.com\/100001977379087\/posts\/2186511551424736\/\" data-width=\"552\"><\/div>\n<p><img data-recalc-dims=\"1\" loading=\"lazy\" decoding=\"async\" data-attachment-id=\"20281\" data-permalink=\"http:\/\/blogdalucianaoliveira.com.br\/blog\/2019\/01\/31\/ro-governador-nao-recebe-indios-que-denunciam-invasoes-em-suas-terras\/fcab34d6-0be3-400a-828c-d837055da8dd\/\" data-orig-file=\"https:\/\/i0.wp.com\/blogdalucianaoliveira.com.br\/blog\/wp-content\/uploads\/2019\/01\/FCAB34D6-0BE3-400A-828C-D837055DA8DD.jpeg?fit=4032%2C3024\" data-orig-size=\"4032,3024\" data-comments-opened=\"0\" data-image-meta=\"{&quot;aperture&quot;:&quot;0&quot;,&quot;credit&quot;:&quot;&quot;,&quot;camera&quot;:&quot;&quot;,&quot;caption&quot;:&quot;&quot;,&quot;created_timestamp&quot;:&quot;0&quot;,&quot;copyright&quot;:&quot;&quot;,&quot;focal_length&quot;:&quot;0&quot;,&quot;iso&quot;:&quot;0&quot;,&quot;shutter_speed&quot;:&quot;0&quot;,&quot;title&quot;:&quot;&quot;,&quot;orientation&quot;:&quot;1&quot;}\" data-image-title=\"FCAB34D6-0BE3-400A-828C-D837055DA8DD\" data-image-description=\"\" data-image-caption=\"\" data-medium-file=\"https:\/\/i0.wp.com\/blogdalucianaoliveira.com.br\/blog\/wp-content\/uploads\/2019\/01\/FCAB34D6-0BE3-400A-828C-D837055DA8DD.jpeg?fit=300%2C225\" data-large-file=\"https:\/\/i0.wp.com\/blogdalucianaoliveira.com.br\/blog\/wp-content\/uploads\/2019\/01\/FCAB34D6-0BE3-400A-828C-D837055DA8DD.jpeg?fit=600%2C450\" src=\"https:\/\/i0.wp.com\/blogdalucianaoliveira.com.br\/blog\/wp-content\/uploads\/2019\/01\/FCAB34D6-0BE3-400A-828C-D837055DA8DD.jpeg?resize=600%2C450\" alt=\"FCAB34D6-0BE3-400A-828C-D837055DA8DD\" width=\"600\" height=\"450\" class=\"alignnone size-full wp-image-20281\" srcset=\"https:\/\/i0.wp.com\/blogdalucianaoliveira.com.br\/blog\/wp-content\/uploads\/2019\/01\/FCAB34D6-0BE3-400A-828C-D837055DA8DD.jpeg?w=4032 4032w, https:\/\/i0.wp.com\/blogdalucianaoliveira.com.br\/blog\/wp-content\/uploads\/2019\/01\/FCAB34D6-0BE3-400A-828C-D837055DA8DD.jpeg?resize=300%2C225 300w, https:\/\/i0.wp.com\/blogdalucianaoliveira.com.br\/blog\/wp-content\/uploads\/2019\/01\/FCAB34D6-0BE3-400A-828C-D837055DA8DD.jpeg?resize=768%2C576 768w, https:\/\/i0.wp.com\/blogdalucianaoliveira.com.br\/blog\/wp-content\/uploads\/2019\/01\/FCAB34D6-0BE3-400A-828C-D837055DA8DD.jpeg?resize=1024%2C768 1024w, https:\/\/i0.wp.com\/blogdalucianaoliveira.com.br\/blog\/wp-content\/uploads\/2019\/01\/FCAB34D6-0BE3-400A-828C-D837055DA8DD.jpeg?resize=400%2C300 400w, https:\/\/i0.wp.com\/blogdalucianaoliveira.com.br\/blog\/wp-content\/uploads\/2019\/01\/FCAB34D6-0BE3-400A-828C-D837055DA8DD.jpeg?w=1200 1200w, https:\/\/i0.wp.com\/blogdalucianaoliveira.com.br\/blog\/wp-content\/uploads\/2019\/01\/FCAB34D6-0BE3-400A-828C-D837055DA8DD.jpeg?w=1800 1800w\" sizes=\"auto, (max-width: 600px) 100vw, 600px\" \/><\/p>\n<p><img data-recalc-dims=\"1\" loading=\"lazy\" decoding=\"async\" data-attachment-id=\"20282\" data-permalink=\"http:\/\/blogdalucianaoliveira.com.br\/blog\/2019\/01\/31\/ro-governador-nao-recebe-indios-que-denunciam-invasoes-em-suas-terras\/c5234b2d-c6e9-4fe2-bbc8-1915a287e43b\/\" data-orig-file=\"https:\/\/i0.wp.com\/blogdalucianaoliveira.com.br\/blog\/wp-content\/uploads\/2019\/01\/C5234B2D-C6E9-4FE2-BBC8-1915A287E43B.jpeg?fit=4032%2C3024\" data-orig-size=\"4032,3024\" data-comments-opened=\"0\" data-image-meta=\"{&quot;aperture&quot;:&quot;0&quot;,&quot;credit&quot;:&quot;&quot;,&quot;camera&quot;:&quot;&quot;,&quot;caption&quot;:&quot;&quot;,&quot;created_timestamp&quot;:&quot;0&quot;,&quot;copyright&quot;:&quot;&quot;,&quot;focal_length&quot;:&quot;0&quot;,&quot;iso&quot;:&quot;0&quot;,&quot;shutter_speed&quot;:&quot;0&quot;,&quot;title&quot;:&quot;&quot;,&quot;orientation&quot;:&quot;1&quot;}\" data-image-title=\"C5234B2D-C6E9-4FE2-BBC8-1915A287E43B\" data-image-description=\"\" data-image-caption=\"\" data-medium-file=\"https:\/\/i0.wp.com\/blogdalucianaoliveira.com.br\/blog\/wp-content\/uploads\/2019\/01\/C5234B2D-C6E9-4FE2-BBC8-1915A287E43B.jpeg?fit=300%2C225\" data-large-file=\"https:\/\/i0.wp.com\/blogdalucianaoliveira.com.br\/blog\/wp-content\/uploads\/2019\/01\/C5234B2D-C6E9-4FE2-BBC8-1915A287E43B.jpeg?fit=600%2C450\" src=\"https:\/\/i0.wp.com\/blogdalucianaoliveira.com.br\/blog\/wp-content\/uploads\/2019\/01\/C5234B2D-C6E9-4FE2-BBC8-1915A287E43B.jpeg?resize=600%2C450\" alt=\"C5234B2D-C6E9-4FE2-BBC8-1915A287E43B\" width=\"600\" height=\"450\" class=\"alignnone size-full wp-image-20282\" srcset=\"https:\/\/i0.wp.com\/blogdalucianaoliveira.com.br\/blog\/wp-content\/uploads\/2019\/01\/C5234B2D-C6E9-4FE2-BBC8-1915A287E43B.jpeg?w=4032 4032w, https:\/\/i0.wp.com\/blogdalucianaoliveira.com.br\/blog\/wp-content\/uploads\/2019\/01\/C5234B2D-C6E9-4FE2-BBC8-1915A287E43B.jpeg?resize=300%2C225 300w, https:\/\/i0.wp.com\/blogdalucianaoliveira.com.br\/blog\/wp-content\/uploads\/2019\/01\/C5234B2D-C6E9-4FE2-BBC8-1915A287E43B.jpeg?resize=768%2C576 768w, https:\/\/i0.wp.com\/blogdalucianaoliveira.com.br\/blog\/wp-content\/uploads\/2019\/01\/C5234B2D-C6E9-4FE2-BBC8-1915A287E43B.jpeg?resize=1024%2C768 1024w, https:\/\/i0.wp.com\/blogdalucianaoliveira.com.br\/blog\/wp-content\/uploads\/2019\/01\/C5234B2D-C6E9-4FE2-BBC8-1915A287E43B.jpeg?resize=400%2C300 400w, https:\/\/i0.wp.com\/blogdalucianaoliveira.com.br\/blog\/wp-content\/uploads\/2019\/01\/C5234B2D-C6E9-4FE2-BBC8-1915A287E43B.jpeg?w=1200 1200w, https:\/\/i0.wp.com\/blogdalucianaoliveira.com.br\/blog\/wp-content\/uploads\/2019\/01\/C5234B2D-C6E9-4FE2-BBC8-1915A287E43B.jpeg?w=1800 1800w\" sizes=\"auto, (max-width: 600px) 100vw, 600px\" \/><\/p>\n<p>Vieram de longe lideran\u00e7as de v\u00e1rias etnias, de aldeias de dif\u00edcil acesso, para falar com o governador Marcos Rocha (PSL), mas n\u00e3o conseguiram. <\/p>\n<p>Eles querem ser ouvidos e saber se o governador vai proteg\u00ea-los ou apoiar as mudan\u00e7as que potencializam conflitos. <\/p>\n<p>A manifesta\u00e7\u00e3o seguiu em frente ao pal\u00e1cio Rio Madeira. <\/p>\n<p>\u00c9 contra um presidente que j\u00e1 demonstrou desprezo aos povos origin\u00e1rios e quer entregar as riquezas de seus territ\u00f3rios ao capital estrangeiro e ao agroneg\u00f3cio. <\/p>\n<p>O recado \u00e9 claro: \u201cn\u00e3o \u00e9 esse presidente que vai tirar o direito da gente\u201d. <\/p>\n<p>Pintura e canto de guerra. <\/p>\n<p><img data-recalc-dims=\"1\" loading=\"lazy\" decoding=\"async\" data-attachment-id=\"20284\" data-permalink=\"http:\/\/blogdalucianaoliveira.com.br\/blog\/2019\/01\/31\/ro-governador-nao-recebe-indios-que-denunciam-invasoes-em-suas-terras\/494b3c85-9263-4635-8cfa-c9451958150d\/\" data-orig-file=\"https:\/\/i0.wp.com\/blogdalucianaoliveira.com.br\/blog\/wp-content\/uploads\/2019\/01\/494B3C85-9263-4635-8CFA-C9451958150D.jpeg?fit=4032%2C3024\" data-orig-size=\"4032,3024\" data-comments-opened=\"0\" data-image-meta=\"{&quot;aperture&quot;:&quot;0&quot;,&quot;credit&quot;:&quot;&quot;,&quot;camera&quot;:&quot;&quot;,&quot;caption&quot;:&quot;&quot;,&quot;created_timestamp&quot;:&quot;0&quot;,&quot;copyright&quot;:&quot;&quot;,&quot;focal_length&quot;:&quot;0&quot;,&quot;iso&quot;:&quot;0&quot;,&quot;shutter_speed&quot;:&quot;0&quot;,&quot;title&quot;:&quot;&quot;,&quot;orientation&quot;:&quot;1&quot;}\" data-image-title=\"494B3C85-9263-4635-8CFA-C9451958150D\" data-image-description=\"\" data-image-caption=\"\" data-medium-file=\"https:\/\/i0.wp.com\/blogdalucianaoliveira.com.br\/blog\/wp-content\/uploads\/2019\/01\/494B3C85-9263-4635-8CFA-C9451958150D.jpeg?fit=300%2C225\" data-large-file=\"https:\/\/i0.wp.com\/blogdalucianaoliveira.com.br\/blog\/wp-content\/uploads\/2019\/01\/494B3C85-9263-4635-8CFA-C9451958150D.jpeg?fit=600%2C450\" src=\"https:\/\/i0.wp.com\/blogdalucianaoliveira.com.br\/blog\/wp-content\/uploads\/2019\/01\/494B3C85-9263-4635-8CFA-C9451958150D.jpeg?resize=600%2C450\" alt=\"494B3C85-9263-4635-8CFA-C9451958150D\" width=\"600\" height=\"450\" class=\"alignnone size-full wp-image-20284\" srcset=\"https:\/\/i0.wp.com\/blogdalucianaoliveira.com.br\/blog\/wp-content\/uploads\/2019\/01\/494B3C85-9263-4635-8CFA-C9451958150D.jpeg?w=4032 4032w, https:\/\/i0.wp.com\/blogdalucianaoliveira.com.br\/blog\/wp-content\/uploads\/2019\/01\/494B3C85-9263-4635-8CFA-C9451958150D.jpeg?resize=300%2C225 300w, https:\/\/i0.wp.com\/blogdalucianaoliveira.com.br\/blog\/wp-content\/uploads\/2019\/01\/494B3C85-9263-4635-8CFA-C9451958150D.jpeg?resize=768%2C576 768w, https:\/\/i0.wp.com\/blogdalucianaoliveira.com.br\/blog\/wp-content\/uploads\/2019\/01\/494B3C85-9263-4635-8CFA-C9451958150D.jpeg?resize=1024%2C768 1024w, https:\/\/i0.wp.com\/blogdalucianaoliveira.com.br\/blog\/wp-content\/uploads\/2019\/01\/494B3C85-9263-4635-8CFA-C9451958150D.jpeg?resize=400%2C300 400w, https:\/\/i0.wp.com\/blogdalucianaoliveira.com.br\/blog\/wp-content\/uploads\/2019\/01\/494B3C85-9263-4635-8CFA-C9451958150D.jpeg?w=1200 1200w, https:\/\/i0.wp.com\/blogdalucianaoliveira.com.br\/blog\/wp-content\/uploads\/2019\/01\/494B3C85-9263-4635-8CFA-C9451958150D.jpeg?w=1800 1800w\" sizes=\"auto, (max-width: 600px) 100vw, 600px\" \/><\/p>\n<p><img data-recalc-dims=\"1\" loading=\"lazy\" decoding=\"async\" data-attachment-id=\"20285\" data-permalink=\"http:\/\/blogdalucianaoliveira.com.br\/blog\/2019\/01\/31\/ro-governador-nao-recebe-indios-que-denunciam-invasoes-em-suas-terras\/1ea9ff18-9824-4244-8790-3bb116b4d8eb\/\" data-orig-file=\"https:\/\/i0.wp.com\/blogdalucianaoliveira.com.br\/blog\/wp-content\/uploads\/2019\/01\/1EA9FF18-9824-4244-8790-3BB116B4D8EB.jpeg?fit=4032%2C3024\" data-orig-size=\"4032,3024\" data-comments-opened=\"0\" data-image-meta=\"{&quot;aperture&quot;:&quot;0&quot;,&quot;credit&quot;:&quot;&quot;,&quot;camera&quot;:&quot;&quot;,&quot;caption&quot;:&quot;&quot;,&quot;created_timestamp&quot;:&quot;0&quot;,&quot;copyright&quot;:&quot;&quot;,&quot;focal_length&quot;:&quot;0&quot;,&quot;iso&quot;:&quot;0&quot;,&quot;shutter_speed&quot;:&quot;0&quot;,&quot;title&quot;:&quot;&quot;,&quot;orientation&quot;:&quot;1&quot;}\" data-image-title=\"1EA9FF18-9824-4244-8790-3BB116B4D8EB\" data-image-description=\"\" data-image-caption=\"\" data-medium-file=\"https:\/\/i0.wp.com\/blogdalucianaoliveira.com.br\/blog\/wp-content\/uploads\/2019\/01\/1EA9FF18-9824-4244-8790-3BB116B4D8EB.jpeg?fit=300%2C225\" data-large-file=\"https:\/\/i0.wp.com\/blogdalucianaoliveira.com.br\/blog\/wp-content\/uploads\/2019\/01\/1EA9FF18-9824-4244-8790-3BB116B4D8EB.jpeg?fit=600%2C450\" src=\"https:\/\/i0.wp.com\/blogdalucianaoliveira.com.br\/blog\/wp-content\/uploads\/2019\/01\/1EA9FF18-9824-4244-8790-3BB116B4D8EB.jpeg?resize=600%2C450\" alt=\"1EA9FF18-9824-4244-8790-3BB116B4D8EB\" width=\"600\" height=\"450\" class=\"alignnone size-full wp-image-20285\" srcset=\"https:\/\/i0.wp.com\/blogdalucianaoliveira.com.br\/blog\/wp-content\/uploads\/2019\/01\/1EA9FF18-9824-4244-8790-3BB116B4D8EB.jpeg?w=4032 4032w, https:\/\/i0.wp.com\/blogdalucianaoliveira.com.br\/blog\/wp-content\/uploads\/2019\/01\/1EA9FF18-9824-4244-8790-3BB116B4D8EB.jpeg?resize=300%2C225 300w, https:\/\/i0.wp.com\/blogdalucianaoliveira.com.br\/blog\/wp-content\/uploads\/2019\/01\/1EA9FF18-9824-4244-8790-3BB116B4D8EB.jpeg?resize=768%2C576 768w, https:\/\/i0.wp.com\/blogdalucianaoliveira.com.br\/blog\/wp-content\/uploads\/2019\/01\/1EA9FF18-9824-4244-8790-3BB116B4D8EB.jpeg?resize=1024%2C768 1024w, https:\/\/i0.wp.com\/blogdalucianaoliveira.com.br\/blog\/wp-content\/uploads\/2019\/01\/1EA9FF18-9824-4244-8790-3BB116B4D8EB.jpeg?resize=400%2C300 400w, https:\/\/i0.wp.com\/blogdalucianaoliveira.com.br\/blog\/wp-content\/uploads\/2019\/01\/1EA9FF18-9824-4244-8790-3BB116B4D8EB.jpeg?w=1200 1200w, https:\/\/i0.wp.com\/blogdalucianaoliveira.com.br\/blog\/wp-content\/uploads\/2019\/01\/1EA9FF18-9824-4244-8790-3BB116B4D8EB.jpeg?w=1800 1800w\" sizes=\"auto, (max-width: 600px) 100vw, 600px\" \/><\/p>\n<p><img data-recalc-dims=\"1\" loading=\"lazy\" decoding=\"async\" data-attachment-id=\"20286\" data-permalink=\"http:\/\/blogdalucianaoliveira.com.br\/blog\/2019\/01\/31\/ro-governador-nao-recebe-indios-que-denunciam-invasoes-em-suas-terras\/918b5b1e-e2a7-4d3b-8eef-312c91293cb7\/\" data-orig-file=\"https:\/\/i0.wp.com\/blogdalucianaoliveira.com.br\/blog\/wp-content\/uploads\/2019\/01\/918B5B1E-E2A7-4D3B-8EEF-312C91293CB7.jpeg?fit=4032%2C3024\" data-orig-size=\"4032,3024\" data-comments-opened=\"0\" data-image-meta=\"{&quot;aperture&quot;:&quot;0&quot;,&quot;credit&quot;:&quot;&quot;,&quot;camera&quot;:&quot;&quot;,&quot;caption&quot;:&quot;&quot;,&quot;created_timestamp&quot;:&quot;0&quot;,&quot;copyright&quot;:&quot;&quot;,&quot;focal_length&quot;:&quot;0&quot;,&quot;iso&quot;:&quot;0&quot;,&quot;shutter_speed&quot;:&quot;0&quot;,&quot;title&quot;:&quot;&quot;,&quot;orientation&quot;:&quot;1&quot;}\" data-image-title=\"918B5B1E-E2A7-4D3B-8EEF-312C91293CB7\" data-image-description=\"\" data-image-caption=\"\" data-medium-file=\"https:\/\/i0.wp.com\/blogdalucianaoliveira.com.br\/blog\/wp-content\/uploads\/2019\/01\/918B5B1E-E2A7-4D3B-8EEF-312C91293CB7.jpeg?fit=300%2C225\" data-large-file=\"https:\/\/i0.wp.com\/blogdalucianaoliveira.com.br\/blog\/wp-content\/uploads\/2019\/01\/918B5B1E-E2A7-4D3B-8EEF-312C91293CB7.jpeg?fit=600%2C450\" src=\"https:\/\/i0.wp.com\/blogdalucianaoliveira.com.br\/blog\/wp-content\/uploads\/2019\/01\/918B5B1E-E2A7-4D3B-8EEF-312C91293CB7.jpeg?resize=600%2C450\" alt=\"918B5B1E-E2A7-4D3B-8EEF-312C91293CB7\" width=\"600\" height=\"450\" class=\"alignnone size-full wp-image-20286\" srcset=\"https:\/\/i0.wp.com\/blogdalucianaoliveira.com.br\/blog\/wp-content\/uploads\/2019\/01\/918B5B1E-E2A7-4D3B-8EEF-312C91293CB7.jpeg?w=4032 4032w, https:\/\/i0.wp.com\/blogdalucianaoliveira.com.br\/blog\/wp-content\/uploads\/2019\/01\/918B5B1E-E2A7-4D3B-8EEF-312C91293CB7.jpeg?resize=300%2C225 300w, https:\/\/i0.wp.com\/blogdalucianaoliveira.com.br\/blog\/wp-content\/uploads\/2019\/01\/918B5B1E-E2A7-4D3B-8EEF-312C91293CB7.jpeg?resize=768%2C576 768w, https:\/\/i0.wp.com\/blogdalucianaoliveira.com.br\/blog\/wp-content\/uploads\/2019\/01\/918B5B1E-E2A7-4D3B-8EEF-312C91293CB7.jpeg?resize=1024%2C768 1024w, https:\/\/i0.wp.com\/blogdalucianaoliveira.com.br\/blog\/wp-content\/uploads\/2019\/01\/918B5B1E-E2A7-4D3B-8EEF-312C91293CB7.jpeg?resize=400%2C300 400w, https:\/\/i0.wp.com\/blogdalucianaoliveira.com.br\/blog\/wp-content\/uploads\/2019\/01\/918B5B1E-E2A7-4D3B-8EEF-312C91293CB7.jpeg?w=1200 1200w, https:\/\/i0.wp.com\/blogdalucianaoliveira.com.br\/blog\/wp-content\/uploads\/2019\/01\/918B5B1E-E2A7-4D3B-8EEF-312C91293CB7.jpeg?w=1800 1800w\" sizes=\"auto, (max-width: 600px) 100vw, 600px\" \/><\/p>\n<p>Est\u00e1 na Constitui\u00e7\u00e3o Federal o dever do estado de proteger a terra e a cultura dos povos ind\u00edgenas.<\/p>\n<p>S\u00e3o 519 anos de resist\u00eancia. <\/p>\n<p>Em Rond\u00f4nia todas as terras ind\u00edgenas s\u00e3o invadidas h\u00e1 muito tempo, mas com a posse de Jair Bolsonaro se tornaram mais frequentes e ousadas, pr\u00f3ximas das aldeias. <\/p>\n<p>Grileiros e madeireiros invadem \u00e1reas protegidas para lucrar destruindo a floresta. <\/p>\n<p>Os ind\u00edgenas est\u00e3o em alerta e indignados com a transfer\u00eancia da Funai do Minist\u00e9rio da Justi\u00e7a para o Minist\u00e9rio da Mulher, Fam\u00edlia e Direitos Humanos e tamb\u00e9m com a da demarca\u00e7\u00e3o de terras para o o Minist\u00e9rio da Agricultura. <\/p>\n<p>Se sentem menos protegidos e mais amea\u00e7ados. <\/p>\n<p>A Comiss\u00e3o de Direitos Humanos da OAB-RO visitou uma aldeia no territ\u00f3rio Uru-Eu-Wau-Wau esta semana. O Minist\u00e9rio P\u00fablico Federal tamb\u00e9m mandou representante para ver as enormes picadas abertas para roubo de Madeira. A Pol\u00edcia Federal e a Funai est\u00e3o cientes do perigo de confronto armado, porque as invas\u00f5es s\u00e3o cessam. <\/p>\n<p>Veja: <\/p>\n<div class=\"jetpack-video-wrapper\"><iframe loading=\"lazy\" title=\"O estrago do discurso de Bolsonaro no territ\u00f3rio ind\u00edgena dos Uru-Eu-Wau-Wau\" width=\"600\" height=\"450\" src=\"https:\/\/www.youtube.com\/embed\/orswZFA_Px4?feature=oembed\" frameborder=\"0\" allow=\"accelerometer; autoplay; clipboard-write; encrypted-media; gyroscope; picture-in-picture; web-share\" referrerpolicy=\"strict-origin-when-cross-origin\" allowfullscreen><\/iframe><\/div>\n","protected":false},"excerpt":{"rendered":"<p>O dia foi de mobiliza\u00e7\u00e3o em todo o pa\u00eds em defesa dos povos e territ\u00f3rios ind\u00edgenas. Em Porto Velho, come\u00e7ou na Universidade Federal de Rond\u00f4nia &#8211; UNIR e terminou no centro administrativo do governo.<\/p>\n","protected":false},"author":1,"featured_media":0,"comment_status":"closed","ping_status":"open","sticky":false,"template":"","format":"standard","meta":{"_exactmetrics_skip_tracking":false,"_exactmetrics_sitenote_active":false,"_exactmetrics_sitenote_note":"","_exactmetrics_sitenote_category":0,"jetpack_post_was_ever_published":false,"_jetpack_newsletter_access":"","_jetpack_dont_email_post_to_subs":false,"_jetpack_newsletter_tier_id":0,"_jetpack_memberships_contains_paywalled_content":false,"_jetpack_memberships_contains_paid_content":false,"footnotes":"","jetpack_publicize_message":"","jetpack_publicize_feature_enabled":true,"jetpack_social_post_already_shared":true,"jetpack_social_options":{"image_generator_settings":{"template":"highway","enabled":false},"version":2}},"categories":[1],"tags":[],"class_list":["post-20279","post","type-post","status-publish","format-standard","hentry","category-notas"],"jetpack_publicize_connections":[],"jetpack_sharing_enabled":true,"jetpack_featured_media_url":"","jetpack_shortlink":"https:\/\/wp.me\/p7wKYW-5h5","jetpack-related-posts":[],"_links":{"self":[{"href":"http:\/\/blogdalucianaoliveira.com.br\/blog\/wp-json\/wp\/v2\/posts\/20279","targetHints":{"allow":["GET"]}}],"collection":[{"href":"http:\/\/blogdalucianaoliveira.com.br\/blog\/wp-json\/wp\/v2\/posts"}],"about":[{"href":"http:\/\/blogdalucianaoliveira.com.br\/blog\/wp-json\/wp\/v2\/types\/post"}],"author":[{"embeddable":true,"href":"http:\/\/blogdalucianaoliveira.com.br\/blog\/wp-json\/wp\/v2\/users\/1"}],"replies":[{"embeddable":true,"href":"http:\/\/blogdalucianaoliveira.com.br\/blog\/wp-json\/wp\/v2\/comments?post=20279"}],"version-history":[{"count":8,"href":"http:\/\/blogdalucianaoliveira.com.br\/blog\/wp-json\/wp\/v2\/posts\/20279\/revisions"}],"predecessor-version":[{"id":20293,"href":"http:\/\/blogdalucianaoliveira.com.br\/blog\/wp-json\/wp\/v2\/posts\/20279\/revisions\/20293"}],"wp:attachment":[{"href":"http:\/\/blogdalucianaoliveira.com.br\/blog\/wp-json\/wp\/v2\/media?parent=20279"}],"wp:term":[{"taxonomy":"category","embeddable":true,"href":"http:\/\/blogdalucianaoliveira.com.br\/blog\/wp-json\/wp\/v2\/categories?post=20279"},{"taxonomy":"post_tag","embeddable":true,"href":"http:\/\/blogdalucianaoliveira.com.br\/blog\/wp-json\/wp\/v2\/tags?post=20279"}],"curies":[{"name":"wp","href":"https:\/\/api.w.org\/{rel}","templated":true}]}}