{"id":20297,"date":"2019-02-01T08:49:25","date_gmt":"2019-02-01T12:49:25","guid":{"rendered":"http:\/\/blogdalucianaoliveira.com.br\/blog\/?p=20297"},"modified":"2019-02-01T08:55:01","modified_gmt":"2019-02-01T12:55:01","slug":"do-joao-amoedo-critica-projeto-de-mariana-carvalho-tucana-quer-obrigar-companhias-aereas-a-instalar-tomadas-em-avioes-comerciais","status":"publish","type":"post","link":"http:\/\/blogdalucianaoliveira.com.br\/blog\/2019\/02\/01\/do-joao-amoedo-critica-projeto-de-mariana-carvalho-tucana-quer-obrigar-companhias-aereas-a-instalar-tomadas-em-avioes-comerciais\/","title":{"rendered":"Jo\u00e3o Amo\u00eado critica projeto de Mariana Carvalho; tucana quer obrigar companhias a\u00e9reas a instalar tomadas em avi\u00f5es comerciais"},"content":{"rendered":"<p><img data-recalc-dims=\"1\" loading=\"lazy\" decoding=\"async\" data-attachment-id=\"20298\" data-permalink=\"http:\/\/blogdalucianaoliveira.com.br\/blog\/2019\/02\/01\/do-joao-amoedo-critica-projeto-de-mariana-carvalho-tucana-quer-obrigar-companhias-aereas-a-instalar-tomadas-em-avioes-comerciais\/9383de8e-34c8-42f3-a35c-56d0d61dd979\/\" data-orig-file=\"https:\/\/i0.wp.com\/blogdalucianaoliveira.com.br\/blog\/wp-content\/uploads\/2019\/02\/9383DE8E-34C8-42F3-A35C-56D0D61DD979.jpeg?fit=960%2C640\" data-orig-size=\"960,640\" data-comments-opened=\"0\" data-image-meta=\"{&quot;aperture&quot;:&quot;0&quot;,&quot;credit&quot;:&quot;&quot;,&quot;camera&quot;:&quot;&quot;,&quot;caption&quot;:&quot;&quot;,&quot;created_timestamp&quot;:&quot;0&quot;,&quot;copyright&quot;:&quot;&quot;,&quot;focal_length&quot;:&quot;0&quot;,&quot;iso&quot;:&quot;0&quot;,&quot;shutter_speed&quot;:&quot;0&quot;,&quot;title&quot;:&quot;&quot;,&quot;orientation&quot;:&quot;1&quot;}\" data-image-title=\"9383DE8E-34C8-42F3-A35C-56D0D61DD979\" data-image-description=\"\" data-image-caption=\"\" data-medium-file=\"https:\/\/i0.wp.com\/blogdalucianaoliveira.com.br\/blog\/wp-content\/uploads\/2019\/02\/9383DE8E-34C8-42F3-A35C-56D0D61DD979.jpeg?fit=300%2C200\" data-large-file=\"https:\/\/i0.wp.com\/blogdalucianaoliveira.com.br\/blog\/wp-content\/uploads\/2019\/02\/9383DE8E-34C8-42F3-A35C-56D0D61DD979.jpeg?fit=600%2C400\" class=\"alignnone size-full wp-image-20298\" src=\"https:\/\/i0.wp.com\/blogdalucianaoliveira.com.br\/blog\/wp-content\/uploads\/2019\/02\/9383DE8E-34C8-42F3-A35C-56D0D61DD979.jpeg?resize=600%2C400\" alt=\"9383DE8E-34C8-42F3-A35C-56D0D61DD979\" width=\"600\" height=\"400\" srcset=\"https:\/\/i0.wp.com\/blogdalucianaoliveira.com.br\/blog\/wp-content\/uploads\/2019\/02\/9383DE8E-34C8-42F3-A35C-56D0D61DD979.jpeg?w=960 960w, https:\/\/i0.wp.com\/blogdalucianaoliveira.com.br\/blog\/wp-content\/uploads\/2019\/02\/9383DE8E-34C8-42F3-A35C-56D0D61DD979.jpeg?resize=300%2C200 300w, https:\/\/i0.wp.com\/blogdalucianaoliveira.com.br\/blog\/wp-content\/uploads\/2019\/02\/9383DE8E-34C8-42F3-A35C-56D0D61DD979.jpeg?resize=768%2C512 768w, https:\/\/i0.wp.com\/blogdalucianaoliveira.com.br\/blog\/wp-content\/uploads\/2019\/02\/9383DE8E-34C8-42F3-A35C-56D0D61DD979.jpeg?resize=450%2C300 450w\" sizes=\"auto, (max-width: 600px) 100vw, 600px\" \/><\/p>\n<p>No Rondonia Din\u00e2mica &#8211; O liberal econ\u00f4mico Jo\u00e3o Amo\u00eado, l\u00edder do Partido Novo, usou as redes sociais para criticar o Projeto de Lei apresentado pela deputada federal reeleita por Rond\u00f4nia, Mariana Carvalho, do PSDB.<\/p>\n<p>A tucana quer obrigar as companhias a\u00e9reas respons\u00e1veis por voos comerciais a instalarem tomadas de energia nas poltronas dos avi\u00f5es.<!--more--><\/p>\n<p>Segundo o Portal de Not\u00edcias da C\u00e2mara Federal, a ideia \u00e9 que seja poss\u00edvel recarregar gratuitamente aparelhos por meio de portas do tipo USB.<\/p>\n<p><strong>LEIA E ENTENDA<br \/>\n<u><a href=\"https:\/\/www2.camara.gov.br\/camaranoticias\/noticias\/TRANSPORTE-E-TRANSITO\/570604-PROPOSTA-OBRIGA-A-INSTALACAO-DE-TOMADAS-DE-ENERGIA-NAS-POLTRONAS-DOS-AVIOES.html?fbclid=IwAR2YtdHWAlzVuWm4og-c64xJe3GN_XFnG_sLdw7PLFCJUOYJrEnPWpYPlMs\" target=\"_blank\">Proposta obriga a instala\u00e7\u00e3o de tomadas de energia nas poltronas dos avi\u00f5es<\/a><\/u><\/strong><\/p>\n<p>Antes de ser exposta na p\u00e1gina com mais de 3 milh\u00f5es de seguidores, Mariana Carvalho j\u00e1 recebia cr\u00edticas regionais em decorr\u00eancia de postagens a respeito de seu projeto em veicula\u00e7\u00f5es humor\u00edsticas patrocinadas, por exemplo, pela Humor Rondoniense.<\/p>\n<p><iframe loading=\"lazy\" class=\"entry-thumb\" src=\"https:\/\/www.facebook.com\/plugins\/post.php?href=https%3A%2F%2Fwww.facebook.com%2FHumorrondoniese%2Fposts%2F2093422860744635&amp;width=700\" width=\"700\" height=\"467\" frameborder=\"0\" scrolling=\"no\" data-mce-fragment=\"1\"><\/iframe><br \/>\n<em>Humor Rondoniense faz tro\u00e7a com projeto de Mariana Carvalho<\/em><\/p>\n<p>J\u00e1 na vitrine virtual de Jo\u00e3o Amo\u00eado, a postagem relacionada a Mariana tem, at\u00e9 o fechamento desta reportagem, 1,5 mil coment\u00e1rios, 17 mil rea\u00e7\u00f5es e 3,3 mil compartilhamentos.<\/p>\n<p>O <strong>Rond\u00f4nia Din\u00e2mica<\/strong> verificou as cem primeiras manifesta\u00e7\u00f5es e n\u00e3o h\u00e1 qualquer men\u00e7\u00e3o em defesa da propositura.<\/p>\n<p><strong>\u201cN\u00e3o existe almo\u00e7o gr\u00e1tis\u201d<\/strong><\/p>\n<p>Amo\u00eado, presidenci\u00e1vel derrotado nas elei\u00e7\u00f5es de 2018 \u2013 embora tenha sa\u00eddo fortalecido do pleito com suas propostas inovadoras a respeito de financiamento de campanha e extin\u00e7\u00e3o de privil\u00e9gios, considerou que o projeto apresentado pela peessedebista \u00e9 mais uma inger\u00eancia impr\u00f3pria do Estado sobre a iniciativa privada.<\/p>\n<p>Na vis\u00e3o do banqueiro, o caminho para fazer o cidad\u00e3o receber melhores servi\u00e7os a menores pre\u00e7os \u00e9 o contr\u00e1rio da interven\u00e7\u00e3o do Estado.<\/p>\n<p>\u201c\u00c9 necess\u00e1rio abrir o mercado para a concorr\u00eancia, retirando barreiras para a entrada de novas companhias a\u00e9reas. Assim as empresas realizam inova\u00e7\u00f5es e bons servi\u00e7os para atrair o cliente\u201d, pontuou.<\/p>\n<p><u><strong>Confira a \u00edntegra da cr\u00edtica de Amo\u00eado<\/strong><\/u><\/p>\n<p><u><strong><img data-recalc-dims=\"1\" decoding=\"async\" class=\"entry-thumb\" src=\"https:\/\/i0.wp.com\/www.rondoniadinamica.com\/uploads\/0000-1111.jpg?w=600\" alt=\"\" \/><\/strong><\/u><\/p>\n<p><strong>Autor \/ Fonte: Rondoniadinamica<\/strong><\/p>\n","protected":false},"excerpt":{"rendered":"<p>No Rondonia Din\u00e2mica &#8211; O liberal econ\u00f4mico Jo\u00e3o Amo\u00eado, l\u00edder do Partido Novo, usou as redes sociais para criticar o Projeto de Lei apresentado pela deputada federal reeleita por Rond\u00f4nia, Mariana Carvalho, do PSDB. A tucana quer obrigar as companhias a\u00e9reas respons\u00e1veis por voos comerciais a instalarem tomadas de energia nas poltronas dos avi\u00f5es.<\/p>\n","protected":false},"author":1,"featured_media":0,"comment_status":"closed","ping_status":"open","sticky":false,"template":"","format":"standard","meta":{"_exactmetrics_skip_tracking":false,"_exactmetrics_sitenote_active":false,"_exactmetrics_sitenote_note":"","_exactmetrics_sitenote_category":0,"jetpack_post_was_ever_published":false,"_jetpack_newsletter_access":"","_jetpack_dont_email_post_to_subs":false,"_jetpack_newsletter_tier_id":0,"_jetpack_memberships_contains_paywalled_content":false,"_jetpack_memberships_contains_paid_content":false,"footnotes":"","jetpack_publicize_message":"","jetpack_publicize_feature_enabled":true,"jetpack_social_post_already_shared":true,"jetpack_social_options":{"image_generator_settings":{"template":"highway","enabled":false},"version":2}},"categories":[1],"tags":[],"class_list":["post-20297","post","type-post","status-publish","format-standard","hentry","category-notas"],"jetpack_publicize_connections":[],"jetpack_sharing_enabled":true,"jetpack_featured_media_url":"","jetpack_shortlink":"https:\/\/wp.me\/p7wKYW-5hn","jetpack-related-posts":[],"_links":{"self":[{"href":"http:\/\/blogdalucianaoliveira.com.br\/blog\/wp-json\/wp\/v2\/posts\/20297","targetHints":{"allow":["GET"]}}],"collection":[{"href":"http:\/\/blogdalucianaoliveira.com.br\/blog\/wp-json\/wp\/v2\/posts"}],"about":[{"href":"http:\/\/blogdalucianaoliveira.com.br\/blog\/wp-json\/wp\/v2\/types\/post"}],"author":[{"embeddable":true,"href":"http:\/\/blogdalucianaoliveira.com.br\/blog\/wp-json\/wp\/v2\/users\/1"}],"replies":[{"embeddable":true,"href":"http:\/\/blogdalucianaoliveira.com.br\/blog\/wp-json\/wp\/v2\/comments?post=20297"}],"version-history":[{"count":4,"href":"http:\/\/blogdalucianaoliveira.com.br\/blog\/wp-json\/wp\/v2\/posts\/20297\/revisions"}],"predecessor-version":[{"id":20302,"href":"http:\/\/blogdalucianaoliveira.com.br\/blog\/wp-json\/wp\/v2\/posts\/20297\/revisions\/20302"}],"wp:attachment":[{"href":"http:\/\/blogdalucianaoliveira.com.br\/blog\/wp-json\/wp\/v2\/media?parent=20297"}],"wp:term":[{"taxonomy":"category","embeddable":true,"href":"http:\/\/blogdalucianaoliveira.com.br\/blog\/wp-json\/wp\/v2\/categories?post=20297"},{"taxonomy":"post_tag","embeddable":true,"href":"http:\/\/blogdalucianaoliveira.com.br\/blog\/wp-json\/wp\/v2\/tags?post=20297"}],"curies":[{"name":"wp","href":"https:\/\/api.w.org\/{rel}","templated":true}]}}