{"id":20304,"date":"2019-02-01T08:59:53","date_gmt":"2019-02-01T12:59:53","guid":{"rendered":"http:\/\/blogdalucianaoliveira.com.br\/blog\/?p=20304"},"modified":"2019-02-01T08:59:53","modified_gmt":"2019-02-01T12:59:53","slug":"retrospectiva-polemicas-e-recuos-do-primeiro-mes-de-governo-bolsonaro","status":"publish","type":"post","link":"http:\/\/blogdalucianaoliveira.com.br\/blog\/2019\/02\/01\/retrospectiva-polemicas-e-recuos-do-primeiro-mes-de-governo-bolsonaro\/","title":{"rendered":"Retrospectiva: pol\u00eamicas e recuos do primeiro m\u00eas de governo Bolsonaro"},"content":{"rendered":"<p><img data-recalc-dims=\"1\" loading=\"lazy\" decoding=\"async\" data-attachment-id=\"20305\" data-permalink=\"http:\/\/blogdalucianaoliveira.com.br\/blog\/2019\/02\/01\/retrospectiva-polemicas-e-recuos-do-primeiro-mes-de-governo-bolsonaro\/14219baf-f0a0-40cc-8493-e387047746df\/\" data-orig-file=\"https:\/\/i0.wp.com\/blogdalucianaoliveira.com.br\/blog\/wp-content\/uploads\/2019\/02\/14219BAF-F0A0-40CC-8493-E387047746DF.jpeg?fit=640%2C427\" data-orig-size=\"640,427\" data-comments-opened=\"0\" data-image-meta=\"{&quot;aperture&quot;:&quot;0&quot;,&quot;credit&quot;:&quot;&quot;,&quot;camera&quot;:&quot;&quot;,&quot;caption&quot;:&quot;&quot;,&quot;created_timestamp&quot;:&quot;0&quot;,&quot;copyright&quot;:&quot;&quot;,&quot;focal_length&quot;:&quot;0&quot;,&quot;iso&quot;:&quot;0&quot;,&quot;shutter_speed&quot;:&quot;0&quot;,&quot;title&quot;:&quot;&quot;,&quot;orientation&quot;:&quot;0&quot;}\" data-image-title=\"14219BAF-F0A0-40CC-8493-E387047746DF\" data-image-description=\"\" data-image-caption=\"\" data-medium-file=\"https:\/\/i0.wp.com\/blogdalucianaoliveira.com.br\/blog\/wp-content\/uploads\/2019\/02\/14219BAF-F0A0-40CC-8493-E387047746DF.jpeg?fit=300%2C200\" data-large-file=\"https:\/\/i0.wp.com\/blogdalucianaoliveira.com.br\/blog\/wp-content\/uploads\/2019\/02\/14219BAF-F0A0-40CC-8493-E387047746DF.jpeg?fit=600%2C400\" src=\"https:\/\/i0.wp.com\/blogdalucianaoliveira.com.br\/blog\/wp-content\/uploads\/2019\/02\/14219BAF-F0A0-40CC-8493-E387047746DF.jpeg?resize=600%2C400\" alt=\"14219BAF-F0A0-40CC-8493-E387047746DF\" width=\"600\" height=\"400\" class=\"alignnone size-full wp-image-20305\" srcset=\"https:\/\/i0.wp.com\/blogdalucianaoliveira.com.br\/blog\/wp-content\/uploads\/2019\/02\/14219BAF-F0A0-40CC-8493-E387047746DF.jpeg?w=640 640w, https:\/\/i0.wp.com\/blogdalucianaoliveira.com.br\/blog\/wp-content\/uploads\/2019\/02\/14219BAF-F0A0-40CC-8493-E387047746DF.jpeg?resize=300%2C200 300w, https:\/\/i0.wp.com\/blogdalucianaoliveira.com.br\/blog\/wp-content\/uploads\/2019\/02\/14219BAF-F0A0-40CC-8493-E387047746DF.jpeg?resize=450%2C300 450w\" sizes=\"auto, (max-width: 600px) 100vw, 600px\" \/><\/p>\n<p>Primeiros 31 dias da nova equipe foram marcados por idas e vindas e suspeitas de corrup\u00e7\u00e3o na fam\u00edlia do presidente<!--more--><\/p>\n<p>Rafael Tatemoto<br \/>\nBrasil de Fato |<\/p>\n<p>Eleito em outubro de 2018, Jair Bolsonaro (PSL) tomou posse em 1\u00ba de janeiro de 2019. Em um m\u00eas, o novo governo protagonizou incont\u00e1veis pol\u00eamicas e recuos imediatos. O cen\u00e1rio pol\u00edtico tamb\u00e9m foi marcado por suspeitas envolvendo o filho mais velho do presidente, o senador eleito Fl\u00e1vio Bolsonaro (PSL). <\/p>\n<p>Confira abaixo os principais fatos que marcaram o primeiro m\u00eas do governo Bolsonaro:<\/p>\n<p>Dia 1\u00ba  \u2013 A cerim\u00f4nia de posse foi marcada por um discurso &#8220;nos moldes da campanha&#8221;. O presidente eleito disse que o Brasil come\u00e7ava a \u201cse libertar do socialismo\u201d e que a bandeira do pa\u00eds \u201cjamais ser\u00e1 vermelha\u201d. O teor do pronunciamento n\u00e3o passou desapercebido pela imprensa internacional. A rela\u00e7\u00e3o do novo governo com profissionais da comunica\u00e7\u00e3o no evento, marcada por restri\u00e7\u00f5es in\u00e9ditas a jornalistas, tamb\u00e9m repercutiu negativamente fora do pa\u00eds.<\/p>\n<p>Ainda no primeiro dia, o governo editou a Medida Provis\u00f3ria 870, que estabelece a reforma administrativa da nova gest\u00e3o. Na reformula\u00e7\u00e3o constavam altera\u00e7\u00f5es relevantes, como a transfer\u00eancia do Coaf para o Minist\u00e9rio da Justi\u00e7a, a transfer\u00eancia de compet\u00eancia para demarca\u00e7\u00e3o de terras ind\u00edgenas da Funai para o Minist\u00e9rio da Agricultura, controlado pelos ruralistas, o enfraquecimento de \u00f3rg\u00e3os de participa\u00e7\u00e3o e o monitoramento de organiza\u00e7\u00f5es da sociedade civil pela Secretaria de Governo. <\/p>\n<p>Dia 2 \u2013 Cerim\u00f4nias de posse dos ministros. Paulo Guedes (Economia) afirmou que Reforma da Previd\u00eancia ser\u00e1 eixo central do governo. Ernesto Ara\u00fajo (Itamaraty) defendeu o fim do \u201cglobalismo\u201d. Damares Alves (Direitos Humanos) disse que \u201co Estado \u00e9 laico, mas esta ministra \u00e9 terrivelmente crist\u00e3\u201d, acrescentando que na nova gest\u00e3o, \u201cmenina ser\u00e1 princesa e menino ser\u00e1 pr\u00edncipe\u201d. <\/p>\n<p>Dia 3 \u2013 Em entrevista ao SBT, o presidente anunciou que o governo estuda pautar o fim da Justi\u00e7a do Trabalho. O an\u00fancio gerou rea\u00e7\u00f5es de diversas entidades, como a Associa\u00e7\u00e3o Brasileira de Juristas pela Democracia (ABJD). Na mesma oportunidade, aventou a instala\u00e7\u00e3o de uma base militar dos EUA no Brasil.<\/p>\n<p>Dia 4 \u2013 Bolsonaro informou o aumento do IOF e a redu\u00e7\u00e3o da al\u00edquota do teto do Imposto de Renda. No mesmo dia, foi &#8220;corrigido&#8221; por um integrante do segundo escal\u00e3o, o secret\u00e1rio especial da Receita, Marcos Cintra. <\/p>\n<p>Dia 7 \u2013 Novos presidentes da Caixa, Banco do Brasil e BNDES tomaram posse. Pedro Guimar\u00e3es, da Caixa, afirmou que juros habitacionais devem ser orientados pelos padr\u00f5es &#8220;do mercado&#8221;.<\/p>\n<p>Dia 8 \u2013 Imprensa noticiou a promo\u00e7\u00e3o do filho do vice-presidente, Hamilton Mour\u00e3o, no Banco do Brasil.  Antonio Mour\u00e3o se tornou assessor especial do presidente da institui\u00e7\u00e3o, Rubem Novaes, e teve o sal\u00e1rio triplicado. No mesmo dia, o Brasil anunciou sua sa\u00edda do Pacto Migrat\u00f3rio da ONU e Augusto Heleno (Gabinete de Seguran\u00e7a Institucional) afirmou que o pa\u00eds n\u00e3o ter\u00e1 base estadunidense, ao contr\u00e1rio do que havia indicado Bolsonaro: \u201cFizeram um au\u00ea disso a\u00ed\u201d. <\/p>\n<p>Dia 9 \u2013 Governo voltou atr\u00e1s e anulou modifica\u00e7\u00e3o que permitia a aquisi\u00e7\u00e3o de livros did\u00e1ticos sem revis\u00e3o e sem refer\u00eancias bibliogr\u00e1ficas. Fernando Azevedo e Silva (Defesa), defendeu que militares tenham tratamento diferenciado na Reforma da Previd\u00eancia. <\/p>\n<p>Dia 10 \u2013 Bolsonaro abriu m\u00e3o e utilizar poder de veto do governo para barrar aquisi\u00e7\u00e3o da Embraer pela estadunidense Boeing. O filho, Fl\u00e1vio Bolsonaro, n\u00e3o compareceu ao depoimento marcado pelo Minist\u00e9rio P\u00fablico do Rio de Janeiro relativo ao &#8220;caso Queir\u00f3z&#8221;. <\/p>\n<p>Dia 11 \u2013 General Edson Leal Pujol assumiu como comandante do Ex\u00e9rcito e defendeu que militares fiquem fora da Reforma da Previd\u00eancia. <\/p>\n<p>Dia 15 \u2013 Bolsonaro assinou o decreto que facilita a posse de armamento no pa\u00eds \u2013 apesar das pesquisas de opini\u00e3o que apontam rejei\u00e7\u00e3o majorit\u00e1ria \u00e0 medida. Especialistas em Seguran\u00e7a P\u00fablica entendem que a medida pode ampliar crimes violentos no pa\u00eds. <\/p>\n<p>Dia 16 \u2013 Mauricio Macri, presidente da Argentina, visitou Bolsonaro em Bras\u00edlia. Nabhan Garcia, secret\u00e1rio de Assuntos Fundi\u00e1rios, defendeu fechamento de escolas rurais em assentamento do MST.<\/p>\n<p>Dia 17 \u2013 Luiz Fux, ministro do STF, suspendeu investiga\u00e7\u00e3o relativa a Fabr\u00edcio Queiroz, a pedido da defesa de Fl\u00e1vio Bolsonaro \u2013 que alega que o ex-deputado estadual \u00e9 investigado de fato e n\u00e3o mera testemunha.<\/p>\n<p>Dia 18 \u2013 Novo relat\u00f3rio do Coaf apontou movimenta\u00e7\u00f5es financeiras na ordem de R$ 96 mil na conta banc\u00e1ria de Fl\u00e1vio Bolsonaro. Dois dias depois, o senador eleito afirmou que as movimenta\u00e7\u00f5es diziam respeito a venda de im\u00f3vel \u2013 ainda que datas na escritura n\u00e3o sejam condizentes com datas dos dep\u00f3sitos. <\/p>\n<p>Dia 21 \u2013 Bolsonaro chega a Davos, na Su\u00ed\u00e7a, para participar do F\u00f3rum Econ\u00f4mico Mundial. Como interino, Mour\u00e3o declarou em entrevista que a flexibiliza\u00e7\u00e3o da posse de armas n\u00e3o resolve problema da seguran\u00e7a p\u00fablica. <\/p>\n<p>Dia 22 \u2013 Presidente discursou em Davos por menos de dez minutos. Repercuss\u00e3o internacional do pronunciamento, que falseou dados sobre meio ambiente, foi negativa. No mesmo dia, uma opera\u00e7\u00e3o conjunta do Minist\u00e9rio P\u00fablico e da Pol\u00edcia Civil prendeu milicianos suspeitos da morte de Marielle Franco. Um dos suspeitos teve parentes empregados pelo gabinete de Fl\u00e1vio Bolsonaro. Em 2018, outra opera\u00e7\u00e3o prendeu milicianos pr\u00f3ximo ao parlamentar. <\/p>\n<p>Dia 23 \u2013 Presidente e ministros cancelaram entrevista coletiva em Davos, ap\u00f3s repercuss\u00e3o negativa do discurso de Bolsonaro. <\/p>\n<p>Dia 24 \u2013 Mour\u00e3o, como interino, editou decreto que dificulta acesso a dados do governo federal. Jean Wyllys, deputado reeleito pelo PSOL, anunciou que n\u00e3o ocupar\u00e1 vaga por conta de amea\u00e7as \u00e0 sua vida e sua fam\u00edlia. <\/p>\n<p>Dia 25 \u2013 Rompimento da barragem da Vale em Brumadinho, Minas Gerais. <\/p>\n<p>Dia 28 \u2013 Mour\u00e3o afirmou que a embaixada brasileira n\u00e3o se mudar\u00e1 de Tel-Aviv para Jerusal\u00e9m. Pouco antes, Ar\u00e1bia Saudita havia suspendido alguns frigor\u00edficos brasileiros que exportavam ao pa\u00eds \u2013 medida que foi vista como rea\u00e7\u00e3o \u00e0s declara\u00e7\u00f5es de Bolsonaro sobre o tema.   <\/p>\n<p>Dia 31 \u2013 Equipe das For\u00e7as de Defesa de Israel, que chegou ao Brasil no dia 27, deixou o pa\u00eds. Na ocasi\u00e3o de sua chegada, o respons\u00e1vel pelas buscas em Brumadinho afirmou que o equipamento trazido por estrangeiros n\u00e3o tinha utilidade para o caso. Pela manh\u00e3, uma reportagem da revista \u00c9poca dissecou hist\u00f3ria da &#8220;ado\u00e7\u00e3o&#8221; da filha da ministra Damares Alves: a ministra deteve guarda ilegal de crian\u00e7a ind\u00edgena a partir de seus seis anos de idade. <\/p>\n<p>Edi\u00e7\u00e3o: Daniel Giovanaz<\/p>\n","protected":false},"excerpt":{"rendered":"<p>Primeiros 31 dias da nova equipe foram marcados por idas e vindas e suspeitas de corrup\u00e7\u00e3o na fam\u00edlia do presidente<\/p>\n","protected":false},"author":1,"featured_media":0,"comment_status":"closed","ping_status":"open","sticky":false,"template":"","format":"standard","meta":{"_exactmetrics_skip_tracking":false,"_exactmetrics_sitenote_active":false,"_exactmetrics_sitenote_note":"","_exactmetrics_sitenote_category":0,"jetpack_post_was_ever_published":false,"_jetpack_newsletter_access":"","_jetpack_dont_email_post_to_subs":false,"_jetpack_newsletter_tier_id":0,"_jetpack_memberships_contains_paywalled_content":false,"_jetpack_memberships_contains_paid_content":false,"footnotes":"","jetpack_publicize_message":"","jetpack_publicize_feature_enabled":true,"jetpack_social_post_already_shared":true,"jetpack_social_options":{"image_generator_settings":{"template":"highway","enabled":false},"version":2}},"categories":[1],"tags":[],"class_list":["post-20304","post","type-post","status-publish","format-standard","hentry","category-notas"],"jetpack_publicize_connections":[],"jetpack_sharing_enabled":true,"jetpack_featured_media_url":"","jetpack_shortlink":"https:\/\/wp.me\/p7wKYW-5hu","jetpack-related-posts":[],"_links":{"self":[{"href":"http:\/\/blogdalucianaoliveira.com.br\/blog\/wp-json\/wp\/v2\/posts\/20304","targetHints":{"allow":["GET"]}}],"collection":[{"href":"http:\/\/blogdalucianaoliveira.com.br\/blog\/wp-json\/wp\/v2\/posts"}],"about":[{"href":"http:\/\/blogdalucianaoliveira.com.br\/blog\/wp-json\/wp\/v2\/types\/post"}],"author":[{"embeddable":true,"href":"http:\/\/blogdalucianaoliveira.com.br\/blog\/wp-json\/wp\/v2\/users\/1"}],"replies":[{"embeddable":true,"href":"http:\/\/blogdalucianaoliveira.com.br\/blog\/wp-json\/wp\/v2\/comments?post=20304"}],"version-history":[{"count":1,"href":"http:\/\/blogdalucianaoliveira.com.br\/blog\/wp-json\/wp\/v2\/posts\/20304\/revisions"}],"predecessor-version":[{"id":20306,"href":"http:\/\/blogdalucianaoliveira.com.br\/blog\/wp-json\/wp\/v2\/posts\/20304\/revisions\/20306"}],"wp:attachment":[{"href":"http:\/\/blogdalucianaoliveira.com.br\/blog\/wp-json\/wp\/v2\/media?parent=20304"}],"wp:term":[{"taxonomy":"category","embeddable":true,"href":"http:\/\/blogdalucianaoliveira.com.br\/blog\/wp-json\/wp\/v2\/categories?post=20304"},{"taxonomy":"post_tag","embeddable":true,"href":"http:\/\/blogdalucianaoliveira.com.br\/blog\/wp-json\/wp\/v2\/tags?post=20304"}],"curies":[{"name":"wp","href":"https:\/\/api.w.org\/{rel}","templated":true}]}}