{"id":20307,"date":"2019-02-01T12:36:59","date_gmt":"2019-02-01T16:36:59","guid":{"rendered":"http:\/\/blogdalucianaoliveira.com.br\/blog\/?p=20307"},"modified":"2019-02-01T12:37:29","modified_gmt":"2019-02-01T16:37:29","slug":"entenda-como-sera-a-votacao-dos-presidentes-no-congresso-nacional","status":"publish","type":"post","link":"http:\/\/blogdalucianaoliveira.com.br\/blog\/2019\/02\/01\/entenda-como-sera-a-votacao-dos-presidentes-no-congresso-nacional\/","title":{"rendered":"Entenda como ser\u00e1 a vota\u00e7\u00e3o dos presidentes no Congresso Nacional"},"content":{"rendered":"<p><img data-recalc-dims=\"1\" loading=\"lazy\" decoding=\"async\" data-attachment-id=\"20308\" data-permalink=\"http:\/\/blogdalucianaoliveira.com.br\/blog\/2019\/02\/01\/entenda-como-sera-a-votacao-dos-presidentes-no-congresso-nacional\/088e5eff-ca84-493e-abfb-db7845a73206\/\" data-orig-file=\"https:\/\/i0.wp.com\/blogdalucianaoliveira.com.br\/blog\/wp-content\/uploads\/2019\/02\/088E5EFF-CA84-493E-ABFB-DB7845A73206.jpeg?fit=768%2C512\" data-orig-size=\"768,512\" data-comments-opened=\"0\" data-image-meta=\"{&quot;aperture&quot;:&quot;0&quot;,&quot;credit&quot;:&quot;&quot;,&quot;camera&quot;:&quot;&quot;,&quot;caption&quot;:&quot;&quot;,&quot;created_timestamp&quot;:&quot;0&quot;,&quot;copyright&quot;:&quot;&quot;,&quot;focal_length&quot;:&quot;0&quot;,&quot;iso&quot;:&quot;0&quot;,&quot;shutter_speed&quot;:&quot;0&quot;,&quot;title&quot;:&quot;&quot;,&quot;orientation&quot;:&quot;0&quot;}\" data-image-title=\"088E5EFF-CA84-493E-ABFB-DB7845A73206\" data-image-description=\"\" data-image-caption=\"\" data-medium-file=\"https:\/\/i0.wp.com\/blogdalucianaoliveira.com.br\/blog\/wp-content\/uploads\/2019\/02\/088E5EFF-CA84-493E-ABFB-DB7845A73206.jpeg?fit=300%2C200\" data-large-file=\"https:\/\/i0.wp.com\/blogdalucianaoliveira.com.br\/blog\/wp-content\/uploads\/2019\/02\/088E5EFF-CA84-493E-ABFB-DB7845A73206.jpeg?fit=600%2C400\" class=\"alignnone size-full wp-image-20308\" src=\"https:\/\/i0.wp.com\/blogdalucianaoliveira.com.br\/blog\/wp-content\/uploads\/2019\/02\/088E5EFF-CA84-493E-ABFB-DB7845A73206.jpeg?resize=600%2C400\" alt=\"088E5EFF-CA84-493E-ABFB-DB7845A73206\" width=\"600\" height=\"400\" srcset=\"https:\/\/i0.wp.com\/blogdalucianaoliveira.com.br\/blog\/wp-content\/uploads\/2019\/02\/088E5EFF-CA84-493E-ABFB-DB7845A73206.jpeg?w=768 768w, https:\/\/i0.wp.com\/blogdalucianaoliveira.com.br\/blog\/wp-content\/uploads\/2019\/02\/088E5EFF-CA84-493E-ABFB-DB7845A73206.jpeg?resize=300%2C200 300w, https:\/\/i0.wp.com\/blogdalucianaoliveira.com.br\/blog\/wp-content\/uploads\/2019\/02\/088E5EFF-CA84-493E-ABFB-DB7845A73206.jpeg?resize=450%2C300 450w\" sizes=\"auto, (max-width: 600px) 100vw, 600px\" \/><\/p>\n<p>M\u00eddia Ninja &#8211; Hoje \u00e9 o primeiro de atividade parlamentar dos novos mandatos eleitos em 2018 no Brasil na C\u00e2mara dos Deputados e Senado Federal. \u00c9 um dia importante n\u00e3o somente por ser o primeiro, em que todos os deputados eleitos ser\u00e3o empossados. Mas hoje tamb\u00e9m vamos conhecer quem ficar\u00e1 sob a presid\u00eancia de cada casa legislativa, assim como toda a Mesa Diretora composta por vice-presidentes, secret\u00e1rios e suplentes.<!--more--><\/p>\n<p>O Congresso \u00e9 novo, mas os bastidores da casa sinalizam para a elei\u00e7\u00e3o de velhos representantes, sem novidades. De toda forma, os novos mandatos ter\u00e3o nas m\u00e3os, no seu primeiro dia parlamentar, decis\u00f5es que poder\u00e3o afetar toda sua legislatura nos pr\u00f3ximos dois anos.<\/p>\n<p>Ap\u00f3s a posse dos parlamentares na C\u00e2mara dos Deputados \u00e0s 10h, eles t\u00eam at\u00e9 13h30 para organizar os novos blocos parlamentares, que s\u00e3o alian\u00e7as entre dois ou mais partidos para formar uma bancada, sob uma lideran\u00e7a comum. PSOL, PT, PSB e Rede j\u00e1 comunicaram, por exemplo, a forma\u00e7\u00e3o do bloco de oposi\u00e7\u00e3o que ainda poder\u00e1 contar com outros partidos. Os blocos s\u00e3o importante pois eles aumentam a representatividade na composi\u00e7\u00e3o dos \u00f3rg\u00e3os da Casa, podendo incidir na escolha de cargos em comiss\u00f5es e mesa diretora.<\/p>\n<p>\u00c0s 14h30, os l\u00edderes na C\u00e2mara re\u00fanem-se para arrematar suas decis\u00f5es sobre as candidaturas \u00e0 Mesa Diretora, j\u00e1 com os blocos parlamentares formados. O registro das candidaturas poder\u00e1 ser feito at\u00e9 as 17h. Para o cargo de presidente da C\u00e2mara, n\u00e3o \u00e9 necess\u00e1rio seguir a proporcionalidade partid\u00e1ria, em que partidos e blocos, do maior ao menor, escolhem os cargos que querem ocupar. Para as demais vagas da Mesa Diretora, vale esse princ\u00edpio. As maiores bancadas portanto podem levar a maioria das vagas.<\/p>\n<div id=\"attachment_17410\" class=\"wp-caption aligncenter\">\n<p><img data-recalc-dims=\"1\" loading=\"lazy\" decoding=\"async\" class=\"size-large wp-image-17410\" src=\"https:\/\/i0.wp.com\/midianinja.org\/files\/2019\/01\/photo4947219794738915294-1024x682.jpg?resize=600%2C400\" sizes=\"auto, (max-width: 1024px) 100vw, 1024px\" srcset=\"http:\/\/midianinja.org\/files\/2019\/01\/photo4947219794738915294-1024x682.jpg 1024w, http:\/\/midianinja.org\/files\/2019\/01\/photo4947219794738915294-300x200.jpg 300w, http:\/\/midianinja.org\/files\/2019\/01\/photo4947219794738915294-768x512.jpg 768w, http:\/\/midianinja.org\/files\/2019\/01\/photo4947219794738915294-1080x720.jpg 1080w, http:\/\/midianinja.org\/files\/2019\/01\/photo4947219794738915294.jpg 1280w\" alt=\"\" width=\"600\" height=\"400\" \/><\/p>\n<p class=\"wp-caption-text\">Rodrigo Maia (DEM) preside a \u00faltima legislatura da C\u00e2mara dos Deputados e poder\u00e1 ser reeleito em novo bi\u00eanio. Foto: M\u00eddia NINJA<\/p>\n<\/div>\n<p>O hor\u00e1rio previsto para o in\u00edcio da sess\u00e3o que eleger\u00e1 a nova Mesa Diretora \u00e9 \u00e0s 18h, com final previsto \u00e0s 21h. A vota\u00e7\u00e3o se inicia quando h\u00e1 pelo menos 257 deputados no Plen\u00e1rio. Ser\u00e3o eleitos um presidente, dois vice-presidentes, quatro secret\u00e1rios e quatro suplentes. Cada deputado elege seu bloco em urna eletr\u00f4nica. Caso o candidato n\u00e3o tenha maioria absoluta, a vota\u00e7\u00e3o vai para segundo turno.<\/p>\n<p><strong>Como funciona a Mesa Diretora<\/strong><\/p>\n<p>A Mesa Diretora \u00e9 respons\u00e1vel pela dire\u00e7\u00e3o dos trabalhos legislativos, assim como dos servi\u00e7os administrativos da C\u00e2mara ou do Senado nos pr\u00f3ximos dois anos. Ou seja, ele \u00e9 quem define a pauta de proposi\u00e7\u00f5es que ser\u00e3o deliberadas em plen\u00e1rio. Ele tamb\u00e9m define a lista dos projetos que ser\u00e3o votados em plen\u00e1rio, chamada Ordem do Dia.<\/p>\n<p>Por isso, o alinhamento de interesses pol\u00edticos com os presidentes das casas t\u00eam sido t\u00e3o importantes para os parlamentares e sobretudo para o presidente da Rep\u00fablica. Quem comanda a C\u00e2mara tem o poder para acelerar ou atrasar a vota\u00e7\u00e3o de propostas de interesse do Executivo. Ele, inclusive, \u00e9 o \u00fanico que pode colocar em pauta um pedido de impeachment de Bolsonaro, al\u00e9m de poder autorizar a abertura de processo contra ministros.<\/p>\n<p>O presidente da C\u00e2mara \u00e9 o segundo na linha de substitui\u00e7\u00e3o da presid\u00eancia da Rep\u00fablica, logo depois do vice-presidente. Ou seja, na aus\u00eancia de Bolsonaro e do vice Mour\u00e3o nos pr\u00f3ximos dois anos, \u00e9 o presidente da C\u00e2mara eleito hoje quem dever\u00e1 assumir o Pal\u00e1cio do Planalto.<\/p>\n<p>Na Mesa Diretora, quem ocupar as vagas ainda\u00a0ter\u00e3o 682 cargos de confian\u00e7a \u00e0 disposi\u00e7\u00e3o, somando C\u00e2mara e Senado, com sal\u00e1rios de at\u00e9 R$ 19 mil.<\/p>\n<p><strong>No Senado<\/strong><\/p>\n<p>No Senado, quem comanda a casa tamb\u00e9m preside o Congresso Nacional. L\u00e1 a posse dos novos mandatos se inicia \u00e0s 15h e promete ser uma reuni\u00e3o r\u00e1pida, j\u00e1 que n\u00e3o haver\u00e1 pronunciamento de todos os empossados. Depois de um intervalo, ocorre a elei\u00e7\u00e3o para a presid\u00eancia do Senado, provavelmente \u00e0s 18h.<\/p>\n<p>A maioria absoluta \u00e9 formada por 41 votos que, caso n\u00e3o seja atingido, a elei\u00e7\u00e3o ir\u00e1 para o segundo turno. Os demais cargos s\u00e3o eleitos na reuni\u00e3o seguinte que poder\u00e1 ser feita em outra sess\u00e3o marcada para outra data, caso assim os senadores desejarem como j\u00e1 ocorreu em outras ocasi\u00f5es.<\/p>\n","protected":false},"excerpt":{"rendered":"<p>M\u00eddia Ninja &#8211; Hoje \u00e9 o primeiro de atividade parlamentar dos novos mandatos eleitos em 2018 no Brasil na C\u00e2mara dos Deputados e Senado Federal. \u00c9 um dia importante n\u00e3o somente por ser o primeiro, em que todos os deputados eleitos ser\u00e3o empossados. Mas hoje tamb\u00e9m vamos conhecer quem ficar\u00e1 sob a presid\u00eancia de cada&#8230;<a class=\"more-link\" href=\"http:\/\/blogdalucianaoliveira.com.br\/blog\/2019\/02\/01\/entenda-como-sera-a-votacao-dos-presidentes-no-congresso-nacional\/\">Continue a leitura <span class=\"meta-nav\">&raquo;<\/span><\/a><\/p>\n","protected":false},"author":1,"featured_media":0,"comment_status":"closed","ping_status":"open","sticky":false,"template":"","format":"standard","meta":{"_exactmetrics_skip_tracking":false,"_exactmetrics_sitenote_active":false,"_exactmetrics_sitenote_note":"","_exactmetrics_sitenote_category":0,"jetpack_post_was_ever_published":false,"_jetpack_newsletter_access":"","_jetpack_dont_email_post_to_subs":false,"_jetpack_newsletter_tier_id":0,"_jetpack_memberships_contains_paywalled_content":false,"_jetpack_memberships_contains_paid_content":false,"footnotes":"","jetpack_publicize_message":"","jetpack_publicize_feature_enabled":true,"jetpack_social_post_already_shared":true,"jetpack_social_options":{"image_generator_settings":{"template":"highway","enabled":false},"version":2}},"categories":[1],"tags":[],"class_list":["post-20307","post","type-post","status-publish","format-standard","hentry","category-notas"],"jetpack_publicize_connections":[],"jetpack_sharing_enabled":true,"jetpack_featured_media_url":"","jetpack_shortlink":"https:\/\/wp.me\/p7wKYW-5hx","jetpack-related-posts":[],"_links":{"self":[{"href":"http:\/\/blogdalucianaoliveira.com.br\/blog\/wp-json\/wp\/v2\/posts\/20307","targetHints":{"allow":["GET"]}}],"collection":[{"href":"http:\/\/blogdalucianaoliveira.com.br\/blog\/wp-json\/wp\/v2\/posts"}],"about":[{"href":"http:\/\/blogdalucianaoliveira.com.br\/blog\/wp-json\/wp\/v2\/types\/post"}],"author":[{"embeddable":true,"href":"http:\/\/blogdalucianaoliveira.com.br\/blog\/wp-json\/wp\/v2\/users\/1"}],"replies":[{"embeddable":true,"href":"http:\/\/blogdalucianaoliveira.com.br\/blog\/wp-json\/wp\/v2\/comments?post=20307"}],"version-history":[{"count":2,"href":"http:\/\/blogdalucianaoliveira.com.br\/blog\/wp-json\/wp\/v2\/posts\/20307\/revisions"}],"predecessor-version":[{"id":20310,"href":"http:\/\/blogdalucianaoliveira.com.br\/blog\/wp-json\/wp\/v2\/posts\/20307\/revisions\/20310"}],"wp:attachment":[{"href":"http:\/\/blogdalucianaoliveira.com.br\/blog\/wp-json\/wp\/v2\/media?parent=20307"}],"wp:term":[{"taxonomy":"category","embeddable":true,"href":"http:\/\/blogdalucianaoliveira.com.br\/blog\/wp-json\/wp\/v2\/categories?post=20307"},{"taxonomy":"post_tag","embeddable":true,"href":"http:\/\/blogdalucianaoliveira.com.br\/blog\/wp-json\/wp\/v2\/tags?post=20307"}],"curies":[{"name":"wp","href":"https:\/\/api.w.org\/{rel}","templated":true}]}}