{"id":2031,"date":"2016-06-30T07:22:47","date_gmt":"2016-06-30T11:22:47","guid":{"rendered":"http:\/\/blogdalucianaoliveira.com.br\/blog\/?p=2031"},"modified":"2016-06-30T07:22:47","modified_gmt":"2016-06-30T11:22:47","slug":"a-analogia-do-advogado-bucefalo-de-kafka","status":"publish","type":"post","link":"http:\/\/blogdalucianaoliveira.com.br\/blog\/2016\/06\/30\/a-analogia-do-advogado-bucefalo-de-kafka\/","title":{"rendered":"A analogia do advogado-Buc\u00e9falo de Kafka"},"content":{"rendered":"<p><img data-recalc-dims=\"1\" loading=\"lazy\" decoding=\"async\" data-attachment-id=\"2032\" data-permalink=\"http:\/\/blogdalucianaoliveira.com.br\/blog\/2016\/06\/30\/a-analogia-do-advogado-bucefalo-de-kafka\/image-439\/\" data-orig-file=\"https:\/\/i0.wp.com\/blogdalucianaoliveira.com.br\/blog\/wp-content\/uploads\/2016\/06\/image-131.jpeg?fit=690%2C517\" data-orig-size=\"690,517\" data-comments-opened=\"0\" data-image-meta=\"{&quot;aperture&quot;:&quot;0&quot;,&quot;credit&quot;:&quot;&quot;,&quot;camera&quot;:&quot;&quot;,&quot;caption&quot;:&quot;&quot;,&quot;created_timestamp&quot;:&quot;0&quot;,&quot;copyright&quot;:&quot;&quot;,&quot;focal_length&quot;:&quot;0&quot;,&quot;iso&quot;:&quot;0&quot;,&quot;shutter_speed&quot;:&quot;0&quot;,&quot;title&quot;:&quot;&quot;,&quot;orientation&quot;:&quot;0&quot;}\" data-image-title=\"image\" data-image-description=\"\" data-image-caption=\"\" data-medium-file=\"https:\/\/i0.wp.com\/blogdalucianaoliveira.com.br\/blog\/wp-content\/uploads\/2016\/06\/image-131.jpeg?fit=300%2C225\" data-large-file=\"https:\/\/i0.wp.com\/blogdalucianaoliveira.com.br\/blog\/wp-content\/uploads\/2016\/06\/image-131.jpeg?fit=600%2C450\" src=\"https:\/\/i0.wp.com\/blogdalucianaoliveira.com.br\/blog\/wp-content\/uploads\/2016\/06\/image-131.jpeg?resize=600%2C450\" alt=\"image\" width=\"600\" height=\"450\" class=\"alignnone size-full wp-image-2032\" srcset=\"https:\/\/i0.wp.com\/blogdalucianaoliveira.com.br\/blog\/wp-content\/uploads\/2016\/06\/image-131.jpeg?w=690 690w, https:\/\/i0.wp.com\/blogdalucianaoliveira.com.br\/blog\/wp-content\/uploads\/2016\/06\/image-131.jpeg?resize=300%2C225 300w, https:\/\/i0.wp.com\/blogdalucianaoliveira.com.br\/blog\/wp-content\/uploads\/2016\/06\/image-131.jpeg?resize=400%2C300 400w\" sizes=\"auto, (max-width: 600px) 100vw, 600px\" \/><\/p>\n<p>Temos um novo advogado, o Dr. Buc\u00e9falo. Seu exterior lembra pouco o tempo em que ainda era o cavalo de batalha de Alexandre da Maced\u00f4nia. Quem no entanto est\u00e1 familiarizado com as circunst\u00e2ncias percebe alguma coisa.<\/p>\n<p>Assim \u00e9 que, recentemente, eu mesmo vi, na escadaria do f\u00f3rum, um humilde oficial de justi\u00e7a admirar, com o olhar perito do pequeno frequentador contumaz das corridas de cavalos, o advogado quando este, empinando as coxas, galgava degrau por degrau o m\u00e1rmore que ressoava.<\/p>\n<p>Em geral a Ordem dos Advogados aprova a admiss\u00e3o de Buc\u00e9falo. Com espantosa perspic\u00e1cia dizem a si mesmos que, no ordenamento social vigente, Buc\u00e9falo est\u00e1 numa situa\u00e7\u00e3o dif\u00edcil e que tanto por isso como por causa do seu significado na hist\u00f3ria universal, ele de qualquer modo merece considera\u00e7\u00e3o. <\/p>\n<p>Hoje em dia &#8211; isso ningu\u00e9m pode negar &#8211; n\u00e3o existe nenhum grande Alexandre. \u00c9 verdade que muitos sabem matar; tamb\u00e9m n\u00e3o falta destreza para atingir o amigo com a lan\u00e7a por cima da mesa do banquete; e para muitos a Maced\u00f4nia \u00e9 estreita demais, a ponto de amaldi\u00e7oarem Felipe, o pai; mas ningu\u00e9m, ningu\u00e9m, \u00e9 capaz de ser o guia para a \u00cdndia. <\/p>\n<p>J\u00e1 naquela \u00e9poca as portas para a \u00cdndia eram inalcan\u00e7\u00e1veis, mas a dire\u00e7\u00e3o delas estava tra\u00e7ada pela espada do rei. <\/p>\n<p>Hoje as portas est\u00e3o removidas para outro lugar completamente diferente, mais longe e mais alto; ningu\u00e9m indica a dire\u00e7\u00e3o; muitos seguram a espada, mas s\u00f3 para brandi-la; e o olhar que quer segui-la se confunde.<\/p>\n<p>Talvez por isso o melhor realmente seja, como Dr. Buc\u00e9falo fez, mergulhar nos c\u00f3digos da lei. Livre, sem a press\u00e3o da virilha do cavaleiro sobre os flancos, \u00e0 luz da l\u00e2mpada silenciosa, distante do fragor da batalha de Alexandre, ele l\u00ea e vira as folhas dos nossos velhos livros\u201d.<\/p>\n<p>Franz Kafka<\/p>\n","protected":false},"excerpt":{"rendered":"<p>Temos um novo advogado, o Dr. Buc\u00e9falo. Seu exterior lembra pouco o tempo em que ainda era o cavalo de batalha de Alexandre da Maced\u00f4nia. Quem no entanto est\u00e1 familiarizado com as circunst\u00e2ncias percebe alguma coisa. Assim \u00e9 que, recentemente, eu mesmo vi, na escadaria do f\u00f3rum, um humilde oficial de justi\u00e7a admirar, com o&#8230;<a class=\"more-link\" href=\"http:\/\/blogdalucianaoliveira.com.br\/blog\/2016\/06\/30\/a-analogia-do-advogado-bucefalo-de-kafka\/\">Continue a leitura <span class=\"meta-nav\">&raquo;<\/span><\/a><\/p>\n","protected":false},"author":1,"featured_media":0,"comment_status":"closed","ping_status":"open","sticky":false,"template":"","format":"standard","meta":{"_exactmetrics_skip_tracking":false,"_exactmetrics_sitenote_active":false,"_exactmetrics_sitenote_note":"","_exactmetrics_sitenote_category":0,"jetpack_post_was_ever_published":false,"_jetpack_newsletter_access":"","_jetpack_dont_email_post_to_subs":false,"_jetpack_newsletter_tier_id":0,"_jetpack_memberships_contains_paywalled_content":false,"_jetpack_memberships_contains_paid_content":false,"footnotes":"","jetpack_publicize_message":"","jetpack_publicize_feature_enabled":true,"jetpack_social_post_already_shared":true,"jetpack_social_options":{"image_generator_settings":{"template":"highway","enabled":false},"version":2}},"categories":[1],"tags":[],"class_list":["post-2031","post","type-post","status-publish","format-standard","hentry","category-notas"],"jetpack_publicize_connections":[],"jetpack_sharing_enabled":true,"jetpack_featured_media_url":"","jetpack_shortlink":"https:\/\/wp.me\/p7wKYW-wL","jetpack-related-posts":[],"_links":{"self":[{"href":"http:\/\/blogdalucianaoliveira.com.br\/blog\/wp-json\/wp\/v2\/posts\/2031","targetHints":{"allow":["GET"]}}],"collection":[{"href":"http:\/\/blogdalucianaoliveira.com.br\/blog\/wp-json\/wp\/v2\/posts"}],"about":[{"href":"http:\/\/blogdalucianaoliveira.com.br\/blog\/wp-json\/wp\/v2\/types\/post"}],"author":[{"embeddable":true,"href":"http:\/\/blogdalucianaoliveira.com.br\/blog\/wp-json\/wp\/v2\/users\/1"}],"replies":[{"embeddable":true,"href":"http:\/\/blogdalucianaoliveira.com.br\/blog\/wp-json\/wp\/v2\/comments?post=2031"}],"version-history":[{"count":1,"href":"http:\/\/blogdalucianaoliveira.com.br\/blog\/wp-json\/wp\/v2\/posts\/2031\/revisions"}],"predecessor-version":[{"id":2033,"href":"http:\/\/blogdalucianaoliveira.com.br\/blog\/wp-json\/wp\/v2\/posts\/2031\/revisions\/2033"}],"wp:attachment":[{"href":"http:\/\/blogdalucianaoliveira.com.br\/blog\/wp-json\/wp\/v2\/media?parent=2031"}],"wp:term":[{"taxonomy":"category","embeddable":true,"href":"http:\/\/blogdalucianaoliveira.com.br\/blog\/wp-json\/wp\/v2\/categories?post=2031"},{"taxonomy":"post_tag","embeddable":true,"href":"http:\/\/blogdalucianaoliveira.com.br\/blog\/wp-json\/wp\/v2\/tags?post=2031"}],"curies":[{"name":"wp","href":"https:\/\/api.w.org\/{rel}","templated":true}]}}