{"id":20311,"date":"2019-02-01T14:42:30","date_gmt":"2019-02-01T18:42:30","guid":{"rendered":"http:\/\/blogdalucianaoliveira.com.br\/blog\/?p=20311"},"modified":"2019-02-01T14:53:40","modified_gmt":"2019-02-01T18:53:40","slug":"bloco-pirarucu-do-madeira-acerta-detalhes-do-desfile-em-homenagem-as-escolas-de-samba","status":"publish","type":"post","link":"http:\/\/blogdalucianaoliveira.com.br\/blog\/2019\/02\/01\/bloco-pirarucu-do-madeira-acerta-detalhes-do-desfile-em-homenagem-as-escolas-de-samba\/","title":{"rendered":"BLOCO PIRARUCU DO MADEIRA ACERTA DETALHES DO DESFILE EM HOMENAGEM \u00c0S ESCOLAS DE SAMBA"},"content":{"rendered":"<p><img data-recalc-dims=\"1\" loading=\"lazy\" decoding=\"async\" data-attachment-id=\"20312\" data-permalink=\"http:\/\/blogdalucianaoliveira.com.br\/blog\/2019\/02\/01\/bloco-pirarucu-do-madeira-acerta-detalhes-do-desfile-em-homenagem-as-escolas-de-samba\/essa\/\" data-orig-file=\"https:\/\/i0.wp.com\/blogdalucianaoliveira.com.br\/blog\/wp-content\/uploads\/2019\/02\/ESSA.jpg?fit=4032%2C3024\" data-orig-size=\"4032,3024\" data-comments-opened=\"0\" data-image-meta=\"{&quot;aperture&quot;:&quot;1.8&quot;,&quot;credit&quot;:&quot;&quot;,&quot;camera&quot;:&quot;iPhone 7&quot;,&quot;caption&quot;:&quot;&quot;,&quot;created_timestamp&quot;:&quot;1548965110&quot;,&quot;copyright&quot;:&quot;&quot;,&quot;focal_length&quot;:&quot;3.99&quot;,&quot;iso&quot;:&quot;100&quot;,&quot;shutter_speed&quot;:&quot;0.2&quot;,&quot;title&quot;:&quot;&quot;,&quot;orientation&quot;:&quot;1&quot;}\" data-image-title=\"ESSA\" data-image-description=\"\" data-image-caption=\"\" data-medium-file=\"https:\/\/i0.wp.com\/blogdalucianaoliveira.com.br\/blog\/wp-content\/uploads\/2019\/02\/ESSA.jpg?fit=300%2C225\" data-large-file=\"https:\/\/i0.wp.com\/blogdalucianaoliveira.com.br\/blog\/wp-content\/uploads\/2019\/02\/ESSA.jpg?fit=600%2C450\" src=\"https:\/\/i0.wp.com\/blogdalucianaoliveira.com.br\/blog\/wp-content\/uploads\/2019\/02\/ESSA.jpg?resize=600%2C450\" alt=\"ESSA\" width=\"600\" height=\"450\" class=\"alignnone size-full wp-image-20312\" srcset=\"https:\/\/i0.wp.com\/blogdalucianaoliveira.com.br\/blog\/wp-content\/uploads\/2019\/02\/ESSA.jpg?w=4032 4032w, https:\/\/i0.wp.com\/blogdalucianaoliveira.com.br\/blog\/wp-content\/uploads\/2019\/02\/ESSA.jpg?resize=300%2C225 300w, https:\/\/i0.wp.com\/blogdalucianaoliveira.com.br\/blog\/wp-content\/uploads\/2019\/02\/ESSA.jpg?resize=768%2C576 768w, https:\/\/i0.wp.com\/blogdalucianaoliveira.com.br\/blog\/wp-content\/uploads\/2019\/02\/ESSA.jpg?resize=1024%2C768 1024w, https:\/\/i0.wp.com\/blogdalucianaoliveira.com.br\/blog\/wp-content\/uploads\/2019\/02\/ESSA.jpg?resize=400%2C300 400w, https:\/\/i0.wp.com\/blogdalucianaoliveira.com.br\/blog\/wp-content\/uploads\/2019\/02\/ESSA.jpg?w=1200 1200w, https:\/\/i0.wp.com\/blogdalucianaoliveira.com.br\/blog\/wp-content\/uploads\/2019\/02\/ESSA.jpg?w=1800 1800w\" sizes=\"auto, (max-width: 600px) 100vw, 600px\" \/><\/p>\n<p>Em reuni\u00e3o nesta quinta-feira, 31, ficou acertado como as Escolas de Samba da capital v\u00e3o se integrar ao desfile do bloco Pirarucu do Madeira no pr\u00f3ximo dia 24.<\/p>\n<p>Os dirigentes do bloco e os representantes das Escolas de Samba Arm\u00e1rio Grande, Asfalt\u00e3o, Diplomatas do Samba, Imp\u00e9rio do Samba, R\u00e1dio Farol, S\u00e3o Jo\u00e3o Batista e Acad\u00eamicos da Zona Leste decidiram como v\u00e3o se colocar no meio do cord\u00e3o popular democr\u00e1tico.<!--more--><\/p>\n<p><img data-recalc-dims=\"1\" loading=\"lazy\" decoding=\"async\" data-attachment-id=\"20313\" data-permalink=\"http:\/\/blogdalucianaoliveira.com.br\/blog\/2019\/02\/01\/bloco-pirarucu-do-madeira-acerta-detalhes-do-desfile-em-homenagem-as-escolas-de-samba\/essa2\/\" data-orig-file=\"https:\/\/i0.wp.com\/blogdalucianaoliveira.com.br\/blog\/wp-content\/uploads\/2019\/02\/ESSA2.jpg?fit=4032%2C3024\" data-orig-size=\"4032,3024\" data-comments-opened=\"0\" data-image-meta=\"{&quot;aperture&quot;:&quot;1.8&quot;,&quot;credit&quot;:&quot;&quot;,&quot;camera&quot;:&quot;iPhone 7&quot;,&quot;caption&quot;:&quot;&quot;,&quot;created_timestamp&quot;:&quot;1548965091&quot;,&quot;copyright&quot;:&quot;&quot;,&quot;focal_length&quot;:&quot;3.99&quot;,&quot;iso&quot;:&quot;80&quot;,&quot;shutter_speed&quot;:&quot;0.25&quot;,&quot;title&quot;:&quot;&quot;,&quot;orientation&quot;:&quot;1&quot;}\" data-image-title=\"ESSA2\" data-image-description=\"\" data-image-caption=\"\" data-medium-file=\"https:\/\/i0.wp.com\/blogdalucianaoliveira.com.br\/blog\/wp-content\/uploads\/2019\/02\/ESSA2.jpg?fit=300%2C225\" data-large-file=\"https:\/\/i0.wp.com\/blogdalucianaoliveira.com.br\/blog\/wp-content\/uploads\/2019\/02\/ESSA2.jpg?fit=600%2C450\" src=\"https:\/\/i0.wp.com\/blogdalucianaoliveira.com.br\/blog\/wp-content\/uploads\/2019\/02\/ESSA2.jpg?resize=600%2C450\" alt=\"ESSA2\" width=\"600\" height=\"450\" class=\"alignnone size-full wp-image-20313\" srcset=\"https:\/\/i0.wp.com\/blogdalucianaoliveira.com.br\/blog\/wp-content\/uploads\/2019\/02\/ESSA2.jpg?w=4032 4032w, https:\/\/i0.wp.com\/blogdalucianaoliveira.com.br\/blog\/wp-content\/uploads\/2019\/02\/ESSA2.jpg?resize=300%2C225 300w, https:\/\/i0.wp.com\/blogdalucianaoliveira.com.br\/blog\/wp-content\/uploads\/2019\/02\/ESSA2.jpg?resize=768%2C576 768w, https:\/\/i0.wp.com\/blogdalucianaoliveira.com.br\/blog\/wp-content\/uploads\/2019\/02\/ESSA2.jpg?resize=1024%2C768 1024w, https:\/\/i0.wp.com\/blogdalucianaoliveira.com.br\/blog\/wp-content\/uploads\/2019\/02\/ESSA2.jpg?resize=400%2C300 400w, https:\/\/i0.wp.com\/blogdalucianaoliveira.com.br\/blog\/wp-content\/uploads\/2019\/02\/ESSA2.jpg?w=1200 1200w, https:\/\/i0.wp.com\/blogdalucianaoliveira.com.br\/blog\/wp-content\/uploads\/2019\/02\/ESSA2.jpg?w=1800 1800w\" sizes=\"auto, (max-width: 600px) 100vw, 600px\" \/><\/p>\n<p>A ordem \u00e9 misturar as cores e a for\u00e7a da resist\u00eancia, mas todos devem ir com a camiseta da sua escola. <\/p>\n<p>Os pavilh\u00f5es vir\u00e3o na frente, pois representam o trabalho e hist\u00f3ria da comunidade que integra uma escola de samba. <\/p>\n<p>\u201cA inten\u00e7\u00e3o do bloco \u00e9 exaltar uma tradi\u00e7\u00e3o que nasceu praticamente junto com a cidade de Porto Velho. Um belo desfile em conjunto num ano em que as escolas n\u00e3o desfilar\u00e3o por falta de investimento p\u00fablico, \u00e9 uma a\u00e7\u00e3o afirmativa. S\u00f3 queremos fazer um desfile de paz e alegria para fortalecer a uni\u00e3o e reafirmar nossa identidade cultural carnavalesca\u201d, afirma o presidente Ernande Segismundo.<\/p>\n<p>O desfile \u00e9 no pr\u00f3ximo dia 24 e a concentra\u00e7\u00e3o a partir das 15 horas na Pinheiro Machado com a Rog\u00e9rio Weber. <\/p>\n<p>O bloco n\u00e3o vende abad\u00e1, n\u00e3o usa cordas para separar foli\u00f5es e a banda Puraqu\u00e9 toca com os p\u00e9s no ch\u00e3o. Esse ano ser\u00e3o dois pequenos carros de som, pois o Pirarucu cresceu ao longo de 26 anos.<\/p>\n<p>O presidente da Federa\u00e7\u00e3o das Escolas de Samba e Entidades Carnavalescas, Reginaldo Makumbinha, agradeceu a homenagem e pediu que todos envolvam suas comunidades para exaltar a import\u00e2ncia das escolas de samba. &#8220;A gente luta para manter viva a tradi\u00e7\u00e3o. Nossa for\u00e7a est\u00e1 em resistir e a gente sempre acredita nos pr\u00f3ximos anos vai se desenvolver melhor a parceria com o poder p\u00fablico e com a iniciativa privada.<\/p>\n","protected":false},"excerpt":{"rendered":"<p>Em reuni\u00e3o nesta quinta-feira, 31, ficou acertado como as Escolas de Samba da capital v\u00e3o se integrar ao desfile do bloco Pirarucu do Madeira no pr\u00f3ximo dia 24. Os dirigentes do bloco e os representantes das Escolas de Samba Arm\u00e1rio Grande, Asfalt\u00e3o, Diplomatas do Samba, Imp\u00e9rio do Samba, R\u00e1dio Farol, S\u00e3o Jo\u00e3o Batista e Acad\u00eamicos&#8230;<a class=\"more-link\" href=\"http:\/\/blogdalucianaoliveira.com.br\/blog\/2019\/02\/01\/bloco-pirarucu-do-madeira-acerta-detalhes-do-desfile-em-homenagem-as-escolas-de-samba\/\">Continue a leitura <span class=\"meta-nav\">&raquo;<\/span><\/a><\/p>\n","protected":false},"author":1,"featured_media":0,"comment_status":"closed","ping_status":"open","sticky":false,"template":"","format":"standard","meta":{"_exactmetrics_skip_tracking":false,"_exactmetrics_sitenote_active":false,"_exactmetrics_sitenote_note":"","_exactmetrics_sitenote_category":0,"jetpack_post_was_ever_published":false,"_jetpack_newsletter_access":"","_jetpack_dont_email_post_to_subs":false,"_jetpack_newsletter_tier_id":0,"_jetpack_memberships_contains_paywalled_content":false,"_jetpack_memberships_contains_paid_content":false,"footnotes":"","jetpack_publicize_message":"","jetpack_publicize_feature_enabled":true,"jetpack_social_post_already_shared":true,"jetpack_social_options":{"image_generator_settings":{"template":"highway","enabled":false},"version":2}},"categories":[1],"tags":[],"class_list":["post-20311","post","type-post","status-publish","format-standard","hentry","category-notas"],"jetpack_publicize_connections":[],"jetpack_sharing_enabled":true,"jetpack_featured_media_url":"","jetpack_shortlink":"https:\/\/wp.me\/p7wKYW-5hB","jetpack-related-posts":[],"_links":{"self":[{"href":"http:\/\/blogdalucianaoliveira.com.br\/blog\/wp-json\/wp\/v2\/posts\/20311","targetHints":{"allow":["GET"]}}],"collection":[{"href":"http:\/\/blogdalucianaoliveira.com.br\/blog\/wp-json\/wp\/v2\/posts"}],"about":[{"href":"http:\/\/blogdalucianaoliveira.com.br\/blog\/wp-json\/wp\/v2\/types\/post"}],"author":[{"embeddable":true,"href":"http:\/\/blogdalucianaoliveira.com.br\/blog\/wp-json\/wp\/v2\/users\/1"}],"replies":[{"embeddable":true,"href":"http:\/\/blogdalucianaoliveira.com.br\/blog\/wp-json\/wp\/v2\/comments?post=20311"}],"version-history":[{"count":7,"href":"http:\/\/blogdalucianaoliveira.com.br\/blog\/wp-json\/wp\/v2\/posts\/20311\/revisions"}],"predecessor-version":[{"id":20320,"href":"http:\/\/blogdalucianaoliveira.com.br\/blog\/wp-json\/wp\/v2\/posts\/20311\/revisions\/20320"}],"wp:attachment":[{"href":"http:\/\/blogdalucianaoliveira.com.br\/blog\/wp-json\/wp\/v2\/media?parent=20311"}],"wp:term":[{"taxonomy":"category","embeddable":true,"href":"http:\/\/blogdalucianaoliveira.com.br\/blog\/wp-json\/wp\/v2\/categories?post=20311"},{"taxonomy":"post_tag","embeddable":true,"href":"http:\/\/blogdalucianaoliveira.com.br\/blog\/wp-json\/wp\/v2\/tags?post=20311"}],"curies":[{"name":"wp","href":"https:\/\/api.w.org\/{rel}","templated":true}]}}