{"id":20324,"date":"2019-02-01T20:01:05","date_gmt":"2019-02-02T00:01:05","guid":{"rendered":"http:\/\/blogdalucianaoliveira.com.br\/blog\/?p=20324"},"modified":"2019-02-01T20:01:05","modified_gmt":"2019-02-02T00:01:05","slug":"cara-nova-mas-bem-conhecida","status":"publish","type":"post","link":"http:\/\/blogdalucianaoliveira.com.br\/blog\/2019\/02\/01\/cara-nova-mas-bem-conhecida\/","title":{"rendered":"Cara nova, mas bem conhecida"},"content":{"rendered":"<p><img data-recalc-dims=\"1\" loading=\"lazy\" decoding=\"async\" data-attachment-id=\"20325\" data-permalink=\"http:\/\/blogdalucianaoliveira.com.br\/blog\/2019\/02\/01\/cara-nova-mas-bem-conhecida\/85d4a1ef-2991-408b-baa7-e8e29c1985d1\/\" data-orig-file=\"https:\/\/i0.wp.com\/blogdalucianaoliveira.com.br\/blog\/wp-content\/uploads\/2019\/02\/85D4A1EF-2991-408B-BAA7-E8E29C1985D1.jpeg?fit=1032%2C774\" data-orig-size=\"1032,774\" data-comments-opened=\"0\" data-image-meta=\"{&quot;aperture&quot;:&quot;0&quot;,&quot;credit&quot;:&quot;&quot;,&quot;camera&quot;:&quot;&quot;,&quot;caption&quot;:&quot;&quot;,&quot;created_timestamp&quot;:&quot;0&quot;,&quot;copyright&quot;:&quot;&quot;,&quot;focal_length&quot;:&quot;0&quot;,&quot;iso&quot;:&quot;0&quot;,&quot;shutter_speed&quot;:&quot;0&quot;,&quot;title&quot;:&quot;&quot;,&quot;orientation&quot;:&quot;1&quot;}\" data-image-title=\"85D4A1EF-2991-408B-BAA7-E8E29C1985D1\" data-image-description=\"\" data-image-caption=\"\" data-medium-file=\"https:\/\/i0.wp.com\/blogdalucianaoliveira.com.br\/blog\/wp-content\/uploads\/2019\/02\/85D4A1EF-2991-408B-BAA7-E8E29C1985D1.jpeg?fit=300%2C225\" data-large-file=\"https:\/\/i0.wp.com\/blogdalucianaoliveira.com.br\/blog\/wp-content\/uploads\/2019\/02\/85D4A1EF-2991-408B-BAA7-E8E29C1985D1.jpeg?fit=600%2C450\" src=\"https:\/\/i0.wp.com\/blogdalucianaoliveira.com.br\/blog\/wp-content\/uploads\/2019\/02\/85D4A1EF-2991-408B-BAA7-E8E29C1985D1.jpeg?resize=600%2C450\" alt=\"85D4A1EF-2991-408B-BAA7-E8E29C1985D1\" width=\"600\" height=\"450\" class=\"alignnone size-full wp-image-20325\" srcset=\"https:\/\/i0.wp.com\/blogdalucianaoliveira.com.br\/blog\/wp-content\/uploads\/2019\/02\/85D4A1EF-2991-408B-BAA7-E8E29C1985D1.jpeg?w=1032 1032w, https:\/\/i0.wp.com\/blogdalucianaoliveira.com.br\/blog\/wp-content\/uploads\/2019\/02\/85D4A1EF-2991-408B-BAA7-E8E29C1985D1.jpeg?resize=300%2C225 300w, https:\/\/i0.wp.com\/blogdalucianaoliveira.com.br\/blog\/wp-content\/uploads\/2019\/02\/85D4A1EF-2991-408B-BAA7-E8E29C1985D1.jpeg?resize=768%2C576 768w, https:\/\/i0.wp.com\/blogdalucianaoliveira.com.br\/blog\/wp-content\/uploads\/2019\/02\/85D4A1EF-2991-408B-BAA7-E8E29C1985D1.jpeg?resize=1024%2C768 1024w, https:\/\/i0.wp.com\/blogdalucianaoliveira.com.br\/blog\/wp-content\/uploads\/2019\/02\/85D4A1EF-2991-408B-BAA7-E8E29C1985D1.jpeg?resize=400%2C300 400w\" sizes=\"auto, (max-width: 600px) 100vw, 600px\" \/><\/p>\n<p>A Assembl\u00e9ia Legislativa tem novos deputados. <\/p>\n<p>Esse \u00e9  Ezequiel Neiva. <\/p>\n<p>Aquele do esc\u00e2ndalo do suposto desvio dos R$ 30 milh\u00f5es da ponte do anel vi\u00e1rio de Ji-Paran\u00e1.<\/p>\n<p>\u00c9 um um dos oito r\u00e9us na a\u00e7\u00e3o civil p\u00fablica oriunda da den\u00fancia apresentada pelo deputado Herm\u00ednio Coelho (PDT).<\/p>\n","protected":false},"excerpt":{"rendered":"<p>A Assembl\u00e9ia Legislativa tem novos deputados. Esse \u00e9 Ezequiel Neiva. Aquele do esc\u00e2ndalo do suposto desvio dos R$ 30 milh\u00f5es da ponte do anel vi\u00e1rio de Ji-Paran\u00e1. \u00c9 um um dos oito r\u00e9us na a\u00e7\u00e3o civil p\u00fablica oriunda da den\u00fancia apresentada pelo deputado Herm\u00ednio Coelho (PDT).<\/p>\n","protected":false},"author":1,"featured_media":0,"comment_status":"closed","ping_status":"open","sticky":false,"template":"","format":"standard","meta":{"_exactmetrics_skip_tracking":false,"_exactmetrics_sitenote_active":false,"_exactmetrics_sitenote_note":"","_exactmetrics_sitenote_category":0,"jetpack_post_was_ever_published":false,"_jetpack_newsletter_access":"","_jetpack_dont_email_post_to_subs":false,"_jetpack_newsletter_tier_id":0,"_jetpack_memberships_contains_paywalled_content":false,"_jetpack_memberships_contains_paid_content":false,"footnotes":"","jetpack_publicize_message":"","jetpack_publicize_feature_enabled":true,"jetpack_social_post_already_shared":true,"jetpack_social_options":{"image_generator_settings":{"template":"highway","enabled":false},"version":2}},"categories":[1],"tags":[],"class_list":["post-20324","post","type-post","status-publish","format-standard","hentry","category-notas"],"jetpack_publicize_connections":[],"jetpack_sharing_enabled":true,"jetpack_featured_media_url":"","jetpack_shortlink":"https:\/\/wp.me\/p7wKYW-5hO","jetpack-related-posts":[],"_links":{"self":[{"href":"http:\/\/blogdalucianaoliveira.com.br\/blog\/wp-json\/wp\/v2\/posts\/20324","targetHints":{"allow":["GET"]}}],"collection":[{"href":"http:\/\/blogdalucianaoliveira.com.br\/blog\/wp-json\/wp\/v2\/posts"}],"about":[{"href":"http:\/\/blogdalucianaoliveira.com.br\/blog\/wp-json\/wp\/v2\/types\/post"}],"author":[{"embeddable":true,"href":"http:\/\/blogdalucianaoliveira.com.br\/blog\/wp-json\/wp\/v2\/users\/1"}],"replies":[{"embeddable":true,"href":"http:\/\/blogdalucianaoliveira.com.br\/blog\/wp-json\/wp\/v2\/comments?post=20324"}],"version-history":[{"count":1,"href":"http:\/\/blogdalucianaoliveira.com.br\/blog\/wp-json\/wp\/v2\/posts\/20324\/revisions"}],"predecessor-version":[{"id":20326,"href":"http:\/\/blogdalucianaoliveira.com.br\/blog\/wp-json\/wp\/v2\/posts\/20324\/revisions\/20326"}],"wp:attachment":[{"href":"http:\/\/blogdalucianaoliveira.com.br\/blog\/wp-json\/wp\/v2\/media?parent=20324"}],"wp:term":[{"taxonomy":"category","embeddable":true,"href":"http:\/\/blogdalucianaoliveira.com.br\/blog\/wp-json\/wp\/v2\/categories?post=20324"},{"taxonomy":"post_tag","embeddable":true,"href":"http:\/\/blogdalucianaoliveira.com.br\/blog\/wp-json\/wp\/v2\/tags?post=20324"}],"curies":[{"name":"wp","href":"https:\/\/api.w.org\/{rel}","templated":true}]}}