{"id":2034,"date":"2016-06-30T09:09:51","date_gmt":"2016-06-30T13:09:51","guid":{"rendered":"http:\/\/blogdalucianaoliveira.com.br\/blog\/?p=2034"},"modified":"2016-06-30T09:09:51","modified_gmt":"2016-06-30T13:09:51","slug":"temer-aumenta-bolsa-familia-em-125-legal-mas-cade-o-povo-que-pediu-fora-dilma-pra-acabar-com-o-programa","status":"publish","type":"post","link":"http:\/\/blogdalucianaoliveira.com.br\/blog\/2016\/06\/30\/temer-aumenta-bolsa-familia-em-125-legal-mas-cade-o-povo-que-pediu-fora-dilma-pra-acabar-com-o-programa\/","title":{"rendered":"Temer aumenta Bolsa Fam\u00edlia em 12,5%. Legal, mas cad\u00ea o povo que pediu Fora Dilma pra acabar com o programa?"},"content":{"rendered":"<p><img data-recalc-dims=\"1\" loading=\"lazy\" decoding=\"async\" data-attachment-id=\"2035\" data-permalink=\"http:\/\/blogdalucianaoliveira.com.br\/blog\/2016\/06\/30\/temer-aumenta-bolsa-familia-em-125-legal-mas-cade-o-povo-que-pediu-fora-dilma-pra-acabar-com-o-programa\/image-440\/\" data-orig-file=\"https:\/\/i0.wp.com\/blogdalucianaoliveira.com.br\/blog\/wp-content\/uploads\/2016\/06\/image-132.jpeg?fit=509%2C289\" data-orig-size=\"509,289\" data-comments-opened=\"0\" data-image-meta=\"{&quot;aperture&quot;:&quot;0&quot;,&quot;credit&quot;:&quot;&quot;,&quot;camera&quot;:&quot;&quot;,&quot;caption&quot;:&quot;&quot;,&quot;created_timestamp&quot;:&quot;0&quot;,&quot;copyright&quot;:&quot;&quot;,&quot;focal_length&quot;:&quot;0&quot;,&quot;iso&quot;:&quot;0&quot;,&quot;shutter_speed&quot;:&quot;0&quot;,&quot;title&quot;:&quot;&quot;,&quot;orientation&quot;:&quot;0&quot;}\" data-image-title=\"image\" data-image-description=\"\" data-image-caption=\"\" data-medium-file=\"https:\/\/i0.wp.com\/blogdalucianaoliveira.com.br\/blog\/wp-content\/uploads\/2016\/06\/image-132.jpeg?fit=300%2C170\" data-large-file=\"https:\/\/i0.wp.com\/blogdalucianaoliveira.com.br\/blog\/wp-content\/uploads\/2016\/06\/image-132.jpeg?fit=509%2C289\" src=\"https:\/\/i0.wp.com\/blogdalucianaoliveira.com.br\/blog\/wp-content\/uploads\/2016\/06\/image-132.jpeg?resize=509%2C289\" alt=\"image\" width=\"509\" height=\"289\" class=\"alignnone size-full wp-image-2035\" srcset=\"https:\/\/i0.wp.com\/blogdalucianaoliveira.com.br\/blog\/wp-content\/uploads\/2016\/06\/image-132.jpeg?w=509 509w, https:\/\/i0.wp.com\/blogdalucianaoliveira.com.br\/blog\/wp-content\/uploads\/2016\/06\/image-132.jpeg?resize=300%2C170 300w\" sizes=\"auto, (max-width: 509px) 100vw, 509px\" \/><\/p>\n<p>Antes de deixar o governo a presidente Dilma concedeu um reajuste de 9%, mas o interino n\u00e3o pagou. <\/p>\n<p>Com pesquisas que revelaram uma popularidade p\u00edfia, Temer fez com o programa o que seus apoiadores sempre alegaram que Dilma fazia: politicagem. <!--more--><\/p>\n<p>Mas, parece que virou um mantra da direita o &#8216;n\u00e3o vem ao caso&#8217;. <\/p>\n<p>Nas redes sociais, n\u00e3o aparece um que condenava o programa por achar que era um instrumento de manipula\u00e7\u00e3o do eleitor. <\/p>\n<p>Temer concede o reajuste descaradamente com esse intuito, pois est\u00e1 em campanha pela aprova\u00e7\u00e3o do impeachment da presidente eleita. <\/p>\n<p>E olha que governo faz isso num momento de crise que fez o interino aprovar no Congresso revis\u00e3o da meta fiscal que prev\u00ea um rombo de at\u00e9 R$ 170,5 bilh\u00f5es.<\/p>\n<p>Onde foram parar os que consideravam o investimento no Bolsa Fam\u00edlia a causa da &#8216;recess\u00e3o&#8217; econ\u00f4mica? <\/p>\n<p>Vem ao caso real\u00e7ar a hipocrisia. <\/p>\n","protected":false},"excerpt":{"rendered":"<p>Antes de deixar o governo a presidente Dilma concedeu um reajuste de 9%, mas o interino n\u00e3o pagou. Com pesquisas que revelaram uma popularidade p\u00edfia, Temer fez com o programa o que seus apoiadores sempre alegaram que Dilma fazia: politicagem.<\/p>\n","protected":false},"author":1,"featured_media":0,"comment_status":"closed","ping_status":"open","sticky":false,"template":"","format":"standard","meta":{"_exactmetrics_skip_tracking":false,"_exactmetrics_sitenote_active":false,"_exactmetrics_sitenote_note":"","_exactmetrics_sitenote_category":0,"jetpack_post_was_ever_published":false,"_jetpack_newsletter_access":"","_jetpack_dont_email_post_to_subs":false,"_jetpack_newsletter_tier_id":0,"_jetpack_memberships_contains_paywalled_content":false,"_jetpack_memberships_contains_paid_content":false,"footnotes":"","jetpack_publicize_message":"","jetpack_publicize_feature_enabled":true,"jetpack_social_post_already_shared":true,"jetpack_social_options":{"image_generator_settings":{"template":"highway","enabled":false},"version":2}},"categories":[1],"tags":[],"class_list":["post-2034","post","type-post","status-publish","format-standard","hentry","category-notas"],"jetpack_publicize_connections":[],"jetpack_sharing_enabled":true,"jetpack_featured_media_url":"","jetpack_shortlink":"https:\/\/wp.me\/p7wKYW-wO","jetpack-related-posts":[],"_links":{"self":[{"href":"http:\/\/blogdalucianaoliveira.com.br\/blog\/wp-json\/wp\/v2\/posts\/2034","targetHints":{"allow":["GET"]}}],"collection":[{"href":"http:\/\/blogdalucianaoliveira.com.br\/blog\/wp-json\/wp\/v2\/posts"}],"about":[{"href":"http:\/\/blogdalucianaoliveira.com.br\/blog\/wp-json\/wp\/v2\/types\/post"}],"author":[{"embeddable":true,"href":"http:\/\/blogdalucianaoliveira.com.br\/blog\/wp-json\/wp\/v2\/users\/1"}],"replies":[{"embeddable":true,"href":"http:\/\/blogdalucianaoliveira.com.br\/blog\/wp-json\/wp\/v2\/comments?post=2034"}],"version-history":[{"count":1,"href":"http:\/\/blogdalucianaoliveira.com.br\/blog\/wp-json\/wp\/v2\/posts\/2034\/revisions"}],"predecessor-version":[{"id":2036,"href":"http:\/\/blogdalucianaoliveira.com.br\/blog\/wp-json\/wp\/v2\/posts\/2034\/revisions\/2036"}],"wp:attachment":[{"href":"http:\/\/blogdalucianaoliveira.com.br\/blog\/wp-json\/wp\/v2\/media?parent=2034"}],"wp:term":[{"taxonomy":"category","embeddable":true,"href":"http:\/\/blogdalucianaoliveira.com.br\/blog\/wp-json\/wp\/v2\/categories?post=2034"},{"taxonomy":"post_tag","embeddable":true,"href":"http:\/\/blogdalucianaoliveira.com.br\/blog\/wp-json\/wp\/v2\/tags?post=2034"}],"curies":[{"name":"wp","href":"https:\/\/api.w.org\/{rel}","templated":true}]}}