{"id":20345,"date":"2019-02-03T18:53:22","date_gmt":"2019-02-03T22:53:22","guid":{"rendered":"http:\/\/blogdalucianaoliveira.com.br\/blog\/?p=20345"},"modified":"2019-02-03T21:14:10","modified_gmt":"2019-02-04T01:14:10","slug":"20345","status":"publish","type":"post","link":"http:\/\/blogdalucianaoliveira.com.br\/blog\/2019\/02\/03\/20345\/","title":{"rendered":"O que \u00e9 &#8216;globalismo&#8217;, termo usado pelo novo chanceler brasileiro e por Trump?"},"content":{"rendered":"<p><img data-recalc-dims=\"1\" loading=\"lazy\" decoding=\"async\" data-attachment-id=\"20346\" data-permalink=\"http:\/\/blogdalucianaoliveira.com.br\/blog\/2019\/02\/03\/20345\/83174a79-59ec-4613-9ca8-0cc7f0dacad4\/\" data-orig-file=\"https:\/\/i0.wp.com\/blogdalucianaoliveira.com.br\/blog\/wp-content\/uploads\/2019\/02\/83174A79-59EC-4613-9CA8-0CC7F0DACAD4.jpeg?fit=375%2C210\" data-orig-size=\"375,210\" data-comments-opened=\"0\" data-image-meta=\"{&quot;aperture&quot;:&quot;0&quot;,&quot;credit&quot;:&quot;&quot;,&quot;camera&quot;:&quot;&quot;,&quot;caption&quot;:&quot;&quot;,&quot;created_timestamp&quot;:&quot;0&quot;,&quot;copyright&quot;:&quot;&quot;,&quot;focal_length&quot;:&quot;0&quot;,&quot;iso&quot;:&quot;0&quot;,&quot;shutter_speed&quot;:&quot;0&quot;,&quot;title&quot;:&quot;&quot;,&quot;orientation&quot;:&quot;0&quot;}\" data-image-title=\"83174A79-59EC-4613-9CA8-0CC7F0DACAD4\" data-image-description=\"\" data-image-caption=\"\" data-medium-file=\"https:\/\/i0.wp.com\/blogdalucianaoliveira.com.br\/blog\/wp-content\/uploads\/2019\/02\/83174A79-59EC-4613-9CA8-0CC7F0DACAD4.jpeg?fit=300%2C168\" data-large-file=\"https:\/\/i0.wp.com\/blogdalucianaoliveira.com.br\/blog\/wp-content\/uploads\/2019\/02\/83174A79-59EC-4613-9CA8-0CC7F0DACAD4.jpeg?fit=375%2C210\" class=\"alignnone size-full wp-image-20346\" src=\"https:\/\/i0.wp.com\/blogdalucianaoliveira.com.br\/blog\/wp-content\/uploads\/2019\/02\/83174A79-59EC-4613-9CA8-0CC7F0DACAD4.jpeg?resize=375%2C210\" alt=\"83174A79-59EC-4613-9CA8-0CC7F0DACAD4\" width=\"375\" height=\"210\" srcset=\"https:\/\/i0.wp.com\/blogdalucianaoliveira.com.br\/blog\/wp-content\/uploads\/2019\/02\/83174A79-59EC-4613-9CA8-0CC7F0DACAD4.jpeg?w=375 375w, https:\/\/i0.wp.com\/blogdalucianaoliveira.com.br\/blog\/wp-content\/uploads\/2019\/02\/83174A79-59EC-4613-9CA8-0CC7F0DACAD4.jpeg?resize=300%2C168 300w\" sizes=\"auto, (max-width: 375px) 100vw, 375px\" \/><\/p>\n<p>&#8220;Globalismo&#8221;, termo frequente nos discursos e cr\u00edticas de autoridades como o novo ministro de Rela\u00e7\u00f5es Exteriores brasileiro, Ernesto Ara\u00fajo, e o presidente americano, Donald Trump, significa muitas coisas diferentes para muitas pessoas diferentes.<!--more--><\/p>\n<p>Na BBC<\/p>\n<p>Para o novo chanceler brasileiro, por exemplo, &#8220;globalismo&#8221; \u00e9 a &#8220;configura\u00e7\u00e3o atual do marxismo&#8221;, da qual o Brasil e o mundo precisam se libertar. &#8220;\u00c9 a globaliza\u00e7\u00e3o econ\u00f4mica que passou a ser pilotada pelo marxismo cultural&#8221;, afirmou o chanceler, em textos de seu blog Metapol\u00edtica 17.<br \/>\nTrump, em seu discurso na 73\u00aa Assembleia Geral das Na\u00e7\u00f5es Unidas, afirmou rejeitar o que chama de &#8220;ideologia do globalismo&#8221; que, na sua vis\u00e3o, se op\u00f5e ao seu lema de &#8220;Estados Unidos primeiro&#8221;. &#8220;Os Estados Unidos sempre v\u00e3o escolher a independ\u00eancia e a coopera\u00e7\u00e3o em vez de governos globais, controle e domina\u00e7\u00e3o. Eu honro o direito de cada na\u00e7\u00e3o de buscar seus pr\u00f3prios costumes, cren\u00e7as e tradi\u00e7\u00f5es&#8221;, afirmou, acrescentando que os EUA s\u00e3o governados por americanos&#8221; e que por isso, em vez do globalismo, ele abra\u00e7a a &#8220;doutrina do patriotismo&#8221;.<br \/>\nMas o que \u00e9 globalismo afinal? Especialistas entrevistados pela BBC News Brasil concordam que, em outros momentos da hist\u00f3ria, o termo teve defini\u00e7\u00e3o bastante diferente dessa atual &#8211; adotada, dizem, pela nova direita populista no mundo.<\/p>\n<p>Para esses analistas, o termo se transformou em um &#8220;slogan pol\u00edtico&#8221; ou em uma &#8220;caricatura&#8221; e representa, na abordagem dos debates recentes, ideias opostas ao nacionalismo e ao patriotismo.<\/p>\n<h2 class=\"story-body__crosshead\">Slogan pol\u00edtico<\/h2>\n<p>O primeiro aspecto que deve ser destacado, diz o linguista belga Jan Blommaert, professor de L\u00edngua, Cultura e Globaliza\u00e7\u00e3o na Universidade Tilburg, na Holanda, \u00e9 que o termo \u00e9 &#8220;vago, e isso faz parte de uma estrat\u00e9gia do discurso pol\u00edtico&#8221;.<\/p>\n<p>Globalismo, por exemplo, n\u00e3o \u00e9 sin\u00f4nimo de globaliza\u00e7\u00e3o, segundo Blommaert, &#8220;mas \u00e9 exatamente a semelhan\u00e7a com &#8216;globaliza\u00e7\u00e3o&#8217; que confunde as pessoas e faz com que elas pensem que sabem do que est\u00e1 sendo falado&#8221;.<\/p>\n<p>O segundo aspecto \u00e9 que o termo, diz o professor, \u00e9 a &#8220;muni\u00e7\u00e3o ideal&#8221; para o s\u00e9culo 21, &#8220;perfeito para as redes sociais&#8221;. &#8220;No mundo do Twitter, \u00e9 ideal: \u00e9 uma palavra com v\u00e1rios significados distintos e v\u00e1rias aplica\u00e7\u00f5es diferentes. Ideias longas e argumentos s\u00e3o reduzidos a uma palavra ou uma frase.&#8221;<\/p>\n<figure class=\"media-landscape has-caption full-width\"><span class=\"image-and-copyright-container\"><img data-recalc-dims=\"1\" loading=\"lazy\" decoding=\"async\" class=\"responsive-image__img js-image-replace\" src=\"https:\/\/i0.wp.com\/ichef.bbci.co.uk\/news\/375\/cpsprodpb\/1814F\/production\/_105193689_9f478b3c-ae28-4e6f-b58e-74f6aba7dd2f.jpg?resize=600%2C338&#038;ssl=1\" alt=\"Presidente americano Donald Trump na Casa Branca no dia 4 de janeiro de 2019\" width=\"600\" height=\"338\" data-highest-encountered-width=\"375\" \/><span class=\"off-screen\">Direito de imagem<\/span><span class=\"story-image-copyright\">ALEX WONG\/GETTY IMAGES<\/span><\/span><figcaption class=\"media-caption\"><span class=\"off-screen\">Image caption<\/span><span class=\"media-caption__text\">Trump afirmou que os Estados Unidos &#8220;rejeita a ideologia do globalismo e abra\u00e7a a doutrina do patriotismo&#8221;<\/span><\/figcaption><\/figure>\n<p>&#8220;Globalismo&#8221; \u00e9 simplesmente um &#8220;slogan pol\u00edtico&#8221;, diz \u00e0 BBC News Brasil, por e-mail, o cientista pol\u00edtico americano Joseph Nye, professor de Rela\u00e7\u00f5es Internacionais em Harvard e um dos pais do conceito de &#8220;soft power&#8221; (poder brando, ou a capacidade de um pa\u00eds de influenciar decis\u00f5es por seu poder de persuas\u00e3o, em contraposi\u00e7\u00e3o a seu poder militar).<\/p>\n<p>Mas o que &#8220;globalismo&#8221;, como slogan pol\u00edtico, quer dizer?<\/p>\n<p>O termo &#8220;tem sido usado por nacionalistas-populistas para condenar elites envolvidas em neg\u00f3cios globais, como com\u00e9rcio e institui\u00e7\u00f5es internacionais&#8221;, define Nye.<\/p>\n<p>Esses l\u00edderes tamb\u00e9m se referem \u00e0 &#8220;falta de soberania nacional&#8221; sobre quest\u00f5es particulares, como imigra\u00e7\u00e3o e com\u00e9rcio, diz Heidi Tworek, professora de Hist\u00f3ria Internacional da Universidade de British Columbia, no Canad\u00e1.<\/p>\n<p>Para Blommaert, a palavra, como \u00e9 usada agora, tem tr\u00eas significados: os antiglobalistas s\u00e3o contr\u00e1rios \u00e0 imigra\u00e7\u00e3o e \u00e0 diversidade (&#8220;os debates contra a imigra\u00e7\u00e3o evitam a palavra &#8216;racismo&#8217; e a substituem por &#8216;antiglobalismo'&#8221;, diz), \u00e0 governan\u00e7a transnacional e, por fim, s\u00e3o tamb\u00e9m \u00e0 esquerda (&#8220;ela \u00e9 culpabilizada pela imigra\u00e7\u00e3o, pela diversidade, a ascens\u00e3o das mulheres &#8211; a perda das &#8216;tradi\u00e7\u00f5es culturais&#8217; e valores &#8211; e pela constru\u00e7\u00e3o de um sistema de governan\u00e7a transnacional&#8221;).<\/p>\n<p>Por outro lado, as queixas dos l\u00edderes de direita contra o &#8220;globalismo&#8221; podem ter alguma raz\u00e3o, reconhece Gideon Rachman, colunista do jornal brit\u00e2nico <i>Financial Times<\/i>. Para ele, o uso do termo com esses significados talvez esteja ligado \u00e0 crise financeira mundial de 2008.<\/p>\n<p>&#8220;Naquela \u00e9poca, a percep\u00e7\u00e3o era de que algo havia dado errado com o &#8216;projeto de globaliza\u00e7\u00e3o&#8217;. Havia descontentamento, uma estagna\u00e7\u00e3o na Europa e nos Estados Unidos, e o sentimento de que as pessoas que haviam criado o sistema eram as que haviam perdido menos.&#8221; Ent\u00e3o, diz ele, Trump e outros capitalizaram sobre isso.<\/p>\n<p>Ou seja, se antes a globaliza\u00e7\u00e3o era vista como um processo econ\u00f4mico e tecnol\u00f3gico, um grupo de pessoas passou a defender que, por tr\u00e1s do fen\u00f4meno, havia uma ideologia &#8211; o &#8220;globalismo&#8221;.<\/p>\n<p>&#8220;Dizem que (o globalismo) n\u00e3o era inevit\u00e1vel, n\u00e3o era neutro e \u00e9 algo que pode ser combatido&#8221;, afirma Rachman.<\/p>\n<p>E ele concorda: &#8220;O mundo globalizado ao qual nos acostumamos foi resultado de decis\u00f5es conscientes. As ideias n\u00e3o podem ser vistas como puramente tecnocr\u00e1ticas e divorciadas da pol\u00edtica. Podem ter acreditado que era t\u00e9cnico, em grande parte, mas havia conte\u00fado pol\u00edtico, sim.&#8221;<\/p>\n<h2 class=\"story-body__crosshead\">&#8216;Instrumentos contr\u00e1rios \u00e0 na\u00e7\u00e3o&#8217;<\/h2>\n<p>Outras declara\u00e7\u00f5es do chanceler brasileiro Ernesto Ara\u00fajo mostram que, para ele, &#8220;globalismo&#8221; re\u00fane, basicamente, caracter\u00edsticas &#8220;contr\u00e1rias \u00e0 na\u00e7\u00e3o&#8221; ou contr\u00e1rias \u00e0 &#8220;p\u00e1tria&#8221;. &#8220;O globalismo se constitui no \u00f3dio, atrav\u00e9s das suas v\u00e1rias ramifica\u00e7\u00f5es ideol\u00f3gicas e seus instrumentos contr\u00e1rios \u00e0 na\u00e7\u00e3o, contr\u00e1rios \u00e0 natureza humana, e contr\u00e1rios ao pr\u00f3prio nascimento humano&#8221;, afirmou em seu discurso de posse.<\/p>\n<p>O ministro tamb\u00e9m disse: &#8220;N\u00e3o acreditem no que o globalismo diz quando diz que para ter efici\u00eancia econ\u00f4mica \u00e9 preciso sufocar o cora\u00e7\u00e3o da p\u00e1tria e n\u00e3o amar a p\u00e1tria. N\u00e3o escutem o globalismo quando ele diz que paz significa n\u00e3o lutar&#8221;.<\/p>\n<p>O conceito de &#8220;amar a p\u00e1tria&#8221; em oposi\u00e7\u00e3o a &#8220;globalismo&#8221; \u00e9 compartilhado por Trump. Em seu discurso na Assembleia Geral da ONU em 2018, o presidente americano afirmou que os Estados Unidos &#8220;rejeitam a ideologia do globalismo e abra\u00e7am a doutrina do patriotismo&#8221;.<\/p>\n<p>O linguista belga Blommaert resume: globalismo significa, basicamente, &#8220;o oposto do nacionalismo no s\u00e9culo 21&#8221;. Os &#8220;antiglobalistas&#8221; seriam os nacionalistas de agora &#8211; &#8220;mas o termo &#8216;nacionalismo&#8217; saiu de moda&#8221;, diz.<\/p>\n<p>Tworek, professora de British Columbia, acrescenta: com o sufixo &#8220;ismo&#8221;, que indica ideologia, a palavra serve para se opor a &#8220;nacionalismo&#8221;.<\/p>\n<h2 class=\"story-body__crosshead\">Projeto ideol\u00f3gico e conspirat\u00f3rio<\/h2>\n<p>Embora d\u00ea certa raz\u00e3o aos l\u00edderes que protestam contra os conceitos que incutem no termo &#8220;globalismo&#8221;, Gideon Rachman, do <i>Financial Times<\/i>, ressalta que o fato de que houve uma ideologia por tr\u00e1s da forma\u00e7\u00e3o do mundo com economia global integrada como conhecemos hoje n\u00e3o significa, no entanto, que tenha havido alguma conspira\u00e7\u00e3o para tanto. E a direita, segundo diz, destaca esse suposto aspecto &#8220;conspirat\u00f3rio&#8221;.<\/p>\n<p>&#8220;O Putin, a China, a Comiss\u00e3o Europeia, Tony Blair e Bill Clinton tinham uma vis\u00e3o similar, de livre com\u00e9rcio, comprometidos com a ideia de uma economia global integrada&#8221;, afirma. &#8220;O triunfo da ideologia foi que n\u00e3o percebemos que era uma ideologia &#8211; parecia s\u00f3 bom senso.&#8221;<\/p>\n<p>E houve oposi\u00e7\u00e3o &#8211; a de agora n\u00e3o \u00e9 novidade. Ele cita, por exemplo, as manifesta\u00e7\u00f5es em Seattle em 1999, quando milhares de pessoas protestaram contra o encontro da OMC (Organiza\u00e7\u00e3o Mundial do Com\u00e9rcio).<\/p>\n<p>Ou mesmo a independ\u00eancia dos Bancos Centrais: &#8220;todo mundo que era sensato dizia que a administra\u00e7\u00e3o de dinheiro deveria ser feita por tecnocratas. Mas agora h\u00e1 embates contra essa ideia, como os de Trump nos EUA&#8221;.<\/p>\n<figure class=\"media-landscape has-caption full-width\"><span class=\"image-and-copyright-container\"><img data-recalc-dims=\"1\" loading=\"lazy\" decoding=\"async\" class=\"responsive-image__img js-image-replace\" src=\"https:\/\/i0.wp.com\/ichef.bbci.co.uk\/news\/375\/cpsprodpb\/11007\/production\/_105193696_wto.jpg?resize=600%2C338&#038;ssl=1\" alt=\"A OMC (Organiza\u00e7\u00e3o Mundial de Com\u00e9rcio, ou World Trade Organization, em ingl\u00eas) em Genebra, Su\u00ed\u00e7a\" width=\"600\" height=\"338\" data-highest-encountered-width=\"375\" \/><span class=\"off-screen\">Direito de imagem<\/span><span class=\"story-image-copyright\">DENIS BALIBOUSE\/REUTERS<\/span><\/span><figcaption class=\"media-caption\"><span class=\"off-screen\">Image caption<\/span><span class=\"media-caption__text\">Milhares de pessoas protestaram contra a OMC em Seattle em 1999 (na foto, a sede da OMC em Genebra)<\/span><\/figcaption><\/figure>\n<p>A professora de Hist\u00f3ria Moderna da City University de Londres e autora do livro <i>The Emergence of Globalism <\/i>(O surgimento do globalismo, em tradu\u00e7\u00e3o livre), Or Rosenboim, diz que Trump e outros l\u00edderes &#8220;fingem&#8221; protestar exatamente contra esse &#8220;globalismo neoliberal&#8221;.<\/p>\n<p>Para ela, globalismo \u00e9 &#8220;a ideia de que a pol\u00edtica deve se ajustar \u00e0 globaliza\u00e7\u00e3o, ou \u00e0s condi\u00e7\u00f5es culturais e econ\u00f4micas de um mundo interconectado&#8221;.<\/p>\n<p>N\u00e3o significa, diz ela, que todos os &#8220;globalistas&#8221; tenham os mesmos valores ou objetivos dentro dessa ordem global. Trump e outros l\u00edderes, de acordo com Rosenboim, usam a ret\u00f3rica para parecer protestar contra um tipo espec\u00edfico de &#8220;globalismo&#8221;, o &#8220;globalismo neoliberal&#8221;, ou um que prioriza interesses econ\u00f4micos globais sobre outros interesses.<\/p>\n<p>A quest\u00e3o, diz ela, \u00e9 que embora usem essa ret\u00f3rica, os l\u00edderes de direita n\u00e3o est\u00e3o falando de verdade sobre &#8220;globalismo&#8221;. &#8220;\u00c9 mais como uma vers\u00e3o falsa ou uma caricatura de &#8216;globalismo&#8217;. Eles dizem atacar a ideia de que 1% de pessoas ricas no mundo lucraram com essa nova condi\u00e7\u00e3o de interconex\u00e3o&#8221;, afirma. &#8220;Mas h\u00e1 muita ret\u00f3rica e um certo truque para apelar para as pessoas ignoradas pelo mercado neoliberal.&#8221;<\/p>\n<p>&#8220;O &#8216;globalismo neoliberal&#8217; existe, mas eles n\u00e3o protestam contra isso de fato. Protestam contra uma elite liberal cosmpolita, n\u00e3o necessariamente contra as pessoas ou institui\u00e7\u00f5es respons\u00e1veis por estabelecer esse tipo de mercado.&#8221;<\/p>\n<h2 class=\"story-body__crosshead\">&#8216;Globalismo&#8217; de agora, antes &#8216;cosmopolitismo&#8217;<\/h2>\n<p>O termo &#8220;globalismo&#8221; n\u00e3o \u00e9 novo, e tinha outros significados.<\/p>\n<p>Na virada do s\u00e9culo 19 para o 20, diz o linguista belga Jan Blommaert, surgiu uma nova cultura ligada \u00e0 urbaniza\u00e7\u00e3o. &#8220;Houve um sentimento de que est\u00e1vamos perdendo nossas tradi\u00e7\u00f5es, de que havia uma nova mentalidade blas\u00e9, de que \u00e9ramos afetados pelo consumo.&#8221;<\/p>\n<p>O que definiam pessoas com essa nova mentalidade era o termo &#8220;cosmpolitan&#8221;, em ingl\u00eas. A revista americana <i>Cosmopolitan<\/i>, por exemplo, foi lan\u00e7ada em 1886. J\u00e1 naquela \u00e9poca, afirma o professor, o termo &#8220;globalist&#8221; era usado em altern\u00e2ncia com &#8220;cosmopolitan&#8221;.<\/p>\n<p>Or Rosenboim, da City University de Londres, diz que nos anos 1940, depois da Segunda Guerra Mundial, &#8220;pensadores e intelectuais do Ocidente tentaram pensar em um mundo p\u00f3s-guerra, preocupados com a volta do totalistarismo e militarismo e reconhecendo a interconex\u00e3o do mundo, facilitada por tecnologias de transporte e comunica\u00e7\u00e3o&#8221;. Ela diz que pensaram em como a pol\u00edtica poderia ser feita &#8220;globalmente&#8221; e em como valores como o &#8220;bem-estar e a igualdade&#8221; eram globais, n\u00e3o ligados a um s\u00f3 pa\u00eds. E assim teria surgido o &#8220;globalismo&#8221; na acep\u00e7\u00e3o que ela estudou, da pol\u00edtica que deve adaptar-se \u00e0 globaliza\u00e7\u00e3o.<\/p>\n<p>Para Blommaert, foi mais nos anos 1960, com o fim das col\u00f4nias no mundo e com grandes eventos midi\u00e1ticos, como o pouso na Lua e a Guerra do Vietn\u00e3, que mudou a maneira como se imaginava o mundo.<\/p>\n<p>&#8220;Foi ali que passamos a ver o mundo como um sistema interconectado. O &#8216;global&#8217;, como uma no\u00e7\u00e3o, surgiu. Passamos a sentir que viv\u00edamos em um mundo global, formado por zonas e Estados com pessoas iguais&#8221;, diz ele, citando tamb\u00e9m &#8220;l\u00edderes e \u00edcones globais&#8221; que se tornaram conhecidos no mundo todo pouco antes, como Gandhi, Mao Ts\u00e9 Tung e Fidel Castro.<\/p>\n<figure class=\"media-landscape has-caption full-width\"><span class=\"image-and-copyright-container\"><img data-recalc-dims=\"1\" loading=\"lazy\" decoding=\"async\" class=\"responsive-image__img js-image-replace\" src=\"https:\/\/i0.wp.com\/ichef.bbci.co.uk\/news\/375\/cpsprodpb\/73C7\/production\/_105193692_maotstung.jpg?resize=600%2C338&#038;ssl=1\" alt=\"Rosto de Mao Ts\u00e9-Tung em nota chinesa de yuan\" width=\"600\" height=\"338\" data-highest-encountered-width=\"375\" \/><span class=\"off-screen\">Direito de imagem<\/span><span class=\"story-image-copyright\">DMYTRO SYNELNYCHENKO\/GETTY IMAGES<\/span><\/span><figcaption class=\"media-caption\"><span class=\"off-screen\">Image caption<\/span><span class=\"media-caption__text\">Mao Ts\u00e9-Tung liderou a Revolu\u00e7\u00e3o Chinesa em 1949<\/span><\/figcaption><\/figure>\n<p>Ent\u00e3o, para Blommaert, &#8220;globalismo&#8221; substituiu o termo &#8220;cosmopolitanismo&#8221;, representando &#8220;a nova tend\u00eancia de se livrar de uma vis\u00e3o de mundo antiga, que era euroc\u00eantrica, metropolitana, como a vis\u00e3o imperial do mundo por parte do Reino Unido&#8221;. Era, de acordo com o professor, visto como uma coisa boa. &#8220;Havia uma ideia de que pod\u00edamos aprender de outras regi\u00f5es e culturas de modo igualit\u00e1rio e com respeito.&#8221;<\/p>\n<p>Para Rosenboim, &#8220;globalismo n\u00e3o era visto como algo bom ou ruim. Era visto como algo necess\u00e1rio para responder \u00e0 nova realidade. Era mais como: &#8216;Precisamos de globalismo, se n\u00e3o vamos ficar para tr\u00e1s&#8217;.&#8221;<\/p>\n<h2 class=\"story-body__crosshead\">Antissemitismo<\/h2>\n<p>Mas a mesma palavra, &#8220;cosmopolitan&#8221;, foi usada como algo negativo e antissemita antes dos anos 1960. Foi assim na Alemanha nazista e na Uni\u00e3o Sovi\u00e9tica de St\u00e1lin, segundo Blommaert. Era usada para descrever caracter\u00edsticas &#8220;inatas&#8221; de judeus, que n\u00e3o teriam ra\u00edzes germ\u00e2nicas, no caso da Alemanha. Para St\u00e1lin, &#8220;o cosmopolitanismo sem ra\u00edzes&#8221;, ou os judeus, representava um perigo \u00e0 soberania sovi\u00e9tica.<\/p>\n<p>H\u00e1 quem veja ecos dessa acep\u00e7\u00e3o antissemita de &#8220;cosmopolitan&#8221; no novo significado de &#8220;globalismo&#8221; no s\u00e9culo 21. O maior s\u00edmbolo do &#8220;globalismo&#8221;, para quem se diz &#8220;antiglobalista&#8221;, \u00e9 George Soros, um empreendedor h\u00fangaro-americano judeu de 88 anos. Nascido na Hungria ocupada por nazistas durante sua adolesc\u00eancia, emigrou para o Reino Unido. Hoje, \u00e9 um investidor e filantropo que investe em causas progressistas e liberais pelo mundo todo.<\/p>\n<p>&#8220;Ele n\u00e3o tem ra\u00edzes e \u00e9 ligado a ONGs internacionais. Por isso, \u00e9 um t\u00edpico &#8216;globalista'&#8221;, diz Blommaert. &#8220;Ele \u00e9 um judeu que novamente \u00e9 visto como perigoso.&#8221;<\/p>\n<p>Em 2018, o jornal <i>The New York Times<\/i> fez uma reportagem sobre como a vilaniza\u00e7\u00e3o de Soros &#8220;saiu das beiradas para o mainstream&#8221; &#8211; chamado at\u00e9 por republicanos de &#8220;globalista&#8221;.<\/p>\n<figure class=\"media-landscape has-caption full-width\"><span class=\"image-and-copyright-container\"><img data-recalc-dims=\"1\" loading=\"lazy\" decoding=\"async\" class=\"responsive-image__img js-image-replace\" src=\"https:\/\/i0.wp.com\/ichef.bbci.co.uk\/news\/375\/cpsprodpb\/C1E7\/production\/_105193694_soros.jpg?resize=600%2C338&#038;ssl=1\" alt=\"George Soros indo falar no Open Russia Club em Londres\" width=\"600\" height=\"338\" data-highest-encountered-width=\"375\" \/><span class=\"off-screen\">Direito de imagem<\/span><span class=\"story-image-copyright\">LUKE MACGREGOR\/REUTERS<\/span><\/span><figcaption class=\"media-caption\"><span class=\"off-screen\">Image caption<\/span><span class=\"media-caption__text\">Magnata h\u00fangaro-americano George Soros \u00e9 o maior s\u00edmbolo do &#8220;globalismo&#8221; de quem se diz &#8220;antiglobalista&#8221;<\/span><\/figcaption><\/figure>\n<p><strong>Globalismo no Brasil<\/strong><\/p>\n<p>&#8220;Globalismo&#8221; tamb\u00e9m j\u00e1 teve acep\u00e7\u00f5es usadas no Brasil, segundo Mariana Kalil, professora de Rela\u00e7\u00f5es Internacionais da Escola Superior de Guerra, no Brasil.<\/p>\n<p>Tudo come\u00e7ou, afirma, com o &#8220;grande fundador da pol\u00edtica externa brasileira&#8221;, o Bar\u00e3o de Rio Branco. No come\u00e7o do s\u00e9culo 20, ele entendeu &#8220;o momento de mudar a pol\u00edtica externa brasileira da Europa para os Estados Unidos&#8221;. Fundou a Embaixada brasileira em Washington, em 1905, para onde foi Joaquim Nabuco. Recebeu a Confer\u00eancia Panamericana no Rio de Janeiro em 1906. Era o chamado &#8220;americanismo pragm\u00e1tico&#8221;.<\/p>\n<p>O &#8220;americanismo pragm\u00e1tico&#8221; passou para &#8220;equidist\u00e2ncia pragm\u00e1tica&#8221; sob Get\u00falio Vargas e depois se transformou em &#8220;globalismo&#8221; na d\u00e9cada de 1960, quando o mundo &#8220;passou a ter muitos polos&#8221;, segundo diz.<\/p>\n<p>Ent\u00e3o, &#8220;o Brasil come\u00e7ou a exercer &#8216;globalismo'&#8221;. N\u00e3o esse &#8220;globalismo&#8221; de que se fala agora, que ela define como um &#8220;pol\u00edtico-partid\u00e1rio&#8221;, mas um &#8220;da tradi\u00e7\u00e3o da pol\u00edtica externa brasileira&#8221;.<\/p>\n<p>E o que era exatamente esse &#8220;globalismo&#8221; brasileiro? Segundo Kalil, era equivalente a um &#8220;pragmatismo na pol\u00edtica externa no sentido de diversificar parcerias para ampliar seus ganhos&#8221;. E isso, afirma, &#8220;nada tem a ver com uma conspira\u00e7\u00e3o global&#8221;.<\/p>\n<p>Na \u00e9poca das gest\u00f5es dos presidentes J\u00e2nio Quadros e Jo\u00e3o Goulart, nos anos 1960, j\u00e1 se falava em &#8220;globalismo&#8221;, diz ela. E, depois disso, &#8220;globalismo foi a base da pol\u00edtica externa dos governos militares&#8221;. &#8220;O governo Geisel tinha como pol\u00edtica principal o chamado &#8216;pragmatismo respons\u00e1vel e ecum\u00eanico'&#8221;, que significava lidar com todo mundo, basicamente.<\/p>\n<p>No entanto, esse &#8220;globalismo&#8221; brasileiro do s\u00e9culo 20 n\u00e3o \u00e9 ligado ao &#8220;globalismo&#8221; de que fala o ministro das Rela\u00e7\u00f5es Exteriores brasileiro hoje em dia, que ela define como &#8220;uma amea\u00e7a ao interesse e \u00e0 identidade nacional&#8221; &#8211; e que ela diz n\u00e3o ser necessariamente ligada a ideias anti-imigra\u00e7\u00e3o, por exemplo, como afirma o professor Blommaert.<\/p>\n<p>E, diz Kalil, &#8220;o &#8216;globalismo&#8217; da pol\u00edtica externa \u00e9 uma coisa, o globalismo da ret\u00f3rica \u00e9 outra&#8221; &#8211; ou seja, n\u00e3o se sabe se o chanceler vai concretizar o que fala em discursos. &#8220;O Brasil n\u00e3o vai recha\u00e7ar as organiza\u00e7\u00f5es internacionais, n\u00e3o \u00e9 assim&#8221;, prev\u00ea.<\/p>\n<p>Os discursos de Ara\u00fajo, em que fala sobre &#8220;globalismo&#8221;, n\u00e3o t\u00eam necessariamente a ver com uma mudan\u00e7a radical na pol\u00edtica externa brasileira e s\u00e3o positivos, na vis\u00e3o de Kalil, porque promovem &#8220;sua democratiza\u00e7\u00e3o&#8221;.<\/p>\n<p>&#8220;Refletem as urnas. Nunca tivemos uma pol\u00edtica externa t\u00e3o democr\u00e1tica no sentido de dar voz \u00e0 opini\u00e3o p\u00fablica. E a pol\u00edtica externa \u00e9 uma pol\u00edtica p\u00fablica como outra qualquer&#8221;, opina.<\/p>\n","protected":false},"excerpt":{"rendered":"<p>&#8220;Globalismo&#8221;, termo frequente nos discursos e cr\u00edticas de autoridades como o novo ministro de Rela\u00e7\u00f5es Exteriores brasileiro, Ernesto Ara\u00fajo, e o presidente americano, Donald Trump, significa muitas coisas diferentes para muitas pessoas diferentes.<\/p>\n","protected":false},"author":1,"featured_media":0,"comment_status":"closed","ping_status":"open","sticky":false,"template":"","format":"standard","meta":{"_exactmetrics_skip_tracking":false,"_exactmetrics_sitenote_active":false,"_exactmetrics_sitenote_note":"","_exactmetrics_sitenote_category":0,"jetpack_post_was_ever_published":false,"_jetpack_newsletter_access":"","_jetpack_dont_email_post_to_subs":false,"_jetpack_newsletter_tier_id":0,"_jetpack_memberships_contains_paywalled_content":false,"_jetpack_memberships_contains_paid_content":false,"footnotes":"","jetpack_publicize_message":"","jetpack_publicize_feature_enabled":true,"jetpack_social_post_already_shared":true,"jetpack_social_options":{"image_generator_settings":{"template":"highway","enabled":false},"version":2}},"categories":[1],"tags":[],"class_list":["post-20345","post","type-post","status-publish","format-standard","hentry","category-notas"],"jetpack_publicize_connections":[],"jetpack_sharing_enabled":true,"jetpack_featured_media_url":"","jetpack_shortlink":"https:\/\/wp.me\/s7wKYW-20345","jetpack-related-posts":[],"_links":{"self":[{"href":"http:\/\/blogdalucianaoliveira.com.br\/blog\/wp-json\/wp\/v2\/posts\/20345","targetHints":{"allow":["GET"]}}],"collection":[{"href":"http:\/\/blogdalucianaoliveira.com.br\/blog\/wp-json\/wp\/v2\/posts"}],"about":[{"href":"http:\/\/blogdalucianaoliveira.com.br\/blog\/wp-json\/wp\/v2\/types\/post"}],"author":[{"embeddable":true,"href":"http:\/\/blogdalucianaoliveira.com.br\/blog\/wp-json\/wp\/v2\/users\/1"}],"replies":[{"embeddable":true,"href":"http:\/\/blogdalucianaoliveira.com.br\/blog\/wp-json\/wp\/v2\/comments?post=20345"}],"version-history":[{"count":2,"href":"http:\/\/blogdalucianaoliveira.com.br\/blog\/wp-json\/wp\/v2\/posts\/20345\/revisions"}],"predecessor-version":[{"id":20352,"href":"http:\/\/blogdalucianaoliveira.com.br\/blog\/wp-json\/wp\/v2\/posts\/20345\/revisions\/20352"}],"wp:attachment":[{"href":"http:\/\/blogdalucianaoliveira.com.br\/blog\/wp-json\/wp\/v2\/media?parent=20345"}],"wp:term":[{"taxonomy":"category","embeddable":true,"href":"http:\/\/blogdalucianaoliveira.com.br\/blog\/wp-json\/wp\/v2\/categories?post=20345"},{"taxonomy":"post_tag","embeddable":true,"href":"http:\/\/blogdalucianaoliveira.com.br\/blog\/wp-json\/wp\/v2\/tags?post=20345"}],"curies":[{"name":"wp","href":"https:\/\/api.w.org\/{rel}","templated":true}]}}