{"id":20349,"date":"2019-02-03T19:01:25","date_gmt":"2019-02-03T23:01:25","guid":{"rendered":"http:\/\/blogdalucianaoliveira.com.br\/blog\/?p=20349"},"modified":"2019-02-03T19:01:25","modified_gmt":"2019-02-03T23:01:25","slug":"a-radiografia-do-congresso-feita-pelo-diap-diz-que-41-da-camara-e-36-do-senado-sao-de-direita","status":"publish","type":"post","link":"http:\/\/blogdalucianaoliveira.com.br\/blog\/2019\/02\/03\/a-radiografia-do-congresso-feita-pelo-diap-diz-que-41-da-camara-e-36-do-senado-sao-de-direita\/","title":{"rendered":"A \u201cRadiografia do Congresso\u201d feita pelo DIAP diz que 41% da C\u00e2mara e 36 % do Senado s\u00e3o de direita"},"content":{"rendered":"<p><img data-recalc-dims=\"1\" loading=\"lazy\" decoding=\"async\" data-attachment-id=\"20350\" data-permalink=\"http:\/\/blogdalucianaoliveira.com.br\/blog\/2019\/02\/03\/a-radiografia-do-congresso-feita-pelo-diap-diz-que-41-da-camara-e-36-do-senado-sao-de-direita\/2195f6a9-7c49-4206-b014-14af0ed924c9\/\" data-orig-file=\"https:\/\/i0.wp.com\/blogdalucianaoliveira.com.br\/blog\/wp-content\/uploads\/2019\/02\/2195F6A9-7C49-4206-B014-14AF0ED924C9.jpeg?fit=635%2C332\" data-orig-size=\"635,332\" data-comments-opened=\"0\" data-image-meta=\"{&quot;aperture&quot;:&quot;0&quot;,&quot;credit&quot;:&quot;&quot;,&quot;camera&quot;:&quot;&quot;,&quot;caption&quot;:&quot;&quot;,&quot;created_timestamp&quot;:&quot;0&quot;,&quot;copyright&quot;:&quot;&quot;,&quot;focal_length&quot;:&quot;0&quot;,&quot;iso&quot;:&quot;0&quot;,&quot;shutter_speed&quot;:&quot;0&quot;,&quot;title&quot;:&quot;&quot;,&quot;orientation&quot;:&quot;0&quot;}\" data-image-title=\"2195F6A9-7C49-4206-B014-14AF0ED924C9\" data-image-description=\"\" data-image-caption=\"\" data-medium-file=\"https:\/\/i0.wp.com\/blogdalucianaoliveira.com.br\/blog\/wp-content\/uploads\/2019\/02\/2195F6A9-7C49-4206-B014-14AF0ED924C9.jpeg?fit=300%2C157\" data-large-file=\"https:\/\/i0.wp.com\/blogdalucianaoliveira.com.br\/blog\/wp-content\/uploads\/2019\/02\/2195F6A9-7C49-4206-B014-14AF0ED924C9.jpeg?fit=600%2C314\" class=\"alignnone size-full wp-image-20350 aligncenter\" src=\"https:\/\/i0.wp.com\/blogdalucianaoliveira.com.br\/blog\/wp-content\/uploads\/2019\/02\/2195F6A9-7C49-4206-B014-14AF0ED924C9.jpeg?resize=600%2C314\" alt=\"2195F6A9-7C49-4206-B014-14AF0ED924C9\" width=\"600\" height=\"314\" srcset=\"https:\/\/i0.wp.com\/blogdalucianaoliveira.com.br\/blog\/wp-content\/uploads\/2019\/02\/2195F6A9-7C49-4206-B014-14AF0ED924C9.jpeg?w=635 635w, https:\/\/i0.wp.com\/blogdalucianaoliveira.com.br\/blog\/wp-content\/uploads\/2019\/02\/2195F6A9-7C49-4206-B014-14AF0ED924C9.jpeg?resize=300%2C157 300w, https:\/\/i0.wp.com\/blogdalucianaoliveira.com.br\/blog\/wp-content\/uploads\/2019\/02\/2195F6A9-7C49-4206-B014-14AF0ED924C9.jpeg?resize=574%2C300 574w\" sizes=\"auto, (max-width: 600px) 100vw, 600px\" \/><\/p>\n<p>&nbsp;<\/p>\n<p>O\u00a0<strong>DIAP<\/strong>\u00a0lan\u00e7ou, na sexta-feira (1\u00ba),\u00a0 a 7\u00aa edi\u00e7\u00e3o da \u201cRadiografia do Novo Congresso\u201d. Publica\u00e7\u00e3o da s\u00e9rie\u00a0<strong>Estudos Pol\u00edticos<\/strong>, que registra e analisa o processo eleitoral, pontuando seu eixo central e suas principais caracter\u00edsticas, tra\u00e7a o perfil socioecon\u00f4mico da C\u00e2mara dos Deputados e do Senado Federal, al\u00e9m de relatar detalhadamente a situa\u00e7\u00e3o de cada um dos atuais e novos parlamentares em suas respectivas unidades da Federa\u00e7\u00e3o.<\/p>\n<p>A partir de informa\u00e7\u00f5es qualitativas e quantitativas, a equipe do\u00a0DIAP\u00a0oferece \u00e0 sociedade em geral e \u00e0s lideran\u00e7as sindicais em particular um verdadeiro mapa do Poder Legislativo.<\/p>\n<p>Entre outras in\u00fameras informa\u00e7\u00e3o no trabalho do DIAP voc\u00ea pode saber quanto ao espectro ideol\u00f3gico da C\u00e2mara dos\u00a0Deputados, por exemplo. Neste quesito, a novidade foi a assun\u00e7\u00e3o e o crescimento da direita, com 210 deputados. As demais\u00a0for\u00e7as s\u00e3o: a centro-direita, com 93 deputados; o\u00a0centro, com 76; a centro-esquerda, com 60; e a\u00a0esquerda, com 74.<\/p>\n<p>Veja todo o conte\u00fado da obra:<\/p>\n<p><a href=\"http:\/\/www.diap.org.br\/index.php\/publicacoes\/viewcategory\/41-radiografia-do-novo-congresso\">Radiografia do Novo Congresso<\/a><\/p>\n","protected":false},"excerpt":{"rendered":"<p>&nbsp; O\u00a0DIAP\u00a0lan\u00e7ou, na sexta-feira (1\u00ba),\u00a0 a 7\u00aa edi\u00e7\u00e3o da \u201cRadiografia do Novo Congresso\u201d. Publica\u00e7\u00e3o da s\u00e9rie\u00a0Estudos Pol\u00edticos, que registra e analisa o processo eleitoral, pontuando seu eixo central e suas principais caracter\u00edsticas, tra\u00e7a o perfil socioecon\u00f4mico da C\u00e2mara dos Deputados e do Senado Federal, al\u00e9m de relatar detalhadamente a situa\u00e7\u00e3o de cada um dos atuais&#8230;<a class=\"more-link\" href=\"http:\/\/blogdalucianaoliveira.com.br\/blog\/2019\/02\/03\/a-radiografia-do-congresso-feita-pelo-diap-diz-que-41-da-camara-e-36-do-senado-sao-de-direita\/\">Continue a leitura <span class=\"meta-nav\">&raquo;<\/span><\/a><\/p>\n","protected":false},"author":1,"featured_media":0,"comment_status":"closed","ping_status":"open","sticky":false,"template":"","format":"standard","meta":{"_exactmetrics_skip_tracking":false,"_exactmetrics_sitenote_active":false,"_exactmetrics_sitenote_note":"","_exactmetrics_sitenote_category":0,"jetpack_post_was_ever_published":false,"_jetpack_newsletter_access":"","_jetpack_dont_email_post_to_subs":false,"_jetpack_newsletter_tier_id":0,"_jetpack_memberships_contains_paywalled_content":false,"_jetpack_memberships_contains_paid_content":false,"footnotes":"","jetpack_publicize_message":"","jetpack_publicize_feature_enabled":true,"jetpack_social_post_already_shared":true,"jetpack_social_options":{"image_generator_settings":{"template":"highway","enabled":false},"version":2}},"categories":[1],"tags":[],"class_list":["post-20349","post","type-post","status-publish","format-standard","hentry","category-notas"],"jetpack_publicize_connections":[],"jetpack_sharing_enabled":true,"jetpack_featured_media_url":"","jetpack_shortlink":"https:\/\/wp.me\/p7wKYW-5id","jetpack-related-posts":[],"_links":{"self":[{"href":"http:\/\/blogdalucianaoliveira.com.br\/blog\/wp-json\/wp\/v2\/posts\/20349","targetHints":{"allow":["GET"]}}],"collection":[{"href":"http:\/\/blogdalucianaoliveira.com.br\/blog\/wp-json\/wp\/v2\/posts"}],"about":[{"href":"http:\/\/blogdalucianaoliveira.com.br\/blog\/wp-json\/wp\/v2\/types\/post"}],"author":[{"embeddable":true,"href":"http:\/\/blogdalucianaoliveira.com.br\/blog\/wp-json\/wp\/v2\/users\/1"}],"replies":[{"embeddable":true,"href":"http:\/\/blogdalucianaoliveira.com.br\/blog\/wp-json\/wp\/v2\/comments?post=20349"}],"version-history":[{"count":1,"href":"http:\/\/blogdalucianaoliveira.com.br\/blog\/wp-json\/wp\/v2\/posts\/20349\/revisions"}],"predecessor-version":[{"id":20351,"href":"http:\/\/blogdalucianaoliveira.com.br\/blog\/wp-json\/wp\/v2\/posts\/20349\/revisions\/20351"}],"wp:attachment":[{"href":"http:\/\/blogdalucianaoliveira.com.br\/blog\/wp-json\/wp\/v2\/media?parent=20349"}],"wp:term":[{"taxonomy":"category","embeddable":true,"href":"http:\/\/blogdalucianaoliveira.com.br\/blog\/wp-json\/wp\/v2\/categories?post=20349"},{"taxonomy":"post_tag","embeddable":true,"href":"http:\/\/blogdalucianaoliveira.com.br\/blog\/wp-json\/wp\/v2\/tags?post=20349"}],"curies":[{"name":"wp","href":"https:\/\/api.w.org\/{rel}","templated":true}]}}