{"id":20356,"date":"2019-02-04T16:11:15","date_gmt":"2019-02-04T20:11:15","guid":{"rendered":"http:\/\/blogdalucianaoliveira.com.br\/blog\/?p=20356"},"modified":"2019-02-04T16:11:15","modified_gmt":"2019-02-04T20:11:15","slug":"fim-tragico-de-sabrina-bittencourt-e-sintoma-de-uma-sociedade-que-da-de-ombros-a-atrocidades-praticadas-por-lideres-religiosos","status":"publish","type":"post","link":"http:\/\/blogdalucianaoliveira.com.br\/blog\/2019\/02\/04\/fim-tragico-de-sabrina-bittencourt-e-sintoma-de-uma-sociedade-que-da-de-ombros-a-atrocidades-praticadas-por-lideres-religiosos\/","title":{"rendered":"Fim tr\u00e1gico de Sabrina Bittencourt \u00e9 sintoma de uma sociedade que d\u00e1 de ombros a atrocidades praticadas por l\u00edderes religiosos"},"content":{"rendered":"<p><img data-recalc-dims=\"1\" loading=\"lazy\" decoding=\"async\" data-attachment-id=\"20357\" data-permalink=\"http:\/\/blogdalucianaoliveira.com.br\/blog\/2019\/02\/04\/fim-tragico-de-sabrina-bittencourt-e-sintoma-de-uma-sociedade-que-da-de-ombros-a-atrocidades-praticadas-por-lideres-religiosos\/bd2e78bb-67ac-45e9-bea4-6724fcda074a\/\" data-orig-file=\"https:\/\/i0.wp.com\/blogdalucianaoliveira.com.br\/blog\/wp-content\/uploads\/2019\/02\/BD2E78BB-67AC-45E9-BEA4-6724FCDA074A.jpeg?fit=960%2C640\" data-orig-size=\"960,640\" data-comments-opened=\"0\" data-image-meta=\"{&quot;aperture&quot;:&quot;0&quot;,&quot;credit&quot;:&quot;&quot;,&quot;camera&quot;:&quot;&quot;,&quot;caption&quot;:&quot;&quot;,&quot;created_timestamp&quot;:&quot;0&quot;,&quot;copyright&quot;:&quot;&quot;,&quot;focal_length&quot;:&quot;0&quot;,&quot;iso&quot;:&quot;0&quot;,&quot;shutter_speed&quot;:&quot;0&quot;,&quot;title&quot;:&quot;&quot;,&quot;orientation&quot;:&quot;1&quot;}\" data-image-title=\"BD2E78BB-67AC-45E9-BEA4-6724FCDA074A\" data-image-description=\"\" data-image-caption=\"\" data-medium-file=\"https:\/\/i0.wp.com\/blogdalucianaoliveira.com.br\/blog\/wp-content\/uploads\/2019\/02\/BD2E78BB-67AC-45E9-BEA4-6724FCDA074A.jpeg?fit=300%2C200\" data-large-file=\"https:\/\/i0.wp.com\/blogdalucianaoliveira.com.br\/blog\/wp-content\/uploads\/2019\/02\/BD2E78BB-67AC-45E9-BEA4-6724FCDA074A.jpeg?fit=600%2C400\" src=\"https:\/\/i0.wp.com\/blogdalucianaoliveira.com.br\/blog\/wp-content\/uploads\/2019\/02\/BD2E78BB-67AC-45E9-BEA4-6724FCDA074A.jpeg?resize=600%2C400\" alt=\"BD2E78BB-67AC-45E9-BEA4-6724FCDA074A\" width=\"600\" height=\"400\" class=\"alignnone size-full wp-image-20357\" srcset=\"https:\/\/i0.wp.com\/blogdalucianaoliveira.com.br\/blog\/wp-content\/uploads\/2019\/02\/BD2E78BB-67AC-45E9-BEA4-6724FCDA074A.jpeg?w=960 960w, https:\/\/i0.wp.com\/blogdalucianaoliveira.com.br\/blog\/wp-content\/uploads\/2019\/02\/BD2E78BB-67AC-45E9-BEA4-6724FCDA074A.jpeg?resize=300%2C200 300w, https:\/\/i0.wp.com\/blogdalucianaoliveira.com.br\/blog\/wp-content\/uploads\/2019\/02\/BD2E78BB-67AC-45E9-BEA4-6724FCDA074A.jpeg?resize=768%2C512 768w, https:\/\/i0.wp.com\/blogdalucianaoliveira.com.br\/blog\/wp-content\/uploads\/2019\/02\/BD2E78BB-67AC-45E9-BEA4-6724FCDA074A.jpeg?resize=450%2C300 450w\" sizes=\"auto, (max-width: 600px) 100vw, 600px\" \/><\/p>\n<p>Vis\u00e3o Perif\u00e9rica, por Vinicius Canova \u2013 Sabrina Bittencourt cansou. N\u00e3o aguentou mais fugir e esconder-se entre pa\u00edses europeus ou correr a outros continentes, longe do seu ber\u00e7o p\u00e1trio na Am\u00e9rica do Sul, a fim de evitar o inevit\u00e1vel: a trag\u00e9dia digna dos perseguidos, dos violentados, dos oprimidos e a\u00e7oitados. Vivia um cotidiano n\u00f4made, como se fosse criminosa foragida. <!--more--><\/p>\n<p>E no seu caso a ordem se subverteu facilmente porque parte significativa de sua trajet\u00f3ria inclinou-se a expor o lado mais obscuro dos autoproclamados pilares do transcendental\u00edssimo em carne e osso, verdadeiros usurpadores dos efeitos \u00e9brios da confian\u00e7a humana no sacerd\u00f3cio divino em Terra. Ousou enfrentar a \u00fanica coisa incontest\u00e1vel e pagou com o pre\u00e7o mais alto: a vida. <\/p>\n<p>Descobriu da pior maneira que os criminosos inescrupulosos em seu encal\u00e7o, sempre a mando de covardes vestidos de branco dos p\u00e9s \u00e0 cabe\u00e7a, n\u00e3o conhecem os limites divis\u00f3rios ilustrativos que fracionam o globo nos mapas mundiais.<\/p>\n<p>Dinheiro e poder s\u00e3o verdadeiros passaportes para assassinos de aluguel. Por isso, compreendeu finalmente que o Estado negligente e permissivo a padecer de uma cegueira incur\u00e1vel relacionada a atos atrozes praticados por l\u00edderes religiosos jamais fora aliado dela e de suas protegidas, nunca quis o bem das mulheres molestadas, emocionalmente dilaceradas por homens abjetos como Jo\u00e3o de Deus e Prem Baba.<\/p>\n<p>Combateu tamb\u00e9m, junto com o grupo V\u00edtimas Unidas, liderado por Maria do Carmo Santos e refor\u00e7ado por Vana Lopes, uma das in\u00fameras mulheres violentadas por Roger Abdelmassih, os crimes perpetrados pelo ex-m\u00e9dico.<\/p>\n<p>Sabrina, ent\u00e3o, caminhou pela \u00faltima vez ap\u00f3s escolher uma das op\u00e7\u00f5es numa trilha bifurcada onde as placas sinalizavam que, pela esquerda, o termo de sua exist\u00eancia estaria em suas pr\u00f3prias m\u00e3os; \u00e0 direita, seguiria atrav\u00e9s de uma ponte sem fim, tr\u00eamula e despeda\u00e7ada em que cada chacoalhada desencadeada por uma monstruosa silhueta sem forma definida na outra ponta colocaria em risco as vidas de mulheres que jurou acolher e abrigar, o que a faria cair junto \u2013 mais cedo ou mais tarde.<\/p>\n<p>De fam\u00edlia de m\u00f3rmons, foi abusada sexualmente desde os quatro anos de idade por membros da igreja frequentada por seus pais e av\u00f3s; aos 16, engravidou de um dos estupradores e abortou.<\/p>\n<p>Portanto, cometer suic\u00eddio foi seu \u00faltimo ato de ativismo ao tirar das m\u00e3os dos homens que reiteradamente a amea\u00e7avam de morte o direito de decidir sobre quando e onde daria o suspiro derradeiro. Registrou na Internet suas motiva\u00e7\u00f5es e confidenciou a amigos os nomes daqueles que a queriam v\u00ea-la fora de atividade.<\/p>\n<p>O fim tr\u00e1gico de Sabrina Bittencourt traduzido num gesto desesperado e eterno de resist\u00eancia ainda obrigou os \u00f3rg\u00e3os de imprensa a direcionarem seus holofotes \u00e0s b\u00e1rbaras incurs\u00f5es de pretensos sacrossantos esp\u00farios, mafiosos da f\u00e9 e estelionat\u00e1rios da cren\u00e7a, colocando a neglig\u00eancia do governo federal em xeque. Caso n\u00e3o aja, e logo, o Planalto passar\u00e1 mais um atestado de incompet\u00eancia.<\/p>\n<p>Descanse em paz, guerreira!<\/p>\n","protected":false},"excerpt":{"rendered":"<p>Vis\u00e3o Perif\u00e9rica, por Vinicius Canova \u2013 Sabrina Bittencourt cansou. N\u00e3o aguentou mais fugir e esconder-se entre pa\u00edses europeus ou correr a outros continentes, longe do seu ber\u00e7o p\u00e1trio na Am\u00e9rica do Sul, a fim de evitar o inevit\u00e1vel: a trag\u00e9dia digna dos perseguidos, dos violentados, dos oprimidos e a\u00e7oitados. Vivia um cotidiano n\u00f4made, como se&#8230;<a class=\"more-link\" href=\"http:\/\/blogdalucianaoliveira.com.br\/blog\/2019\/02\/04\/fim-tragico-de-sabrina-bittencourt-e-sintoma-de-uma-sociedade-que-da-de-ombros-a-atrocidades-praticadas-por-lideres-religiosos\/\">Continue a leitura <span class=\"meta-nav\">&raquo;<\/span><\/a><\/p>\n","protected":false},"author":1,"featured_media":0,"comment_status":"closed","ping_status":"open","sticky":false,"template":"","format":"standard","meta":{"_exactmetrics_skip_tracking":false,"_exactmetrics_sitenote_active":false,"_exactmetrics_sitenote_note":"","_exactmetrics_sitenote_category":0,"jetpack_post_was_ever_published":false,"_jetpack_newsletter_access":"","_jetpack_dont_email_post_to_subs":false,"_jetpack_newsletter_tier_id":0,"_jetpack_memberships_contains_paywalled_content":false,"_jetpack_memberships_contains_paid_content":false,"footnotes":"","jetpack_publicize_message":"","jetpack_publicize_feature_enabled":true,"jetpack_social_post_already_shared":true,"jetpack_social_options":{"image_generator_settings":{"template":"highway","enabled":false},"version":2}},"categories":[1],"tags":[],"class_list":["post-20356","post","type-post","status-publish","format-standard","hentry","category-notas"],"jetpack_publicize_connections":[],"jetpack_sharing_enabled":true,"jetpack_featured_media_url":"","jetpack_shortlink":"https:\/\/wp.me\/p7wKYW-5ik","jetpack-related-posts":[],"_links":{"self":[{"href":"http:\/\/blogdalucianaoliveira.com.br\/blog\/wp-json\/wp\/v2\/posts\/20356","targetHints":{"allow":["GET"]}}],"collection":[{"href":"http:\/\/blogdalucianaoliveira.com.br\/blog\/wp-json\/wp\/v2\/posts"}],"about":[{"href":"http:\/\/blogdalucianaoliveira.com.br\/blog\/wp-json\/wp\/v2\/types\/post"}],"author":[{"embeddable":true,"href":"http:\/\/blogdalucianaoliveira.com.br\/blog\/wp-json\/wp\/v2\/users\/1"}],"replies":[{"embeddable":true,"href":"http:\/\/blogdalucianaoliveira.com.br\/blog\/wp-json\/wp\/v2\/comments?post=20356"}],"version-history":[{"count":1,"href":"http:\/\/blogdalucianaoliveira.com.br\/blog\/wp-json\/wp\/v2\/posts\/20356\/revisions"}],"predecessor-version":[{"id":20358,"href":"http:\/\/blogdalucianaoliveira.com.br\/blog\/wp-json\/wp\/v2\/posts\/20356\/revisions\/20358"}],"wp:attachment":[{"href":"http:\/\/blogdalucianaoliveira.com.br\/blog\/wp-json\/wp\/v2\/media?parent=20356"}],"wp:term":[{"taxonomy":"category","embeddable":true,"href":"http:\/\/blogdalucianaoliveira.com.br\/blog\/wp-json\/wp\/v2\/categories?post=20356"},{"taxonomy":"post_tag","embeddable":true,"href":"http:\/\/blogdalucianaoliveira.com.br\/blog\/wp-json\/wp\/v2\/tags?post=20356"}],"curies":[{"name":"wp","href":"https:\/\/api.w.org\/{rel}","templated":true}]}}