{"id":20359,"date":"2019-02-04T16:16:23","date_gmt":"2019-02-04T20:16:23","guid":{"rendered":"http:\/\/blogdalucianaoliveira.com.br\/blog\/?p=20359"},"modified":"2019-02-04T16:16:23","modified_gmt":"2019-02-04T20:16:23","slug":"se-o-estadao-esta-certo-a-cachaca-da-vitoria-fez-mal-ao-bolsonarismo","status":"publish","type":"post","link":"http:\/\/blogdalucianaoliveira.com.br\/blog\/2019\/02\/04\/se-o-estadao-esta-certo-a-cachaca-da-vitoria-fez-mal-ao-bolsonarismo\/","title":{"rendered":"Se o Estad\u00e3o est\u00e1 certo, a cacha\u00e7a da vit\u00f3ria fez mal ao bolsonarismo"},"content":{"rendered":"<p><img data-recalc-dims=\"1\" loading=\"lazy\" decoding=\"async\" data-attachment-id=\"20360\" data-permalink=\"http:\/\/blogdalucianaoliveira.com.br\/blog\/2019\/02\/04\/se-o-estadao-esta-certo-a-cachaca-da-vitoria-fez-mal-ao-bolsonarismo\/d65143e8-b434-4f18-8af3-18ce18c520cf\/\" data-orig-file=\"https:\/\/i0.wp.com\/blogdalucianaoliveira.com.br\/blog\/wp-content\/uploads\/2019\/02\/D65143E8-B434-4F18-8AF3-18CE18C520CF.jpeg?fit=600%2C296\" data-orig-size=\"600,296\" data-comments-opened=\"0\" data-image-meta=\"{&quot;aperture&quot;:&quot;0&quot;,&quot;credit&quot;:&quot;&quot;,&quot;camera&quot;:&quot;&quot;,&quot;caption&quot;:&quot;&quot;,&quot;created_timestamp&quot;:&quot;0&quot;,&quot;copyright&quot;:&quot;&quot;,&quot;focal_length&quot;:&quot;0&quot;,&quot;iso&quot;:&quot;0&quot;,&quot;shutter_speed&quot;:&quot;0&quot;,&quot;title&quot;:&quot;&quot;,&quot;orientation&quot;:&quot;1&quot;}\" data-image-title=\"D65143E8-B434-4F18-8AF3-18CE18C520CF\" data-image-description=\"\" data-image-caption=\"\" data-medium-file=\"https:\/\/i0.wp.com\/blogdalucianaoliveira.com.br\/blog\/wp-content\/uploads\/2019\/02\/D65143E8-B434-4F18-8AF3-18CE18C520CF.jpeg?fit=300%2C148\" data-large-file=\"https:\/\/i0.wp.com\/blogdalucianaoliveira.com.br\/blog\/wp-content\/uploads\/2019\/02\/D65143E8-B434-4F18-8AF3-18CE18C520CF.jpeg?fit=600%2C296\" src=\"https:\/\/i0.wp.com\/blogdalucianaoliveira.com.br\/blog\/wp-content\/uploads\/2019\/02\/D65143E8-B434-4F18-8AF3-18CE18C520CF.jpeg?resize=600%2C296\" alt=\"D65143E8-B434-4F18-8AF3-18CE18C520CF\" width=\"600\" height=\"296\" class=\"alignnone size-full wp-image-20360\" srcset=\"https:\/\/i0.wp.com\/blogdalucianaoliveira.com.br\/blog\/wp-content\/uploads\/2019\/02\/D65143E8-B434-4F18-8AF3-18CE18C520CF.jpeg?w=600 600w, https:\/\/i0.wp.com\/blogdalucianaoliveira.com.br\/blog\/wp-content\/uploads\/2019\/02\/D65143E8-B434-4F18-8AF3-18CE18C520CF.jpeg?resize=300%2C148 300w\" sizes=\"auto, (max-width: 600px) 100vw, 600px\" \/><\/p>\n<p>Tijola\u00e7o, por Fernando Brito &#8211; O Estad\u00e3o publica, agora \u00e0 tarde, o que diz ser o rascunho da reforma previdenci\u00e1ria urdida pelo Minist\u00e9rio da Fazenda.<!--more--><\/p>\n<p>E o que ela cont\u00e9m \u00e9 explosivo: idade m\u00ednima de 65 anos para homens e mulheres, obrigat\u00f3rios, independente do tempo de contribui\u00e7\u00e3o.<\/p>\n<p>N\u00e3o h\u00e1 not\u00edcia sobre regra de transi\u00e7\u00e3o, o que n\u00e3o \u00e9 desejado pela Fazenda, par ter efeitos r\u00e1pidos.<\/p>\n<p>M\u00ednimo de 40 anos de contribui\u00e7\u00e3o (o que, na pr\u00e1tica, representa uns 45 anos de atividade)  para ter direito ao valor integral do benef\u00edcio, mesmo com a redu\u00e7\u00e3o que hoje j\u00e1 tem.<\/p>\n<p>Idosos de baixa renda receber\u00e3o menos que o m\u00ednimo: \u201cpessoas que comprovem estar em condi\u00e7\u00e3o de \u201cmiserabilidade\u201d ter\u00e3o assegurada uma renda m\u00ednima de R$ 500, quando tiverem 55 anos ou mais, ou R$ 750, caso tenham mais de 65 anos. Pessoas acima de 70 anos e com dez anos de contribui\u00e7\u00e3o ter\u00e3o assegurada uma presta\u00e7\u00e3o extra de R$ 150.\u201d<\/p>\n<p>A dose \u00e9 cavalar e n\u00e3o h\u00e1 possibilidade de que os parlamentares as aceitem a seco.<\/p>\n<p>\u00c9 poss\u00edvel que a turma do Planalto esteja embriagada com a vit\u00f3ria de Davi Acolumbre e ache que \u201ct\u00e1 tudo dominado\u201d, mas \u00e9 improv\u00e1vel que a maioria dos deputados queira aderir de cara a uma reforma que passou do impopular para o cruel.<\/p>\n","protected":false},"excerpt":{"rendered":"<p>Tijola\u00e7o, por Fernando Brito &#8211; O Estad\u00e3o publica, agora \u00e0 tarde, o que diz ser o rascunho da reforma previdenci\u00e1ria urdida pelo Minist\u00e9rio da Fazenda.<\/p>\n","protected":false},"author":1,"featured_media":0,"comment_status":"closed","ping_status":"open","sticky":false,"template":"","format":"standard","meta":{"_exactmetrics_skip_tracking":false,"_exactmetrics_sitenote_active":false,"_exactmetrics_sitenote_note":"","_exactmetrics_sitenote_category":0,"jetpack_post_was_ever_published":false,"_jetpack_newsletter_access":"","_jetpack_dont_email_post_to_subs":false,"_jetpack_newsletter_tier_id":0,"_jetpack_memberships_contains_paywalled_content":false,"_jetpack_memberships_contains_paid_content":false,"footnotes":"","jetpack_publicize_message":"","jetpack_publicize_feature_enabled":true,"jetpack_social_post_already_shared":true,"jetpack_social_options":{"image_generator_settings":{"template":"highway","enabled":false},"version":2}},"categories":[1],"tags":[],"class_list":["post-20359","post","type-post","status-publish","format-standard","hentry","category-notas"],"jetpack_publicize_connections":[],"jetpack_sharing_enabled":true,"jetpack_featured_media_url":"","jetpack_shortlink":"https:\/\/wp.me\/p7wKYW-5in","jetpack-related-posts":[],"_links":{"self":[{"href":"http:\/\/blogdalucianaoliveira.com.br\/blog\/wp-json\/wp\/v2\/posts\/20359","targetHints":{"allow":["GET"]}}],"collection":[{"href":"http:\/\/blogdalucianaoliveira.com.br\/blog\/wp-json\/wp\/v2\/posts"}],"about":[{"href":"http:\/\/blogdalucianaoliveira.com.br\/blog\/wp-json\/wp\/v2\/types\/post"}],"author":[{"embeddable":true,"href":"http:\/\/blogdalucianaoliveira.com.br\/blog\/wp-json\/wp\/v2\/users\/1"}],"replies":[{"embeddable":true,"href":"http:\/\/blogdalucianaoliveira.com.br\/blog\/wp-json\/wp\/v2\/comments?post=20359"}],"version-history":[{"count":1,"href":"http:\/\/blogdalucianaoliveira.com.br\/blog\/wp-json\/wp\/v2\/posts\/20359\/revisions"}],"predecessor-version":[{"id":20361,"href":"http:\/\/blogdalucianaoliveira.com.br\/blog\/wp-json\/wp\/v2\/posts\/20359\/revisions\/20361"}],"wp:attachment":[{"href":"http:\/\/blogdalucianaoliveira.com.br\/blog\/wp-json\/wp\/v2\/media?parent=20359"}],"wp:term":[{"taxonomy":"category","embeddable":true,"href":"http:\/\/blogdalucianaoliveira.com.br\/blog\/wp-json\/wp\/v2\/categories?post=20359"},{"taxonomy":"post_tag","embeddable":true,"href":"http:\/\/blogdalucianaoliveira.com.br\/blog\/wp-json\/wp\/v2\/tags?post=20359"}],"curies":[{"name":"wp","href":"https:\/\/api.w.org\/{rel}","templated":true}]}}