{"id":20362,"date":"2019-02-04T17:18:11","date_gmt":"2019-02-04T21:18:11","guid":{"rendered":"http:\/\/blogdalucianaoliveira.com.br\/blog\/?p=20362"},"modified":"2019-02-04T17:18:11","modified_gmt":"2019-02-04T21:18:11","slug":"repercussao-do-pacote-anticrime-do-moro","status":"publish","type":"post","link":"http:\/\/blogdalucianaoliveira.com.br\/blog\/2019\/02\/04\/repercussao-do-pacote-anticrime-do-moro\/","title":{"rendered":"Repercuss\u00e3o do pacote anticrime do Moro"},"content":{"rendered":"<p><img data-recalc-dims=\"1\" loading=\"lazy\" decoding=\"async\" data-attachment-id=\"20363\" data-permalink=\"http:\/\/blogdalucianaoliveira.com.br\/blog\/2019\/02\/04\/repercussao-do-pacote-anticrime-do-moro\/5352b785-64cb-4799-8122-02012a9ee804\/\" data-orig-file=\"https:\/\/i0.wp.com\/blogdalucianaoliveira.com.br\/blog\/wp-content\/uploads\/2019\/02\/5352B785-64CB-4799-8122-02012A9EE804.jpeg?fit=768%2C512\" data-orig-size=\"768,512\" data-comments-opened=\"0\" data-image-meta=\"{&quot;aperture&quot;:&quot;0&quot;,&quot;credit&quot;:&quot;&quot;,&quot;camera&quot;:&quot;&quot;,&quot;caption&quot;:&quot;&quot;,&quot;created_timestamp&quot;:&quot;0&quot;,&quot;copyright&quot;:&quot;&quot;,&quot;focal_length&quot;:&quot;0&quot;,&quot;iso&quot;:&quot;0&quot;,&quot;shutter_speed&quot;:&quot;0&quot;,&quot;title&quot;:&quot;&quot;,&quot;orientation&quot;:&quot;0&quot;}\" data-image-title=\"5352B785-64CB-4799-8122-02012A9EE804\" data-image-description=\"\" data-image-caption=\"\" data-medium-file=\"https:\/\/i0.wp.com\/blogdalucianaoliveira.com.br\/blog\/wp-content\/uploads\/2019\/02\/5352B785-64CB-4799-8122-02012A9EE804.jpeg?fit=300%2C200\" data-large-file=\"https:\/\/i0.wp.com\/blogdalucianaoliveira.com.br\/blog\/wp-content\/uploads\/2019\/02\/5352B785-64CB-4799-8122-02012A9EE804.jpeg?fit=600%2C400\" src=\"https:\/\/i0.wp.com\/blogdalucianaoliveira.com.br\/blog\/wp-content\/uploads\/2019\/02\/5352B785-64CB-4799-8122-02012A9EE804.jpeg?resize=600%2C400\" alt=\"5352B785-64CB-4799-8122-02012A9EE804\" width=\"600\" height=\"400\" class=\"alignnone size-full wp-image-20363\" srcset=\"https:\/\/i0.wp.com\/blogdalucianaoliveira.com.br\/blog\/wp-content\/uploads\/2019\/02\/5352B785-64CB-4799-8122-02012A9EE804.jpeg?w=768 768w, https:\/\/i0.wp.com\/blogdalucianaoliveira.com.br\/blog\/wp-content\/uploads\/2019\/02\/5352B785-64CB-4799-8122-02012A9EE804.jpeg?resize=300%2C200 300w, https:\/\/i0.wp.com\/blogdalucianaoliveira.com.br\/blog\/wp-content\/uploads\/2019\/02\/5352B785-64CB-4799-8122-02012A9EE804.jpeg?resize=450%2C300 450w\" sizes=\"auto, (max-width: 600px) 100vw, 600px\" \/><\/p>\n<p>Repercuss\u00e3o no Twitter <!--more--><\/p>\n<p>Li o pacote anticrime do Moro: para quem esperava o Plano Real da Seguran\u00e7a, que viesse solucionar problemas relativos \u00e0 criminalidade, letalidade policial, genoc\u00eddio da popula\u00e7\u00e3o negra, superpopula\u00e7\u00e3o carcer\u00e1ria etc., as medidas anunciadas s\u00e3o frustrantes e contraproducentes. Fernando Haddad, ex-candidato do PT ao Planalto<\/p>\n<p>O Brasil tem uma das pol\u00edcias mais letais do mundo. A proposta de Sergio Moro n\u00e3o defende o policial que age em legitima defesa. \u00c9 verdadeira licen\u00e7a para matar. Sinal verde para matar jovens negros. Paulo Teixeira, deputado federal, PT-SP<\/p>\n<p>Moro lan\u00e7a pacote \u201canticrime\u201d propondo a legaliza\u00e7\u00e3o da pena de morte praticada por policiais que matarem em servi\u00e7o e comprovarem \u201cmedo, surpresa ou violenta emo\u00e7\u00e3o\u201d. O Brasil j\u00e1 tem uma das pol\u00edcias mais letais do mundo e o governo prop\u00f5e licen\u00e7a para matar? Erika Kokay, deputada federal, PT-DF<\/p>\n<p>Lament\u00e1vel que ningu\u00e9m da equipe do ministro Moro tenha lido a CPI das mil\u00edcias. Poderiam ter aproveitado algumas propostas. Mil\u00edcia n\u00e3o pode ser tratada de forma gen\u00e9rica. Marcelo Freixo, deputado federal, Psol-RJ<\/p>\n<p>Nesse pacote anticrime, que o Moro t\u00e1 apresentando, de pacote n\u00e3o tem nada. \u00c9 pirotecnia. Ele prop\u00f5e uma altera\u00e7\u00e3o sobre cumprimento de pena em 2\u00b0 inst\u00e2ncia. Ou seja, ele est\u00e1 reconhecendo que Lula est\u00e1 preso de maneira ilegal, ja que ele t\u00e1 preso sem condena\u00e7\u00e3o transitada em julgado. Zeca Dirceu, deputado federal, PT-PR<\/p>\n<p>Moro assume o papel de porta-voz da cultura da viol\u00eancia de Bolsonaro representa. Inocentar os criminosos que alegarem \u201cescus\u00e1vel medo, surpresa ou violenta emo\u00e7\u00e3o\u201d \u00e9 autorizar as pol\u00edcias a atuarem como esquadr\u00f5es da morte nas periferias. Nada al\u00e9m disso. Margarida Salom\u00e3o, deputada federal, PT-MG<\/p>\n<p>Projeto apresentado pelo Ministro S\u00e9rgio Moro representa o cerne do Bolsonarismo: a cassa\u00e7\u00e3o das mais importantes garantias individuais. A possibilidade da pena ser barganhada entre Minist\u00e9rio P\u00fablico e acusado prescindindo do devido processo legal. Manuela, ex-candidata a vice, PCdoB-RS<\/p>\n<p>S\u00f3 no estado do Rio de Janeiro, foram 1532 mortos por interven\u00e7\u00e3o policial no ano de 2018. O que Moro faz agora \u00e9 propor a legaliza\u00e7\u00e3o dessa conduta, tornando legal a execu\u00e7\u00e3o sum\u00e1ria, ou seja, uma pena de morte sem direito a processo penal, leg\u00edtima defesa ou apela\u00e7\u00e3o. Barb\u00e1rie. Tal\u00edria Petrone, deputada federal, Psol-RJ<\/p>\n<p>Moro \u00e9 amb\u00edguo e populista. O ministro prop\u00f5e projeto de lei com penas mais duras para alguns tipos de crimes. Mas Onyx \u00e9 ministro e r\u00e9u confesso em Caixa 2 e Flavio Bolsonaro tem rela\u00e7\u00f5es com as mil\u00edcias. Ele faz m\u00e9dia. Se cala quando o assunto atinge o pr\u00f3prio governo. Ivan Valente, deputado federal, Psol-SP<\/p>\n","protected":false},"excerpt":{"rendered":"<p>Repercuss\u00e3o no Twitter<\/p>\n","protected":false},"author":1,"featured_media":0,"comment_status":"closed","ping_status":"open","sticky":false,"template":"","format":"standard","meta":{"_exactmetrics_skip_tracking":false,"_exactmetrics_sitenote_active":false,"_exactmetrics_sitenote_note":"","_exactmetrics_sitenote_category":0,"jetpack_post_was_ever_published":false,"_jetpack_newsletter_access":"","_jetpack_dont_email_post_to_subs":false,"_jetpack_newsletter_tier_id":0,"_jetpack_memberships_contains_paywalled_content":false,"_jetpack_memberships_contains_paid_content":false,"footnotes":"","jetpack_publicize_message":"","jetpack_publicize_feature_enabled":true,"jetpack_social_post_already_shared":true,"jetpack_social_options":{"image_generator_settings":{"template":"highway","enabled":false},"version":2}},"categories":[1],"tags":[],"class_list":["post-20362","post","type-post","status-publish","format-standard","hentry","category-notas"],"jetpack_publicize_connections":[],"jetpack_sharing_enabled":true,"jetpack_featured_media_url":"","jetpack_shortlink":"https:\/\/wp.me\/p7wKYW-5iq","jetpack-related-posts":[],"_links":{"self":[{"href":"http:\/\/blogdalucianaoliveira.com.br\/blog\/wp-json\/wp\/v2\/posts\/20362","targetHints":{"allow":["GET"]}}],"collection":[{"href":"http:\/\/blogdalucianaoliveira.com.br\/blog\/wp-json\/wp\/v2\/posts"}],"about":[{"href":"http:\/\/blogdalucianaoliveira.com.br\/blog\/wp-json\/wp\/v2\/types\/post"}],"author":[{"embeddable":true,"href":"http:\/\/blogdalucianaoliveira.com.br\/blog\/wp-json\/wp\/v2\/users\/1"}],"replies":[{"embeddable":true,"href":"http:\/\/blogdalucianaoliveira.com.br\/blog\/wp-json\/wp\/v2\/comments?post=20362"}],"version-history":[{"count":1,"href":"http:\/\/blogdalucianaoliveira.com.br\/blog\/wp-json\/wp\/v2\/posts\/20362\/revisions"}],"predecessor-version":[{"id":20364,"href":"http:\/\/blogdalucianaoliveira.com.br\/blog\/wp-json\/wp\/v2\/posts\/20362\/revisions\/20364"}],"wp:attachment":[{"href":"http:\/\/blogdalucianaoliveira.com.br\/blog\/wp-json\/wp\/v2\/media?parent=20362"}],"wp:term":[{"taxonomy":"category","embeddable":true,"href":"http:\/\/blogdalucianaoliveira.com.br\/blog\/wp-json\/wp\/v2\/categories?post=20362"},{"taxonomy":"post_tag","embeddable":true,"href":"http:\/\/blogdalucianaoliveira.com.br\/blog\/wp-json\/wp\/v2\/tags?post=20362"}],"curies":[{"name":"wp","href":"https:\/\/api.w.org\/{rel}","templated":true}]}}