{"id":2037,"date":"2016-06-30T11:18:51","date_gmt":"2016-06-30T15:18:51","guid":{"rendered":"http:\/\/blogdalucianaoliveira.com.br\/blog\/?p=2037"},"modified":"2016-06-30T16:07:42","modified_gmt":"2016-06-30T20:07:42","slug":"instituto-minhas-raizes-anuncia-programacao-dos-50-anos-do-festejo-de-nazare","status":"publish","type":"post","link":"http:\/\/blogdalucianaoliveira.com.br\/blog\/2016\/06\/30\/instituto-minhas-raizes-anuncia-programacao-dos-50-anos-do-festejo-de-nazare\/","title":{"rendered":"Instituto Minhas Ra\u00edzes anuncia programa\u00e7\u00e3o dos 50 anos do Festejo de Nazar\u00e9"},"content":{"rendered":"<p><img data-recalc-dims=\"1\" loading=\"lazy\" decoding=\"async\" data-attachment-id=\"2038\" data-permalink=\"http:\/\/blogdalucianaoliveira.com.br\/blog\/2016\/06\/30\/instituto-minhas-raizes-anuncia-programacao-dos-50-anos-do-festejo-de-nazare\/image-441\/\" data-orig-file=\"https:\/\/i0.wp.com\/blogdalucianaoliveira.com.br\/blog\/wp-content\/uploads\/2016\/06\/image-133.jpeg?fit=2733%2C2446\" data-orig-size=\"2733,2446\" data-comments-opened=\"0\" data-image-meta=\"{&quot;aperture&quot;:&quot;2.2&quot;,&quot;credit&quot;:&quot;&quot;,&quot;camera&quot;:&quot;iPhone 6&quot;,&quot;caption&quot;:&quot;&quot;,&quot;created_timestamp&quot;:&quot;1467277164&quot;,&quot;copyright&quot;:&quot;&quot;,&quot;focal_length&quot;:&quot;4.15&quot;,&quot;iso&quot;:&quot;50&quot;,&quot;shutter_speed&quot;:&quot;0.00833333333333&quot;,&quot;title&quot;:&quot;&quot;,&quot;orientation&quot;:&quot;1&quot;}\" data-image-title=\"imagem\" data-image-description=\"\" data-image-caption=\"\" data-medium-file=\"https:\/\/i0.wp.com\/blogdalucianaoliveira.com.br\/blog\/wp-content\/uploads\/2016\/06\/image-133.jpeg?fit=300%2C268\" data-large-file=\"https:\/\/i0.wp.com\/blogdalucianaoliveira.com.br\/blog\/wp-content\/uploads\/2016\/06\/image-133.jpeg?fit=600%2C537\" src=\"https:\/\/i0.wp.com\/blogdalucianaoliveira.com.br\/blog\/wp-content\/uploads\/2016\/06\/image-133.jpeg?resize=600%2C537\" alt=\"imagem\" width=\"600\" height=\"537\" class=\"alignnone size-full wp-image-2038\" srcset=\"https:\/\/i0.wp.com\/blogdalucianaoliveira.com.br\/blog\/wp-content\/uploads\/2016\/06\/image-133.jpeg?w=2733 2733w, https:\/\/i0.wp.com\/blogdalucianaoliveira.com.br\/blog\/wp-content\/uploads\/2016\/06\/image-133.jpeg?resize=300%2C268 300w, https:\/\/i0.wp.com\/blogdalucianaoliveira.com.br\/blog\/wp-content\/uploads\/2016\/06\/image-133.jpeg?resize=768%2C687 768w, https:\/\/i0.wp.com\/blogdalucianaoliveira.com.br\/blog\/wp-content\/uploads\/2016\/06\/image-133.jpeg?resize=1024%2C916 1024w, https:\/\/i0.wp.com\/blogdalucianaoliveira.com.br\/blog\/wp-content\/uploads\/2016\/06\/image-133.jpeg?resize=335%2C300 335w, https:\/\/i0.wp.com\/blogdalucianaoliveira.com.br\/blog\/wp-content\/uploads\/2016\/06\/image-133.jpeg?w=1200 1200w, https:\/\/i0.wp.com\/blogdalucianaoliveira.com.br\/blog\/wp-content\/uploads\/2016\/06\/image-133.jpeg?w=1800 1800w\" sizes=\"auto, (max-width: 600px) 100vw, 600px\" \/> <\/p>\n<p>Em coletiva \u00e0 imprensa nesta quinta-feira, na Casa de Cultura Ivan Marrocos, o Instituto Cultural e Socioambiental \u201cMinhas Ra\u00edzes\u201d, em parceria com a comunidade do Distrito de Nazar\u00e9 e regi\u00e3o do \u201cBaixo Madeira\u201d, anunciou a programa\u00e7\u00e3o do Festejo Cultural de Nazar\u00e9.<!--more--><\/p>\n<p>Este ano ser\u00e1 celebrado o cinquenten\u00e1rio das atividades culturais locais, com homenagem especial ao idealizador do projeto, Professor Manoel Nunes Maciel, que criou e repassou aos filhos a miss\u00e3o de preservar as tradi\u00e7\u00f5es culturais ribeirinhas.<br \/>\n\u00c9 um evento de Artes Integradas que acontece no distrito de Nazar\u00e9 e consiste na realiza\u00e7\u00e3o de um grande arraial com manifesta\u00e7\u00f5es culturais como: Boi-Bumb\u00e1 Curumim, Quadrilha de Nazar\u00e9, grupos de dan\u00e7a do Seringand\u00f4 e Carimb\u00f3, show musical com o grupo Minhas Ra\u00edzes e com o Grupo da Velha Guarda.<br \/>\nQuem for prestigiar o festival tamb\u00e9m vai poder degustar comidas t\u00edpicas, e desfrutar de passeios tur\u00edsticos com belezas naturais.<br \/>\nA festan\u00e7a acontece nos dias 22 e 23 de julho no espa\u00e7o Vila Cultural com estrutura completa para garantir qualidade de som, luz e conforto a quem for assistir as apresenta\u00e7\u00f5es.<br \/>\nNazar\u00e9 tem um grupo de dan\u00e7arinos, m\u00fasicos e artes\u00e3os que tamb\u00e9m \u00e9 respons\u00e1vel pela produ\u00e7\u00e3o artesanal de alegorias e indument\u00e1rias com  reaproveitamento de material da natureza.<br \/>\nNo dia 22, acontecem shows musicais, apresenta\u00e7\u00f5es folcl\u00f3ricas e exibi\u00e7\u00e3o de filmes\/document\u00e1rios e no dia 23 o festejo encerra com as apresenta\u00e7\u00f5es mais tradicionais.<br \/>\nO Evento \u00e9 aberto a todos os p\u00fablicos com acesso livre e gratuito, sendo que a maior frequ\u00eancia \u00e9 das comunidades ribeirinhas pr\u00f3ximas, e dos moradores do distrito e convidados.<br \/>\nO Instituto Minhas Ra\u00edzes \u00e9 o respons\u00e1vel pela produ\u00e7\u00e3o, difus\u00e3o, comercializa\u00e7\u00e3o e apresenta\u00e7\u00f5es do grupo musical Minhas Ra\u00edzes e da produ\u00e7\u00e3o art\u00edstica do Boi-Bumb\u00e1 Curumim e demais atividades:<br \/>\nA heran\u00e7a cultural de seu Manoel \u00e9 uma miss\u00e3o que visa o empoderamento da comunidade e do I.M.R. por meio da difus\u00e3o da cultura, tradi\u00e7\u00e3o e folclore de Nazar\u00e9. \u00c9 um evento que tamb\u00e9m promove a gera\u00e7\u00e3o de renda para os apoiadores locais a partir das atividades artesanais e proporciona ac\u00famulo de conhecimento e saberes tradicionais propagados nas composi\u00e7\u00f5es e desenvolvimento das atividades locais.<\/p>\n<p>PATROCINADORES E APOIADORES<br \/>\nFuncultural, SEMA, Administra\u00e7\u00e3o do Distrito de Nazar\u00e9, Est\u00fadio Onda Amaz\u00f4nica, Tropeiro Mania, Espa\u00e7o Cujuba, C\u00e2mara de Vereadores de Porto Velho, Segismundo Advocacia e blogdalucianaoliveira.com.br\/blog, al\u00e9m de amigos que ser\u00e3o lembrados no evento.<\/p>\n<p>FORMA\u00c7\u00d5ES COMPLEMENTARES<br \/>\nO Instituto Minhas Ra\u00edzes \u00e9 uma Ong de car\u00e1ter cultural e socioambiental sediada no Distrito de Nazar\u00e9, criada para preservar e difundir a cultura ribeirinha, as tradi\u00e7\u00f5es folcl\u00f3ricas da Amaz\u00f4nia e Meio Ambiente.  <\/p>\n<p><img data-recalc-dims=\"1\" loading=\"lazy\" decoding=\"async\" data-attachment-id=\"2039\" data-permalink=\"http:\/\/blogdalucianaoliveira.com.br\/blog\/2016\/06\/30\/instituto-minhas-raizes-anuncia-programacao-dos-50-anos-do-festejo-de-nazare\/image-442\/\" data-orig-file=\"https:\/\/i0.wp.com\/blogdalucianaoliveira.com.br\/blog\/wp-content\/uploads\/2016\/06\/image-134.jpeg?fit=1615%2C1615\" data-orig-size=\"1615,1615\" data-comments-opened=\"0\" data-image-meta=\"{&quot;aperture&quot;:&quot;2.2&quot;,&quot;credit&quot;:&quot;&quot;,&quot;camera&quot;:&quot;iPhone 6&quot;,&quot;caption&quot;:&quot;&quot;,&quot;created_timestamp&quot;:&quot;1467278695&quot;,&quot;copyright&quot;:&quot;&quot;,&quot;focal_length&quot;:&quot;4.15&quot;,&quot;iso&quot;:&quot;32&quot;,&quot;shutter_speed&quot;:&quot;0.00409836065574&quot;,&quot;title&quot;:&quot;&quot;,&quot;orientation&quot;:&quot;1&quot;}\" data-image-title=\"image\" data-image-description=\"\" data-image-caption=\"\" data-medium-file=\"https:\/\/i0.wp.com\/blogdalucianaoliveira.com.br\/blog\/wp-content\/uploads\/2016\/06\/image-134.jpeg?fit=300%2C300\" data-large-file=\"https:\/\/i0.wp.com\/blogdalucianaoliveira.com.br\/blog\/wp-content\/uploads\/2016\/06\/image-134.jpeg?fit=600%2C600\" src=\"https:\/\/i0.wp.com\/blogdalucianaoliveira.com.br\/blog\/wp-content\/uploads\/2016\/06\/image-134.jpeg?resize=600%2C600\" alt=\"image\" width=\"600\" height=\"600\" class=\"alignnone size-full wp-image-2039\" srcset=\"https:\/\/i0.wp.com\/blogdalucianaoliveira.com.br\/blog\/wp-content\/uploads\/2016\/06\/image-134.jpeg?w=1615 1615w, https:\/\/i0.wp.com\/blogdalucianaoliveira.com.br\/blog\/wp-content\/uploads\/2016\/06\/image-134.jpeg?resize=150%2C150 150w, https:\/\/i0.wp.com\/blogdalucianaoliveira.com.br\/blog\/wp-content\/uploads\/2016\/06\/image-134.jpeg?resize=300%2C300 300w, https:\/\/i0.wp.com\/blogdalucianaoliveira.com.br\/blog\/wp-content\/uploads\/2016\/06\/image-134.jpeg?resize=768%2C768 768w, https:\/\/i0.wp.com\/blogdalucianaoliveira.com.br\/blog\/wp-content\/uploads\/2016\/06\/image-134.jpeg?resize=1024%2C1024 1024w, https:\/\/i0.wp.com\/blogdalucianaoliveira.com.br\/blog\/wp-content\/uploads\/2016\/06\/image-134.jpeg?w=1200 1200w\" sizes=\"auto, (max-width: 600px) 100vw, 600px\" \/><\/p>\n","protected":false},"excerpt":{"rendered":"<p>Em coletiva \u00e0 imprensa nesta quinta-feira, na Casa de Cultura Ivan Marrocos, o Instituto Cultural e Socioambiental \u201cMinhas Ra\u00edzes\u201d, em parceria com a comunidade do Distrito de Nazar\u00e9 e regi\u00e3o do \u201cBaixo Madeira\u201d, anunciou a programa\u00e7\u00e3o do Festejo Cultural de Nazar\u00e9.<\/p>\n","protected":false},"author":1,"featured_media":0,"comment_status":"closed","ping_status":"open","sticky":false,"template":"","format":"standard","meta":{"_exactmetrics_skip_tracking":false,"_exactmetrics_sitenote_active":false,"_exactmetrics_sitenote_note":"","_exactmetrics_sitenote_category":0,"jetpack_post_was_ever_published":false,"_jetpack_newsletter_access":"","_jetpack_dont_email_post_to_subs":false,"_jetpack_newsletter_tier_id":0,"_jetpack_memberships_contains_paywalled_content":false,"_jetpack_memberships_contains_paid_content":false,"footnotes":"","jetpack_publicize_message":"","jetpack_publicize_feature_enabled":true,"jetpack_social_post_already_shared":true,"jetpack_social_options":{"image_generator_settings":{"template":"highway","enabled":false},"version":2}},"categories":[1],"tags":[],"class_list":["post-2037","post","type-post","status-publish","format-standard","hentry","category-notas"],"jetpack_publicize_connections":[],"jetpack_sharing_enabled":true,"jetpack_featured_media_url":"","jetpack_shortlink":"https:\/\/wp.me\/p7wKYW-wR","jetpack-related-posts":[],"_links":{"self":[{"href":"http:\/\/blogdalucianaoliveira.com.br\/blog\/wp-json\/wp\/v2\/posts\/2037","targetHints":{"allow":["GET"]}}],"collection":[{"href":"http:\/\/blogdalucianaoliveira.com.br\/blog\/wp-json\/wp\/v2\/posts"}],"about":[{"href":"http:\/\/blogdalucianaoliveira.com.br\/blog\/wp-json\/wp\/v2\/types\/post"}],"author":[{"embeddable":true,"href":"http:\/\/blogdalucianaoliveira.com.br\/blog\/wp-json\/wp\/v2\/users\/1"}],"replies":[{"embeddable":true,"href":"http:\/\/blogdalucianaoliveira.com.br\/blog\/wp-json\/wp\/v2\/comments?post=2037"}],"version-history":[{"count":2,"href":"http:\/\/blogdalucianaoliveira.com.br\/blog\/wp-json\/wp\/v2\/posts\/2037\/revisions"}],"predecessor-version":[{"id":2044,"href":"http:\/\/blogdalucianaoliveira.com.br\/blog\/wp-json\/wp\/v2\/posts\/2037\/revisions\/2044"}],"wp:attachment":[{"href":"http:\/\/blogdalucianaoliveira.com.br\/blog\/wp-json\/wp\/v2\/media?parent=2037"}],"wp:term":[{"taxonomy":"category","embeddable":true,"href":"http:\/\/blogdalucianaoliveira.com.br\/blog\/wp-json\/wp\/v2\/categories?post=2037"},{"taxonomy":"post_tag","embeddable":true,"href":"http:\/\/blogdalucianaoliveira.com.br\/blog\/wp-json\/wp\/v2\/tags?post=2037"}],"curies":[{"name":"wp","href":"https:\/\/api.w.org\/{rel}","templated":true}]}}