{"id":20371,"date":"2019-02-05T07:15:49","date_gmt":"2019-02-05T11:15:49","guid":{"rendered":"http:\/\/blogdalucianaoliveira.com.br\/blog\/?p=20371"},"modified":"2019-02-05T07:15:49","modified_gmt":"2019-02-05T11:15:49","slug":"reforma-da-previdencia-de-bolsonaro-e-pior-do-que-a-de-temer","status":"publish","type":"post","link":"http:\/\/blogdalucianaoliveira.com.br\/blog\/2019\/02\/05\/reforma-da-previdencia-de-bolsonaro-e-pior-do-que-a-de-temer\/","title":{"rendered":"REFORMA DA PREVID\u00caNCIA DE BOLSONARO \u00c9 PIOR DO QUE A DE TEMER"},"content":{"rendered":"<p><img data-recalc-dims=\"1\" loading=\"lazy\" decoding=\"async\" data-attachment-id=\"20372\" data-permalink=\"http:\/\/blogdalucianaoliveira.com.br\/blog\/2019\/02\/05\/reforma-da-previdencia-de-bolsonaro-e-pior-do-que-a-de-temer\/82fe5fc4-d077-480a-9de9-928e7152f642\/\" data-orig-file=\"https:\/\/i0.wp.com\/blogdalucianaoliveira.com.br\/blog\/wp-content\/uploads\/2019\/02\/82FE5FC4-D077-480A-9DE9-928E7152F642.jpeg?fit=480%2C240\" data-orig-size=\"480,240\" data-comments-opened=\"0\" data-image-meta=\"{&quot;aperture&quot;:&quot;0&quot;,&quot;credit&quot;:&quot;&quot;,&quot;camera&quot;:&quot;&quot;,&quot;caption&quot;:&quot;&quot;,&quot;created_timestamp&quot;:&quot;0&quot;,&quot;copyright&quot;:&quot;&quot;,&quot;focal_length&quot;:&quot;0&quot;,&quot;iso&quot;:&quot;0&quot;,&quot;shutter_speed&quot;:&quot;0&quot;,&quot;title&quot;:&quot;&quot;,&quot;orientation&quot;:&quot;0&quot;}\" data-image-title=\"82FE5FC4-D077-480A-9DE9-928E7152F642\" data-image-description=\"\" data-image-caption=\"\" data-medium-file=\"https:\/\/i0.wp.com\/blogdalucianaoliveira.com.br\/blog\/wp-content\/uploads\/2019\/02\/82FE5FC4-D077-480A-9DE9-928E7152F642.jpeg?fit=300%2C150\" data-large-file=\"https:\/\/i0.wp.com\/blogdalucianaoliveira.com.br\/blog\/wp-content\/uploads\/2019\/02\/82FE5FC4-D077-480A-9DE9-928E7152F642.jpeg?fit=480%2C240\" src=\"https:\/\/i0.wp.com\/blogdalucianaoliveira.com.br\/blog\/wp-content\/uploads\/2019\/02\/82FE5FC4-D077-480A-9DE9-928E7152F642.jpeg?resize=480%2C240\" alt=\"82FE5FC4-D077-480A-9DE9-928E7152F642\" width=\"480\" height=\"240\" class=\"alignnone size-full wp-image-20372\" srcset=\"https:\/\/i0.wp.com\/blogdalucianaoliveira.com.br\/blog\/wp-content\/uploads\/2019\/02\/82FE5FC4-D077-480A-9DE9-928E7152F642.jpeg?w=480 480w, https:\/\/i0.wp.com\/blogdalucianaoliveira.com.br\/blog\/wp-content\/uploads\/2019\/02\/82FE5FC4-D077-480A-9DE9-928E7152F642.jpeg?resize=300%2C150 300w\" sizes=\"auto, (max-width: 480px) 100vw, 480px\" \/><\/p>\n<p>Rede Brasil Atual &#8211; A minuta da proposta de emenda \u00e0 Constitui\u00e7\u00e3o (PEC) de reforma da Previd\u00eancia que o governo de Jair Bolsonaro (PSL) deve enviar ao Congresso Nacional este m\u00eas \u00e9 pior para os trabalhadores do que a do ex-presidente Michel Temer (MDB). O texto da PEC, obtido pelo Estad\u00e3o\/Broadcast, prev\u00ea a obrigatoriedade de idade m\u00ednima de 65 anos para homens e mulheres se aposentarem. A proposta que Temer tinha encaminhado previa idade m\u00ednima de 65 anos para homens e 62 anos para mulheres.<!--more--><\/p>\n<p>A PEC de Bolsonaro prev\u00ea, ainda, que quem quiser receber 100% do benef\u00edcio ter\u00e1 de trabalhar 40 anos. E cria um sistema de capitaliza\u00e7\u00e3o, de &#8220;car\u00e1ter obrigat\u00f3rio&#8221;.<\/p>\n<p>A capitaliza\u00e7\u00e3o da Previd\u00eancia \u00e9 uma esp\u00e9cie de poupan\u00e7a que os trabalhadores ser\u00e3o obrigados a fazer. Eles ter\u00e3o de abrir uma conta individual para depositar um percentual do sal\u00e1rio todos os meses para bancar seus benef\u00edcios no futuro. Adotado no Chile durante a ditadura militar, a capitaliza\u00e7\u00e3o da Previd\u00eancia levou aposentados \u00e0 mis\u00e9ria.<\/p>\n<p>Atualmente, h\u00e1 duas formas de se aposentar no Brasil: 1) por idade, com a exig\u00eancia de ter 65 anos (homens) e 60 anos (mulheres), com no m\u00ednimo 15 anos de contribui\u00e7\u00e3o; ou, 2) por tempo de contribui\u00e7\u00e3o, quando n\u00e3o se exige idade m\u00ednima, mas s\u00e3o necess\u00e1rios 35 anos (homens) e 30 anos (mulheres) de pagamentos ao INSS.<\/p>\n<p>A reforma que deve ser enviada pelo governo Bolsonaro at\u00e9 o fim do m\u00eas ao Congresso acaba com a possibilidade de se aposentar por tempo de contribui\u00e7\u00e3o.<\/p>\n<p>Quarenta anos contribuindo<\/p>\n<p>O texto obtido pelo Estad\u00e3o\/Broadcast \u2013 e confirmado pela ag\u00eancia de not\u00edcias com duas fontes da equipe econ\u00f4mica \u2013 prop\u00f5e que o tempo m\u00ednimo para se aposentar pelo INSS seja de 20 anos, com o recebimento de 60% do benef\u00edcio. A cada ano a mais, acrescentar\u00e1 dois pontos porcentuais at\u00e9 chegar a 100% do benef\u00edcio com 40 anos.<\/p>\n<p>No regime dos servidores p\u00fablicos, a contribui\u00e7\u00e3o m\u00ednima come\u00e7ar\u00e1 com 25 anos e para ter direito a 100% do benef\u00edcio tamb\u00e9m ser\u00e3o necess\u00e1rios 40 anos de servi\u00e7o.<\/p>\n<p>Capitaliza\u00e7\u00e3o<\/p>\n<p>Os trabalhadores poder\u00e3o usar parte do Fundo de Garantia do Tempo de Servi\u00e7o (FGTS), caso queiram, para complementar a contribui\u00e7\u00e3o, sem preju\u00edzo de outras fontes adicionais de contribui\u00e7\u00f5es patronais e do trabalhador. Ser\u00e1 vedada a transfer\u00eancia de recursos p\u00fablicos para esse novo sistema, diz a proposta preliminar.<\/p>\n<p>A gest\u00e3o desse novo sistema ser\u00e1 feita por entidades de previd\u00eancia p\u00fablicas e privadas, habilitadas pelo governo. O trabalhador poder\u00e1 escolher a entidade que vai gerir esses recursos e poder\u00e1 optar pela portabilidade a qualquer momento sem nenhum custo. O governo n\u00e3o poder\u00e1 usar esses recursos.<\/p>\n<p>A capitaliza\u00e7\u00e3o ser\u00e1 feita em regime de contribui\u00e7\u00e3o definida. Isso significa que o valor da contribui\u00e7\u00e3o \u00e9 acertado no ato da contrata\u00e7\u00e3o do plano e o benef\u00edcio que ser\u00e1 recebido no futuro varia em fun\u00e7\u00e3o do valor das contribui\u00e7\u00f5es, do tempo em que foram feitas e da rentabilidade dos recursos.<\/p>\n<p>Idosos e pessoas com defici\u00eancia<\/p>\n<p>A proposta de Bolsonaro muda as regras para quem recebe o benef\u00edcio da presta\u00e7\u00e3o continuada (BPC) da Lei Org\u00e2nica da Assist\u00eancia Social (Loas). Atualmente, o pagamento de um sal\u00e1rio m\u00ednimo \u00e9 assegurado para pessoas com defici\u00eancia e idosos de baixa renda com mais de 65 anos de idade.<\/p>\n<p>De acordo com o Broadcast\/Estad\u00e3o, est\u00e1 previsto o pagamento de R$ 1 mil para pessoas com defici\u00eancia sem condi\u00e7\u00e3o de sustento. J\u00e1 idosos e outros trabalhadores de baixa renda ter\u00e3o seus ganhos reduzidos. Quem comprovar condi\u00e7\u00e3o de &#8220;miserabilidade&#8221;, e tiver 55 anos ou mais, ter\u00e1 assegurada renda m\u00ednima de R$ 500. Os maiores de 65 anos receber\u00e3o R$ 750. Ter mais de 70 anos e 10 anos de contribui\u00e7\u00e3o vai assegurar presta\u00e7\u00e3o extra de R$ 150.<\/p>\n<p>Em todos os casos, ser\u00e1 obrigat\u00f3ria a comprova\u00e7\u00e3o de renda mensal per capita familiar inferior a um quarto de sal\u00e1rio m\u00ednimo.<\/p>\n","protected":false},"excerpt":{"rendered":"<p>Rede Brasil Atual &#8211; A minuta da proposta de emenda \u00e0 Constitui\u00e7\u00e3o (PEC) de reforma da Previd\u00eancia que o governo de Jair Bolsonaro (PSL) deve enviar ao Congresso Nacional este m\u00eas \u00e9 pior para os trabalhadores do que a do ex-presidente Michel Temer (MDB). O texto da PEC, obtido pelo Estad\u00e3o\/Broadcast, prev\u00ea a obrigatoriedade de&#8230;<a class=\"more-link\" href=\"http:\/\/blogdalucianaoliveira.com.br\/blog\/2019\/02\/05\/reforma-da-previdencia-de-bolsonaro-e-pior-do-que-a-de-temer\/\">Continue a leitura <span class=\"meta-nav\">&raquo;<\/span><\/a><\/p>\n","protected":false},"author":1,"featured_media":0,"comment_status":"closed","ping_status":"open","sticky":false,"template":"","format":"standard","meta":{"_exactmetrics_skip_tracking":false,"_exactmetrics_sitenote_active":false,"_exactmetrics_sitenote_note":"","_exactmetrics_sitenote_category":0,"jetpack_post_was_ever_published":false,"_jetpack_newsletter_access":"","_jetpack_dont_email_post_to_subs":false,"_jetpack_newsletter_tier_id":0,"_jetpack_memberships_contains_paywalled_content":false,"_jetpack_memberships_contains_paid_content":false,"footnotes":"","jetpack_publicize_message":"","jetpack_publicize_feature_enabled":true,"jetpack_social_post_already_shared":true,"jetpack_social_options":{"image_generator_settings":{"template":"highway","enabled":false},"version":2}},"categories":[1],"tags":[],"class_list":["post-20371","post","type-post","status-publish","format-standard","hentry","category-notas"],"jetpack_publicize_connections":[],"jetpack_sharing_enabled":true,"jetpack_featured_media_url":"","jetpack_shortlink":"https:\/\/wp.me\/p7wKYW-5iz","jetpack-related-posts":[],"_links":{"self":[{"href":"http:\/\/blogdalucianaoliveira.com.br\/blog\/wp-json\/wp\/v2\/posts\/20371","targetHints":{"allow":["GET"]}}],"collection":[{"href":"http:\/\/blogdalucianaoliveira.com.br\/blog\/wp-json\/wp\/v2\/posts"}],"about":[{"href":"http:\/\/blogdalucianaoliveira.com.br\/blog\/wp-json\/wp\/v2\/types\/post"}],"author":[{"embeddable":true,"href":"http:\/\/blogdalucianaoliveira.com.br\/blog\/wp-json\/wp\/v2\/users\/1"}],"replies":[{"embeddable":true,"href":"http:\/\/blogdalucianaoliveira.com.br\/blog\/wp-json\/wp\/v2\/comments?post=20371"}],"version-history":[{"count":1,"href":"http:\/\/blogdalucianaoliveira.com.br\/blog\/wp-json\/wp\/v2\/posts\/20371\/revisions"}],"predecessor-version":[{"id":20373,"href":"http:\/\/blogdalucianaoliveira.com.br\/blog\/wp-json\/wp\/v2\/posts\/20371\/revisions\/20373"}],"wp:attachment":[{"href":"http:\/\/blogdalucianaoliveira.com.br\/blog\/wp-json\/wp\/v2\/media?parent=20371"}],"wp:term":[{"taxonomy":"category","embeddable":true,"href":"http:\/\/blogdalucianaoliveira.com.br\/blog\/wp-json\/wp\/v2\/categories?post=20371"},{"taxonomy":"post_tag","embeddable":true,"href":"http:\/\/blogdalucianaoliveira.com.br\/blog\/wp-json\/wp\/v2\/tags?post=20371"}],"curies":[{"name":"wp","href":"https:\/\/api.w.org\/{rel}","templated":true}]}}