{"id":20386,"date":"2019-02-06T12:15:30","date_gmt":"2019-02-06T16:15:30","guid":{"rendered":"http:\/\/blogdalucianaoliveira.com.br\/blog\/?p=20386"},"modified":"2019-02-06T12:15:30","modified_gmt":"2019-02-06T16:15:30","slug":"como-os-intervencionistas-criaram-o-mito-bolsonaro-e-depois-pularam-do-barco","status":"publish","type":"post","link":"http:\/\/blogdalucianaoliveira.com.br\/blog\/2019\/02\/06\/como-os-intervencionistas-criaram-o-mito-bolsonaro-e-depois-pularam-do-barco\/","title":{"rendered":"Como os intervencionistas criaram o \u2018mito\u2019 Bolsonaro e depois pularam do barco"},"content":{"rendered":"<p><img data-recalc-dims=\"1\" loading=\"lazy\" decoding=\"async\" data-attachment-id=\"20387\" data-permalink=\"http:\/\/blogdalucianaoliveira.com.br\/blog\/2019\/02\/06\/como-os-intervencionistas-criaram-o-mito-bolsonaro-e-depois-pularam-do-barco\/lio\/\" data-orig-file=\"https:\/\/i0.wp.com\/blogdalucianaoliveira.com.br\/blog\/wp-content\/uploads\/2019\/02\/lio.jpeg?fit=1440%2C720\" data-orig-size=\"1440,720\" data-comments-opened=\"0\" data-image-meta=\"{&quot;aperture&quot;:&quot;0&quot;,&quot;credit&quot;:&quot;&quot;,&quot;camera&quot;:&quot;&quot;,&quot;caption&quot;:&quot;&quot;,&quot;created_timestamp&quot;:&quot;0&quot;,&quot;copyright&quot;:&quot;&quot;,&quot;focal_length&quot;:&quot;0&quot;,&quot;iso&quot;:&quot;0&quot;,&quot;shutter_speed&quot;:&quot;0&quot;,&quot;title&quot;:&quot;&quot;,&quot;orientation&quot;:&quot;0&quot;}\" data-image-title=\"lio\" data-image-description=\"\" data-image-caption=\"\" data-medium-file=\"https:\/\/i0.wp.com\/blogdalucianaoliveira.com.br\/blog\/wp-content\/uploads\/2019\/02\/lio.jpeg?fit=300%2C150\" data-large-file=\"https:\/\/i0.wp.com\/blogdalucianaoliveira.com.br\/blog\/wp-content\/uploads\/2019\/02\/lio.jpeg?fit=600%2C300\" class=\"alignnone size-full wp-image-20387\" src=\"https:\/\/i0.wp.com\/blogdalucianaoliveira.com.br\/blog\/wp-content\/uploads\/2019\/02\/lio.jpeg?resize=600%2C300\" alt=\"lio\" width=\"600\" height=\"300\" srcset=\"https:\/\/i0.wp.com\/blogdalucianaoliveira.com.br\/blog\/wp-content\/uploads\/2019\/02\/lio.jpeg?w=1440 1440w, https:\/\/i0.wp.com\/blogdalucianaoliveira.com.br\/blog\/wp-content\/uploads\/2019\/02\/lio.jpeg?resize=300%2C150 300w, https:\/\/i0.wp.com\/blogdalucianaoliveira.com.br\/blog\/wp-content\/uploads\/2019\/02\/lio.jpeg?resize=768%2C384 768w, https:\/\/i0.wp.com\/blogdalucianaoliveira.com.br\/blog\/wp-content\/uploads\/2019\/02\/lio.jpeg?resize=1024%2C512 1024w, https:\/\/i0.wp.com\/blogdalucianaoliveira.com.br\/blog\/wp-content\/uploads\/2019\/02\/lio.jpeg?resize=600%2C300 600w, https:\/\/i0.wp.com\/blogdalucianaoliveira.com.br\/blog\/wp-content\/uploads\/2019\/02\/lio.jpeg?w=1200 1200w\" sizes=\"auto, (max-width: 600px) 100vw, 600px\" \/><\/p>\n<div>\n<div>\n<p>No The Intercept &#8211;\u00a0<u>NUMA DAS TARDES<\/u>\u00a0mais quentes do ano, em uma cafeteria da Asa Norte, em Bras\u00edlia, Dom Werneck pediu a segunda dose de vodka com muito gelo. Ele \u00e9 um dos l\u00edderes do movimento intervencionista, que quer a volta da ditadura militar no Brasil. Em quase tr\u00eas horas de conversa, ele explicou os motivos que fizeram com que boa parte dos militaristas decidisse apoiar um candidato \u2013 Jair Bolsonaro \u2013 e depois passasse a conspirar abertamente contra ele.<\/p>\n<\/div>\n<p><!--more--><\/p>\n<\/div>\n<div class=\"Newsletter-shortcode Newsletter-shortcode-layout-full\">Em uma incurs\u00e3o a grupos e canais militaristas pela internet, vi que o que ele falava \u00e9 endossado por outros representantes, e que o grupo intervencionista tem mais poder de fogo do que se supunha quando\u00a0come\u00e7ou a aparecer, a partir de 2013.<\/div>\n<div class=\"Newsletter-shortcode Newsletter-shortcode-layout-full\"><\/div>\n<div class=\"Newsletter-shortcode Newsletter-shortcode-layout-full\">\n<p>Foi tamb\u00e9m a partir desse ano que os intervencionistas passaram a ver em Bolsonaro a solu\u00e7\u00e3o para os seus anseios, uma vez que um golpe militar nos moldes tradicionais, como o de 1964, estava longe de acontecer. A sa\u00edda seria al\u00e7ar algu\u00e9m pelas vias democr\u00e1ticas, e o ex-capit\u00e3o parecia se encaixar perfeitamente no papel. Ele tinha carisma, boa l\u00e1bia e nenhum pudor em defender o regime militar.<\/p>\n<p>O agora presidente, inclusive, falava abertamente sobre\u00a0<a href=\"https:\/\/www.youtube.com\/watch?v=BCo6oyD_R00\" target=\"_blank\" rel=\"noopener\">\u201cacionar o artigo 142\u2033<\/a>\u00a0quando chegasse ao poder. O\u00a0<a href=\"http:\/\/www.senado.leg.br\/atividade\/const\/con1988\/con1988_14.12.2017\/art_142_.asp\" target=\"_blank\" rel=\"noopener\">artigo em quest\u00e3o<\/a>\u00a0\u00e9 sempre evocado por intervencionistas como a prerrogativa constitucional para um golpe militar, ao apontar que caberia \u00e0s For\u00e7as Armadas a garantia da \u201clei e da ordem\u201d no pa\u00eds.<\/p>\n<p>Werneck tinha isso em mente quando, a partir de 2013, se aproximou do ex-capit\u00e3o. Ele reivindica a autoria de atos que ajudaram a tornar Bolsonaro conhecido pelo grande p\u00fablico e alega ter sido o autor da\u00a0<a href=\"https:\/\/www.bbc.com\/portuguese\/salasocial-39837332\" target=\"_blank\" rel=\"noopener\">ideia de levar militantes<\/a>\u00a0para recepcionar o ex-deputado federal no aeroporto de Bras\u00edlia semanalmente e publicar v\u00eddeos de Bolsonaro nos bra\u00e7os do povo \u2013 o que se tornou uma das marcas da sua caminhada at\u00e9 o Planalto. Tamb\u00e9m criou o grupo \u201cBolsonarianistas\u201d no WhatsApp, que teve mais de 80 subgrupos pelo pa\u00eds \u2013 um embri\u00e3o do que viria a ocorrer na campanha eleitoral.<\/p>\n<div class=\"img-wrap align-center  width-fixed\"><a href=\"https:\/\/i0.wp.com\/theintercept.imgix.net\/wp-uploads\/sites\/1\/2019\/02\/interven-1-1549034870.jpg?ssl=1\"><img data-recalc-dims=\"1\" decoding=\"async\" class=\"aligncenter size-article-medium wp-image-234521\" src=\"https:\/\/i0.wp.com\/theintercept.imgix.net\/wp-uploads\/sites\/1\/2019\/02\/interven-1-1549034870.jpg?w=600&#038;ssl=1\" alt=\"interven-1-1549034870\" \/><\/a><\/p>\n<p class=\"caption\">\u201cGosto de quebrar estere\u00f3tipos\u201d, diz\u00a0Werneck ao comentar que usa barba comprida e camisa jeans \u201ccomo um comunista\u201d.<\/p>\n<p class=\"caption source\">Foto: Reprodu\u00e7\u00e3o\/Facebook<\/p>\n<\/div>\n<p>Como uma esp\u00e9cie de \u201cassessor informal\u201d, Werneck seguia Bolsonaro pela C\u00e2mara dos Deputados, fazendo entrevistas \u201cexclusivas\u201d e transmitindo os discursos do parlamentar em lives em suas p\u00e1ginas \u2013 hoje ele tem duas no YouTube, uma com\u00a0<a href=\"https:\/\/www.youtube.com\/channel\/UCrpnvnki0amnvcn673mffog\" target=\"_blank\">76 mil<\/a>\u00a0assinantes e, a outra,\u00a0<a href=\"https:\/\/www.youtube.com\/channel\/UCToy4faG4fpRrK5VDU7IYVg\" target=\"_blank\">47 mil<\/a>; al\u00e9m de 55 mil f\u00e3s no Facebook. Em setembro de 2016, ele teria avisado o ent\u00e3o deputado sobre uma comiss\u00e3o com Maria do Ros\u00e1rio, pouco ap\u00f3s o incidente em que ele disse que \u201cn\u00e3o a estupraria porque ela n\u00e3o merece\u201d. Bolsonaro foi ao local,\u00a0<a href=\"https:\/\/www1.folha.uol.com.br\/poder\/2016\/09\/1813237-acusado-de-incitar-estupro-bolsonaro-se-exalta-em-sessao-sobre-o-tema.shtml\" target=\"_blank\" rel=\"noopener\">bateu boca com meio mundo<\/a>\u00a0e virou not\u00edcia. Werneck\u00a0<a href=\"https:\/\/www.facebook.com\/domwerneck77\/videos\/1098264336894566\/\" target=\"_blank\" rel=\"noopener\">registrou ao vivo<\/a>.<\/p>\n<p>A estrat\u00e9gia com as a\u00e7\u00f5es era dar visibilidade para o ex-deputado. At\u00e9 ent\u00e3o o ex-capit\u00e3o reformado era um parlamentar apagado, que nunca relatou projetos relevantes, presidiu comiss\u00f5es ou liderou bancadas, e que somente ganhava a luz dos holofotes por causa das pol\u00eamicas em que se envolvia.<\/p>\n<p>Werneck se apresenta\u00a0<a href=\"https:\/\/www.youtube.com\/watch?v=vmI7bARt7eQ\" target=\"_blank\" rel=\"noopener\">em v\u00eddeos<\/a>como um dos organizadores das greves de caminhoneiros, categoria que se aproxima\u00a0<a href=\"https:\/\/veja.abril.com.br\/revista-veja\/os-intervencionistas\/\" target=\"_blank\" rel=\"noopener\">cada vez mais dos intervencionistas<\/a>. Nos atos, principalmente na\u00a0<a href=\"https:\/\/www1.folha.uol.com.br\/mercado\/2018\/06\/caminhoneiro-nao-tem-de-ganhar-o-peixe-tem-de-aprender-a-pescar-diz-lider-da-categoria.shtml\" target=\"_blank\" rel=\"noopener\">paralisa\u00e7\u00e3o de 2018<\/a>, n\u00e3o foi raro ver caminh\u00f5es com faixas pedindo socorro das For\u00e7as Armadas e manifestando apoio a Bolsonaro \u2013 que chegou a apoiar a greve e\u00a0<a href=\"https:\/\/www.valor.com.br\/politica\/5558309\/bolsonaro-recua-em-apoio-greve-dos-caminhoneiros\" target=\"_blank\" rel=\"noopener\">depois recuou<\/a>\u00a0\u2013\u00a0<a href=\"https:\/\/oglobo.globo.com\/brasil\/moonwalk-de-jair-bolsonaro-os-recuos-do-presidente-no-primeiro-mes-de-governo-23416513\" target=\"_blank\" rel=\"noopener\">como de praxe<\/a>.<\/p>\n<div class=\"img-wrap align-bleed full-bleed width-auto\"><a href=\"https:\/\/i0.wp.com\/theintercept.imgix.net\/wp-uploads\/sites\/1\/2019\/02\/interven-10-1549036757.gif?ssl=1\"><img data-recalc-dims=\"1\" height=\"150\" width=\"150\" decoding=\"async\" class=\"aligncenter size-thumbnail wp-image-234548\" src=\"https:\/\/i0.wp.com\/theintercept.imgix.net\/wp-uploads\/sites\/1\/2019\/02\/interven-10-1549036757.gif?resize=150%2C150&#038;ssl=1\" alt=\"interven-10-1549036757\" \/><\/a><\/p>\n<p class=\"caption source pullright\">Fotos: Reprodu\u00e7\u00e3o\/Facebook<\/p>\n<\/div>\n<h3>Rela\u00e7\u00e3o esfria<\/h3>\n<p>Mesmo agindo como cabo eleitoral, Werneck diz que sempre teve um p\u00e9 atr\u00e1s com Bolsonaro. \u201cTodo mundo sabia que ele era um\u00a0<a href=\"https:\/\/www1.folha.uol.com.br\/poder\/2017\/05\/1884332-bolsonaro-era-agressivo-e-tinha-excessiva-ambicao-diz-ficha-militar.shtml\" target=\"_blank\" rel=\"noopener\">mau militar<\/a>, e isso pega mal no meio\u201d, afirma. Ele diz que dava \u201capoio cr\u00edtico\u201d ao deputado apenas para al\u00e7ar ao poder uma pessoa minimamente ligada ao militarismo.<\/p>\n<p>Os intervencionistas tamb\u00e9m se incomodavam com a receptividade de Bolsonaro \u00e0 ideologia liberal, com a aproxima\u00e7\u00e3o com o atual ministro da Economia, Paulo Guedes, e a frequente subservi\u00eancia a outros pa\u00edses, principalmente Estados Unidos e Israel. Essas caracter\u00edsticas, segundo Werneck, demonstravam uma aproxima\u00e7\u00e3o com o \u201cestablishment\u201d e conflitavam com o nacionalismo pregado pelo meio militar. Aos poucos, ficou dif\u00edcil n\u00e3o enxergar o ex-deputado como um \u201ctraidor da causa\u201d.<\/p>\n<\/div>\n<p>\u201cNa \u00e9poca, Bolsonaro tinha um discurso mais nacionalista e reconhecia que no atual modelo republicano seria imposs\u00edvel colocar o Brasil nos trilhos. Depois, ele foi para o lado liberal. Isso me irritou profundamente. Eu e muitos intervencionistas rompemos com ele e voltamos nossos esfor\u00e7os para uma insurg\u00eancia militar\u201d, afirma Ricardo Dex, intervencionista que fez parte de um dos grupos que costumava recepcionar o ex-deputado no aeroporto de S\u00e3o Paulo. Apesar de concordar com Werneck nos motivos que levaram \u00e0 descren\u00e7a com Bolsonaro, Dex acredita que a situa\u00e7\u00e3o n\u00e3o ser\u00e1 resolvida com Mour\u00e3o na presid\u00eancia, ja que o vice seguiria a mesma linha do presidente. Para ele, a sa\u00edda seria haver, de fato, um golpe militar.<\/p>\n<p>A falta de coer\u00eancia no discurso de Bolsonaro \u00e9 o ponto mais criticado. Nessa l\u00f3gica, at\u00e9 uma das inimigas do ex-deputado teria mais valor que ele. \u201cA gente n\u00e3o concorda com nada do que a Maria do Ros\u00e1rio prega, mas pelo menos ela \u00e9 fiel \u00e0 sua ideologia, e isso a gente respeita\u201d, alfinetou Priscila Azevedo, esposa de Werneck, tamb\u00e9m youtuber da causa militar.<\/p>\n<div class=\"img-wrap align-center  width-fixed\"><a href=\"https:\/\/i0.wp.com\/theintercept.imgix.net\/wp-uploads\/sites\/1\/2019\/02\/interven-11-1549038705.jpg?ssl=1\"><img data-recalc-dims=\"1\" height=\"150\" width=\"150\" decoding=\"async\" class=\"aligncenter size-thumbnail wp-image-234575\" src=\"https:\/\/i0.wp.com\/theintercept.imgix.net\/wp-uploads\/sites\/1\/2019\/02\/interven-11-1549038705.jpg?resize=150%2C150&#038;ssl=1\" alt=\"interven-11-1549038705\" \/><\/a><\/p>\n<p class=\"caption\">Werneck era dono de restaurantes, Azevedo trabalhava em um banco privado. Os dois deixaram os empregos h\u00e1 cerca de seis anos. Hoje, pagam as contas com a venda de\u00a0produtos militaristas\u00a0e doa\u00e7\u00f5es dos seguidores.<\/p>\n<p class=\"caption source\">Foto: Reprodu\u00e7\u00e3o\/Facebook<\/p>\n<\/div>\n<h3>O fim<\/h3>\n<p>Ainda durante a campanha eleitoral, diz Werneck, a estrat\u00e9gia mudou: se distanciar de Bolsonaro e transformar seu vice, general Hamilton Mour\u00e3o, em candidato a presidente. O general acabou se tornando vice na chapa bolsonarista e tudo foi por \u00e1gua abaixo.<\/p>\n<p>Os militaristas se dividiram. Werneck e Azevedo passaram a fazer campanha pelo boicote \u00e0s elei\u00e7\u00f5es e para pressionar a Mour\u00e3o a dar um golpe. Outros grupos continuaram apoiando Bolsonaro, contando que a presen\u00e7a de Mour\u00e3o na chapa era decisiva.<\/p>\n<p>Como as elei\u00e7\u00f5es aconteceram, a esperan\u00e7a se tornou a de que \u201calgo\u201d eventualmente impedisse o cabe\u00e7a de chapa de se manter na Presid\u00eancia, de modo que o vice assumisse. Na vis\u00e3o deles, Bolsonaro estaria sendo usado pelo grupo militar apenas para vencer a elei\u00e7\u00e3o, por ter bons resultados nas pesquisas eleitorais. O grupo militar que encabe\u00e7a o governo, formado pela\u00a0<a href=\"https:\/\/oglobo.globo.com\/brasil\/espaco-de-militares-no-governo-bolsonaro-sera-maior-desde-redemocratizacao-23273792\" target=\"_blank\" rel=\"noopener\">maior presen\u00e7a de militares no primeiro escal\u00e3o<\/a>desde a redemocratiza\u00e7\u00e3o, \u00e9 quem estaria dando as cartas de verdade.<\/p>\n<p><iframe loading=\"lazy\" src=\"https:\/\/www.youtube.com\/embed\/MrrjE5abiOo\" width=\"100%\" height=\"400px\" frameborder=\"0\" allowfullscreen=\"allowfullscreen\" data-mce-fragment=\"1\"><\/iframe><\/p>\n<p>\u201cPode ver todas as vezes que o Bolsonaro teve que recuar em t\u00e3o poucos dias de governo [a nossa conversa ocorre no dia 15 de janeiro]. Ele fala uma coisa e, se o grupo militar n\u00e3o gostar, \u00e9 obrigado a voltar atr\u00e1s\u201d, comentou Priscila. Um dos exemplos foi a permiss\u00e3o para os Estados Unidos abrirem uma base militar no pa\u00eds, que foi defendida por Bolsonaro, sofreu grave resist\u00eancia dos militares do alto escal\u00e3o e em seguida foi descartada.<\/p>\n<p>\u201cN\u00e3o vai ter golpe interno. N\u00e3o precisa. O pr\u00f3prio Bolsonaro vai se destruir\u201d, comentou Werneck. \u201cEle [Bolsonaro] sabe que as pessoas da Presid\u00eancia est\u00e3o usando ele protocolarmente, institucionalmente, para ser o presidente. Ele era o cara que deu arranque, pegou popularidade. N\u00e3o tinha como colocar outra pessoa pra disputar. Os militares usaram o que tinham. Usaram ele\u201d, disse.<\/p>\n<div class=\"img-wrap align-bleed full-bleed width-auto\"><a href=\"https:\/\/i0.wp.com\/theintercept.imgix.net\/wp-uploads\/sites\/1\/2019\/02\/interven-6-1549036045.gif?ssl=1\"><img data-recalc-dims=\"1\" decoding=\"async\" class=\"aligncenter size-article-large wp-image-234543\" src=\"https:\/\/i0.wp.com\/theintercept.imgix.net\/wp-uploads\/sites\/1\/2019\/02\/interven-6-1549036045.gif?w=600&#038;ssl=1\" alt=\"interven-6-1549036045\" \/><\/a><\/div>\n<h3>Os intervencionistas<\/h3>\n<p>Apesar de se apresentar como Dom Werneck na internet, seu nome verdadeiro \u00e9 Reginaldo Flor\u00eancio Verneque. Ele \u00e9 autor de transmiss\u00f5es ao vivo pelo Facebook e YouTube com centenas de milhares de visualiza\u00e7\u00f5es, em que defende qualquer coisa relacionada \u00e0s For\u00e7as Armadas. Tem barba comprida e usa camisa jeans, \u201ccomo um comunista\u201d, segundo o pr\u00f3prio. \u201cGosto de quebrar estere\u00f3tipos\u201d, disse. Sua esposa, Priscila, nos acompanhava no caf\u00e9. Vestia camiseta verde-oliva com adere\u00e7os que imitavam ins\u00edgnias militares.<\/p>\n<p>Werneck admite que, h\u00e1 at\u00e9 pouco tempo, os intervencionistas eram tratados como um balaio de malucos, em que alguns poucos gatos pingados protestavam nas ruas e basicamente ningu\u00e9m dava bola. O movimento cresceu nos \u00faltimos anos, amparado pelos esc\u00e2ndalos de corrup\u00e7\u00e3o e o sentimento de \u00f3dio \u00e0 pol\u00edtica tradicional. O ponto alto veio em 2015, durante os atos pelo impeachment da ex-presidente Dilma Rousseff, em que at\u00e9\u00a0<a href=\"https:\/\/ultimosegundo.ig.com.br\/brasil\/2015-03-28\/apoio-a-golpe-militar-cresce-no-brasil-desde-2012-mostra-pesquisa.html\" target=\"_blank\" rel=\"noopener\">48% das pessoas<\/a>\u00a0disseram apoiar um novo golpe militar, segundo pesquisa da Universidade de Vanderbilt, dos Estados Unidos, em parceria com a Universidade de Bras\u00edlia e apoio da Capes.<\/p>\n<p><iframe loading=\"lazy\" src=\"https:\/\/www.youtube.com\/embed\/qYMjPfnz4Uw\" width=\"100%\" height=\"400px\" frameborder=\"0\" allowfullscreen=\"allowfullscreen\" data-mce-fragment=\"1\"><\/iframe><\/p>\n<p>O casal coleciona milhares de seguidores e haters pela causa que defende. Apesar de serem os intervencionistas mais conhecidos, e talvez os mais influentes, tamb\u00e9m s\u00e3o alvos de acusa\u00e7\u00f5es de se apropriarem do dinheiro de vi\u00favas de militares que sonham com a interven\u00e7\u00e3o. Werneck era dono de restaurantes, Azevedo trabalhava em um banco privado. Os dois deixaram os empregos h\u00e1 cerca de seis anos. Hoje, pagam as contas com a venda de\u00a0<a href=\"https:\/\/produto.mercadolivre.com.br\/MLB-1100102222-kit-pe-na-porta-camiseta-bone-e-sacochila-_JM?quantity=1\" target=\"_blank\" rel=\"noopener\">produtos militaristas<\/a>\u00a0e doa\u00e7\u00f5es dos seguidores.<\/p>\n<p>Agora o \u201cgrupo de malucos\u201d intervencionistas tem tr\u00e2nsito na Esplanada. E tem como maior representante o vice-presidente, general Hamilton Mour\u00e3o.<\/p>\n<div class=\"PostContent\">\n<div>\n<p>Mour\u00e3o j\u00e1 defendeu a interven\u00e7\u00e3o militar para \u201csalvar o pa\u00eds\u201d da corrup\u00e7\u00e3o \u2013\u00a0<a href=\"https:\/\/www1.folha.uol.com.br\/poder\/2017\/12\/1942106-exercito-decide-trocar-general-de-cargo-apos-nova-fala-sobre-intervencao.shtml\" target=\"_blank\" rel=\"noopener\">ele perdeu um cargo no Ex\u00e9rcito e se aposentou por causa dessas declara\u00e7\u00f5es<\/a>. Durante a campanha eleitoral, no ano passado, despertou comich\u00f5es prazerosos nos militaristas quando falou da possibilidade de um\u00a0<a href=\"https:\/\/g1.globo.com\/politica\/eleicoes\/2018\/noticia\/2018\/09\/08\/general-mourao-admite-que-na-hipotese-de-anarquia-pode-haver-autogolpe-do-presidente-com-apoio-das-forcas-armadas.ghtml\" target=\"_blank\" rel=\"noopener\">\u201cautogolpe\u201d do presidente<\/a>, junto \u00e0s For\u00e7as Armadas, na hip\u00f3tese de anarquia. Hoje, seu discurso \u00e9 bem mais moderado. Ainda assim, \u00e9 visto como her\u00f3i por militares e simpatizantes. Intervencionistas juram de p\u00e9 junto que s\u00e3o pr\u00f3ximos a ele. Werneck foi o \u00fanico civil convidado para a cerim\u00f4nia interna que homenageou o general quando passou \u00e0 reserva.<\/p>\n<p>Apesar de o movimento ser heterog\u00eaneo, as opini\u00f5es do casal parecem ter respaldo no universo militarista. Em v\u00eddeos de outros intervencionistas, \u00e9 flagrante o inc\u00f4modo com rela\u00e7\u00e3o ao poss\u00edvel esc\u00e2ndalo de corrup\u00e7\u00e3o que envolve o senador Fl\u00e1vio Bolsonaro, filho de Jair, e o motorista Fabr\u00edcio Queiroz.<\/p>\n<p>\u201c<a href=\"https:\/\/www.youtube.com\/watch?v=ydqp7i00bm8&amp;t=1541s\" target=\"_blank\" rel=\"noopener\">Essa hist\u00f3ria do Queiroz est\u00e1 me cheirando cabide de emprego<\/a>\u00a0(\u2026) Eu n\u00e3o boto a minha m\u00e3o no fogo\u201d, disse Plaucio Pucci, um militarista que poucas semanas antes pedia voto para Bolsonaro. \u201c<a href=\"https:\/\/www.youtube.com\/watch?v=U6mPoCAB8ds\" target=\"_blank\" rel=\"noopener\">Meu filho, passa logo um antivirus nessa m\u00e1quina<\/a>. Caso contr\u00e1rio ela apagar\u00e1 rapidamente\u201d, amea\u00e7ou outro, Alexandre Bellei.\u00a0<a href=\"https:\/\/www.youtube.com\/watch?v=2e2djSgoBK4\" target=\"_blank\" rel=\"noopener\">\u201cQual \u00e9 a diferen\u00e7a de um corrupto de R$ 90 milh\u00f5es e um de R$ 90 mil? (\u2026) Agora fica esse nhenhenh\u00e9. N\u00e3o tem nhenhenh\u00e9, \u00e9 corrupto igual\u201d<\/a>, afirmou mais um youtuber, Jos\u00e9 M\u00e1rcio.<\/p>\n<div class=\"img-wrap align-center  width-auto\"><a href=\"https:\/\/i0.wp.com\/theintercept.imgix.net\/wp-uploads\/sites\/1\/2019\/02\/interven-7-1549035736.jpg?ssl=1\"><img data-recalc-dims=\"1\" decoding=\"async\" class=\"aligncenter size-article-large wp-image-234537\" src=\"https:\/\/i0.wp.com\/theintercept.imgix.net\/wp-uploads\/sites\/1\/2019\/02\/interven-7-1549035736.jpg?w=600&#038;ssl=1\" alt=\"interven-7-1549035736\" \/><\/a>Ap\u00f3s Mour\u00e3o defender a interven\u00e7\u00e3o militar em uma palestra, Werneck mandou fazer um banner com 10 metros de altura\u00a0em homenagem ao general.<\/div>\n<h3>Mour\u00e3o entra em cena<\/h3>\n<p>Quando Mour\u00e3o apareceu no notici\u00e1rio nacional, em setembro de 2017, ap\u00f3s\u00a0<a href=\"https:\/\/www1.folha.uol.com.br\/poder\/2017\/09\/1919322-general-do-exercito-ameaca-impor-solucao-para-crise-politica-no-pais.shtml\" target=\"_blank\" rel=\"noopener\">dizer em uma palestra<\/a>\u00a0que poderia haver interven\u00e7\u00e3o militar no caso de o Judici\u00e1rio \u201cn\u00e3o solucionar o problema pol\u00edtico\u201d, Werneck viu a not\u00edcia e foi para uma gr\u00e1fica do Gama, cidade do Distrito Federal onde mora, mandar fazer um banner com 10 metros de altura com uma foto de Mour\u00e3o e a frase \u201cObrigado militares por nos salvar. Obrigado General Mour\u00e3o\u201d. Levou o banner\u00a0<a href=\"https:\/\/www.gazetadopovo.com.br\/politica\/republica\/grupo-pro-intervencao-militar-expoe-foto-de-mourao-em-frente-ao-congresso-bojyxx11g6mq777az3f55v24p\/\" target=\"_blank\" rel=\"noopener\">para a frente do Congresso<\/a>\u00a0e o i\u00e7ou.<\/p>\n<p>Passou a acompanhar de perto o general e por isso foi chamado para a despedida dele, que registrou em um\u00a0<a href=\"https:\/\/www.facebook.com\/domwerneck77\/videos\/1599668050087523\/\" target=\"_blank\" rel=\"noopener\">v\u00eddeo de 25 minutos<\/a>\u00a0em seu canal. Por causa dessa proximidade, Werneck foi procurado no come\u00e7o do ano passado por Levy Fid\u00e9lix, que queria levar o general para a pol\u00edtica, filiando-o ao PRTB.<\/p>\n<p>O intervencionista gravou dois v\u00eddeos com Fid\u00e9lix. Em\u00a0<a href=\"https:\/\/www.facebook.com\/domwerneck77\/videos\/1653240238063637\/\" target=\"_blank\" rel=\"noopener\">um deles<\/a>, o presidente do PRTB aparece comicamente vestido com roupas militares em uma loja de produtos militares dizendo que est\u00e1 \u201cpronto para a guerra\u201d e que \u00e9 \u201cintervencionista de cora\u00e7\u00e3o\u201d.<\/p>\n<p>Werneck e Priscila s\u00e3o amigos do general Paulo Assis, que foi comandante de Mour\u00e3o nas For\u00e7as Armadas e j\u00e1\u00a0<a href=\"https:\/\/theintercept.com\/2018\/12\/18\/mourao-presidente-prtb-mentor-vice-presidente\/\" target=\"_blank\" rel=\"noopener\">contou ao\u00a0<strong>Intercept<\/strong><\/a>\u00a0como o aconselhou a entrar no mundo da pol\u00edtica. O casal\u00a0<a href=\"https:\/\/www.youtube.com\/watch?v=CWa7Zl5gYos\" target=\"_blank\" rel=\"noopener\">estava presente<\/a>\u00a0no dia em que o general assinou sua filia\u00e7\u00e3o ao partido. Os dois tamb\u00e9m se filiaram. Depois, tomaram um chope gigante para comemorar.<\/p>\n<div class=\"img-wrap align-center  width-fixed\"><a href=\"https:\/\/i0.wp.com\/theintercept.imgix.net\/wp-uploads\/sites\/1\/2019\/02\/interven-8-1549035901.jpg?ssl=1\"><img data-recalc-dims=\"1\" decoding=\"async\" class=\"aligncenter size-article-large wp-image-234541\" src=\"https:\/\/i0.wp.com\/theintercept.imgix.net\/wp-uploads\/sites\/1\/2019\/02\/interven-8-1549035901.jpg?w=600&#038;ssl=1\" alt=\"interven-8-1549035901\" \/><\/a><\/p>\n<p class=\"caption\">O casal \u00e9 pr\u00f3ximo de Mour\u00e3o e esteve presente no dia em que o general assinou sua filia\u00e7\u00e3o ao PRTB.<\/p>\n<p class=\"caption source\">Foto: Reprodu\u00e7\u00e3o\/Facebook<\/p>\n<\/div>\n<p>Werneck reclama que Fid\u00e9lix usou Mour\u00e3o como ferramenta para garantir ao seu partido a continuidade no mundo pol\u00edtico, j\u00e1 que n\u00e3o elegeu nenhum parlamentar este ano \u2013 nem ele pr\u00f3prio, que concorreu \u00e0 C\u00e2mara \u2013 e, por isso, seria impactado pelas limita\u00e7\u00f5es da cl\u00e1usula de barreira, que impede que partidos sem representantes no Congresso tenham acesso a recursos do fundo partid\u00e1rio e tempo de televis\u00e3o.<\/p>\n<p>Uma frase que Werneck disse me chamou a aten\u00e7\u00e3o. Era que Bolsonaro n\u00e3o sabia lidar com a oposi\u00e7\u00e3o dos intervencionistas, j\u00e1 que eles n\u00e3o podem ser considerados comunistas ou esquerdistas, como costuma atacar seus inimigos pol\u00edticos. \u201cSomos de direita, somos conservadores. Somos at\u00e9 mais radicais do que os pr\u00f3prios militares, porque n\u00f3s queremos que se feche Congresso e Supremo e tenha uma junta militar governando o pa\u00eds\u201d, disse.<\/p>\n<p>\u201c\u00c9 a tal da m\u00e3o amiga e bra\u00e7o forte. N\u00f3s somos a m\u00e3o amiga. Eles s\u00e3o o bra\u00e7o forte\u201d.<\/p>\n<p><iframe loading=\"lazy\" src=\"https:\/\/www.youtube.com\/embed\/7VIEoNLd57Q\" width=\"100%\" height=\"400px\" frameborder=\"0\" allowfullscreen=\"allowfullscreen\" data-mce-fragment=\"1\"><\/iframe><\/div>\n<\/div>\n<div class=\"InlineDonationPromo\"><\/div>\n","protected":false},"excerpt":{"rendered":"<p>No The Intercept &#8211;\u00a0NUMA DAS TARDES\u00a0mais quentes do ano, em uma cafeteria da Asa Norte, em Bras\u00edlia, Dom Werneck pediu a segunda dose de vodka com muito gelo. Ele \u00e9 um dos l\u00edderes do movimento intervencionista, que quer a volta da ditadura militar no Brasil. Em quase tr\u00eas horas de conversa, ele explicou os motivos&#8230;<a class=\"more-link\" href=\"http:\/\/blogdalucianaoliveira.com.br\/blog\/2019\/02\/06\/como-os-intervencionistas-criaram-o-mito-bolsonaro-e-depois-pularam-do-barco\/\">Continue a leitura <span class=\"meta-nav\">&raquo;<\/span><\/a><\/p>\n","protected":false},"author":1,"featured_media":0,"comment_status":"closed","ping_status":"open","sticky":false,"template":"","format":"standard","meta":{"_exactmetrics_skip_tracking":false,"_exactmetrics_sitenote_active":false,"_exactmetrics_sitenote_note":"","_exactmetrics_sitenote_category":0,"jetpack_post_was_ever_published":false,"_jetpack_newsletter_access":"","_jetpack_dont_email_post_to_subs":false,"_jetpack_newsletter_tier_id":0,"_jetpack_memberships_contains_paywalled_content":false,"_jetpack_memberships_contains_paid_content":false,"footnotes":"","jetpack_publicize_message":"","jetpack_publicize_feature_enabled":true,"jetpack_social_post_already_shared":true,"jetpack_social_options":{"image_generator_settings":{"template":"highway","enabled":false},"version":2}},"categories":[1],"tags":[],"class_list":["post-20386","post","type-post","status-publish","format-standard","hentry","category-notas"],"jetpack_publicize_connections":[],"jetpack_sharing_enabled":true,"jetpack_featured_media_url":"","jetpack_shortlink":"https:\/\/wp.me\/p7wKYW-5iO","jetpack-related-posts":[],"_links":{"self":[{"href":"http:\/\/blogdalucianaoliveira.com.br\/blog\/wp-json\/wp\/v2\/posts\/20386","targetHints":{"allow":["GET"]}}],"collection":[{"href":"http:\/\/blogdalucianaoliveira.com.br\/blog\/wp-json\/wp\/v2\/posts"}],"about":[{"href":"http:\/\/blogdalucianaoliveira.com.br\/blog\/wp-json\/wp\/v2\/types\/post"}],"author":[{"embeddable":true,"href":"http:\/\/blogdalucianaoliveira.com.br\/blog\/wp-json\/wp\/v2\/users\/1"}],"replies":[{"embeddable":true,"href":"http:\/\/blogdalucianaoliveira.com.br\/blog\/wp-json\/wp\/v2\/comments?post=20386"}],"version-history":[{"count":1,"href":"http:\/\/blogdalucianaoliveira.com.br\/blog\/wp-json\/wp\/v2\/posts\/20386\/revisions"}],"predecessor-version":[{"id":20388,"href":"http:\/\/blogdalucianaoliveira.com.br\/blog\/wp-json\/wp\/v2\/posts\/20386\/revisions\/20388"}],"wp:attachment":[{"href":"http:\/\/blogdalucianaoliveira.com.br\/blog\/wp-json\/wp\/v2\/media?parent=20386"}],"wp:term":[{"taxonomy":"category","embeddable":true,"href":"http:\/\/blogdalucianaoliveira.com.br\/blog\/wp-json\/wp\/v2\/categories?post=20386"},{"taxonomy":"post_tag","embeddable":true,"href":"http:\/\/blogdalucianaoliveira.com.br\/blog\/wp-json\/wp\/v2\/tags?post=20386"}],"curies":[{"name":"wp","href":"https:\/\/api.w.org\/{rel}","templated":true}]}}