{"id":20406,"date":"2019-02-07T16:22:45","date_gmt":"2019-02-07T20:22:45","guid":{"rendered":"http:\/\/blogdalucianaoliveira.com.br\/blog\/?p=20406"},"modified":"2019-02-07T16:22:45","modified_gmt":"2019-02-07T20:22:45","slug":"bolsonaro-cria-a-tv-oficial-do-bolsonarismo","status":"publish","type":"post","link":"http:\/\/blogdalucianaoliveira.com.br\/blog\/2019\/02\/07\/bolsonaro-cria-a-tv-oficial-do-bolsonarismo\/","title":{"rendered":"BOLSONARO CRIA A TV OFICIAL DO BOLSONARISMO"},"content":{"rendered":"<p><img data-recalc-dims=\"1\" loading=\"lazy\" decoding=\"async\" data-attachment-id=\"20407\" data-permalink=\"http:\/\/blogdalucianaoliveira.com.br\/blog\/2019\/02\/07\/bolsonaro-cria-a-tv-oficial-do-bolsonarismo\/tv-3\/\" data-orig-file=\"https:\/\/i0.wp.com\/blogdalucianaoliveira.com.br\/blog\/wp-content\/uploads\/2019\/02\/tv.jpg?fit=1000%2C357\" data-orig-size=\"1000,357\" data-comments-opened=\"0\" data-image-meta=\"{&quot;aperture&quot;:&quot;0&quot;,&quot;credit&quot;:&quot;&quot;,&quot;camera&quot;:&quot;&quot;,&quot;caption&quot;:&quot;&quot;,&quot;created_timestamp&quot;:&quot;0&quot;,&quot;copyright&quot;:&quot;&quot;,&quot;focal_length&quot;:&quot;0&quot;,&quot;iso&quot;:&quot;0&quot;,&quot;shutter_speed&quot;:&quot;0&quot;,&quot;title&quot;:&quot;&quot;,&quot;orientation&quot;:&quot;0&quot;}\" data-image-title=\"tv\" data-image-description=\"\" data-image-caption=\"\" data-medium-file=\"https:\/\/i0.wp.com\/blogdalucianaoliveira.com.br\/blog\/wp-content\/uploads\/2019\/02\/tv.jpg?fit=300%2C107\" data-large-file=\"https:\/\/i0.wp.com\/blogdalucianaoliveira.com.br\/blog\/wp-content\/uploads\/2019\/02\/tv.jpg?fit=600%2C214\" src=\"https:\/\/i0.wp.com\/blogdalucianaoliveira.com.br\/blog\/wp-content\/uploads\/2019\/02\/tv.jpg?resize=600%2C214\" alt=\"tv\" width=\"600\" height=\"214\" class=\"alignnone size-full wp-image-20407\" srcset=\"https:\/\/i0.wp.com\/blogdalucianaoliveira.com.br\/blog\/wp-content\/uploads\/2019\/02\/tv.jpg?w=1000 1000w, https:\/\/i0.wp.com\/blogdalucianaoliveira.com.br\/blog\/wp-content\/uploads\/2019\/02\/tv.jpg?resize=300%2C107 300w, https:\/\/i0.wp.com\/blogdalucianaoliveira.com.br\/blog\/wp-content\/uploads\/2019\/02\/tv.jpg?resize=768%2C274 768w, https:\/\/i0.wp.com\/blogdalucianaoliveira.com.br\/blog\/wp-content\/uploads\/2019\/02\/tv.jpg?resize=800%2C286 800w\" sizes=\"auto, (max-width: 600px) 100vw, 600px\" \/><\/p>\n<p>247 &#8211; Depois de tanto criticar o que chamava de &#8216;TV Lula&#8217;, ao falar sobre a TV Brasil, o governo de Jair Bolsonaro anunciou que ir\u00e1 criar uma TV que ser\u00e1, na pr\u00e1tica, uma agenda dos ministros. <!--more--><\/p>\n<p>Em comunicado divulgado nessa quarta-feira, 6, aos minist\u00e9rios, a Presid\u00eancia anunciou o &#8220;lan\u00e7amento&#8221; de uma &#8220;nova TV do governo&#8221;, com &#8220;programa\u00e7\u00e3o toda nova e totalmente voltada para o povo brasileiro&#8221;.<\/p>\n<p>Veja abaixo a \u00edntegra do comunicado enviado:<\/p>\n<p>&#8220;\u00c0s Chefias de Gabinete dos Ministros de Estado e Chefes de Assessorias de Comunica\u00e7\u00e3o Social, Senhores (as) Chefes de Gabinete e Assessores de Comunica\u00e7\u00e3o Social<\/p>\n<p>Informamos que o Governo Federal ir\u00e1 inaugurar uma nova TV p\u00fablica com um objetivo mais voltado para o cidad\u00e3o. A nova TV do governo ter\u00e1 uma programa\u00e7\u00e3o toda nova e totalmente voltada para o povo brasileiro.<\/p>\n<p>E, para que possamos inaugur\u00e1-la com a presen\u00e7a dos nossos governantes, convidamos os ministros de estado a prestarem seus depoimentos de boas-vindas \u00e0 nova TV do Governo Federal.<\/p>\n<p>Para tanto, solicitamos sua aten\u00e7\u00e3o no sentido de agendar com os respectivos ministros de estado para esta semana ou, para, no m\u00e1ximo, at\u00e9 a pr\u00f3xima ter\u00e7a-feira.<\/p>\n<p>A equipe da EBC ir\u00e1 at\u00e9 o gabinete do ministro ou at\u00e9 onde seja mais conveniente para gravar com ele &#8211; pode ser em Bras\u00edlia, Rio de Janeiro ou S\u00e3o Paulo.<\/p>\n<p>Solicitamos dar retorno com a data, hor\u00e1rio e local de agendamento para a filmagem para o e-mail articulacao.secom@presidencia.gov.br<\/p>\n<p>Estamos \u00e0 disposi\u00e7\u00e3o para quaisquer esclarecimentos.&#8221;<\/p>\n","protected":false},"excerpt":{"rendered":"<p>247 &#8211; Depois de tanto criticar o que chamava de &#8216;TV Lula&#8217;, ao falar sobre a TV Brasil, o governo de Jair Bolsonaro anunciou que ir\u00e1 criar uma TV que ser\u00e1, na pr\u00e1tica, uma agenda dos ministros.<\/p>\n","protected":false},"author":1,"featured_media":0,"comment_status":"closed","ping_status":"open","sticky":false,"template":"","format":"standard","meta":{"_exactmetrics_skip_tracking":false,"_exactmetrics_sitenote_active":false,"_exactmetrics_sitenote_note":"","_exactmetrics_sitenote_category":0,"jetpack_post_was_ever_published":false,"_jetpack_newsletter_access":"","_jetpack_dont_email_post_to_subs":false,"_jetpack_newsletter_tier_id":0,"_jetpack_memberships_contains_paywalled_content":false,"_jetpack_memberships_contains_paid_content":false,"footnotes":"","jetpack_publicize_message":"","jetpack_publicize_feature_enabled":true,"jetpack_social_post_already_shared":true,"jetpack_social_options":{"image_generator_settings":{"template":"highway","enabled":false},"version":2}},"categories":[1],"tags":[],"class_list":["post-20406","post","type-post","status-publish","format-standard","hentry","category-notas"],"jetpack_publicize_connections":[],"jetpack_sharing_enabled":true,"jetpack_featured_media_url":"","jetpack_shortlink":"https:\/\/wp.me\/p7wKYW-5j8","jetpack-related-posts":[],"_links":{"self":[{"href":"http:\/\/blogdalucianaoliveira.com.br\/blog\/wp-json\/wp\/v2\/posts\/20406","targetHints":{"allow":["GET"]}}],"collection":[{"href":"http:\/\/blogdalucianaoliveira.com.br\/blog\/wp-json\/wp\/v2\/posts"}],"about":[{"href":"http:\/\/blogdalucianaoliveira.com.br\/blog\/wp-json\/wp\/v2\/types\/post"}],"author":[{"embeddable":true,"href":"http:\/\/blogdalucianaoliveira.com.br\/blog\/wp-json\/wp\/v2\/users\/1"}],"replies":[{"embeddable":true,"href":"http:\/\/blogdalucianaoliveira.com.br\/blog\/wp-json\/wp\/v2\/comments?post=20406"}],"version-history":[{"count":1,"href":"http:\/\/blogdalucianaoliveira.com.br\/blog\/wp-json\/wp\/v2\/posts\/20406\/revisions"}],"predecessor-version":[{"id":20408,"href":"http:\/\/blogdalucianaoliveira.com.br\/blog\/wp-json\/wp\/v2\/posts\/20406\/revisions\/20408"}],"wp:attachment":[{"href":"http:\/\/blogdalucianaoliveira.com.br\/blog\/wp-json\/wp\/v2\/media?parent=20406"}],"wp:term":[{"taxonomy":"category","embeddable":true,"href":"http:\/\/blogdalucianaoliveira.com.br\/blog\/wp-json\/wp\/v2\/categories?post=20406"},{"taxonomy":"post_tag","embeddable":true,"href":"http:\/\/blogdalucianaoliveira.com.br\/blog\/wp-json\/wp\/v2\/tags?post=20406"}],"curies":[{"name":"wp","href":"https:\/\/api.w.org\/{rel}","templated":true}]}}