{"id":2041,"date":"2016-06-30T11:55:14","date_gmt":"2016-06-30T15:55:14","guid":{"rendered":"http:\/\/blogdalucianaoliveira.com.br\/blog\/?p=2041"},"modified":"2016-06-30T11:55:14","modified_gmt":"2016-06-30T15:55:14","slug":"crime-ambiental-de-mariana-vira-tema-de-duas-musicas-do-grupo-ribeirinho-minhas-raizes","status":"publish","type":"post","link":"http:\/\/blogdalucianaoliveira.com.br\/blog\/2016\/06\/30\/crime-ambiental-de-mariana-vira-tema-de-duas-musicas-do-grupo-ribeirinho-minhas-raizes\/","title":{"rendered":"Crime ambiental de Mariana vira tema de duas m\u00fasicas do grupo ribeirinho Minhas Ra\u00edzes"},"content":{"rendered":"<div style=\"width: 600px;\" class=\"wp-video\"><video class=\"wp-video-shortcode\" id=\"video-2041-1\" width=\"600\" height=\"338\" preload=\"metadata\" controls=\"controls\"><source type=\"video\/mp4\" src=\"http:\/\/blogdalucianaoliveira.com.br\/blog\/wp-content\/uploads\/2016\/06\/IMG_9549.mp4?_=1\" \/><a href=\"http:\/\/blogdalucianaoliveira.com.br\/blog\/wp-content\/uploads\/2016\/06\/IMG_9549.mp4\">http:\/\/blogdalucianaoliveira.com.br\/blog\/wp-content\/uploads\/2016\/06\/IMG_9549.mp4<\/a><\/video><\/div>\n<p>O Instituto Minhas Ra\u00edzes \u00e9 uma Organiza\u00e7\u00e3o N\u00e3o-Governamental de car\u00e1ter cultural e socioambiental sediada no Distrito de Nazar\u00e9, criado para preservar e difundir a cultura ribeirinha, as tradi\u00e7\u00f5es folcl\u00f3ricas da Amaz\u00f4nia e Meio Ambiente.  <!--more--><\/p>\n<p>Na enchente hist\u00f3rica do rio Madeira em 2014, v\u00e1rias comunidades ribeirinhas foram atingidas e Nazar\u00e9 sofreu o violento impacto da destrui\u00e7\u00e3o. \u201cPelo que passamos, n\u00e3o d\u00e1 pra ficar insens\u00edvel ao que aconteceu com rio Doce em Minas Gerais. <\/p>\n<p>&#8220;A forma que encontramos para registrar esse crime foi compondo m\u00fasicas em solidariedade \u00e0s v\u00edtimas,\u201d disse Teimar Martins, um dos m\u00fasicos de uma fam\u00edlia que herdou do pai a miss\u00e3o de difundir a cultura dos povos que vivem \u00e0s margens do rio.<\/p>\n<p>Ele comp\u00f5e o grupo Minhas Ra\u00edzes, formado por 15 pessoas, com crian\u00e7as e jovens. Eles comp\u00f5em, tocam e cantam suas pr\u00f3prias m\u00fasicas e, inclusive, lan\u00e7aram<br \/>\nS\u00e3o eles em parceria com a comunidade que tamb\u00e9m produzem seus instrumentos a partir da mat\u00e9ria prima da natureza.<\/p>\n<p>O grupo Minhas Ra\u00edzes j\u00e1 levou seu modo de criar pra proteger as manifesta\u00e7\u00f5es culturais da comunidade de Nazar\u00e9 \u00e0 Confer\u00eancia Nacional de Educa\u00e7\u00e3o B\u00e1sica, em Bras\u00edlia, que reuniu professores e especialistas de todo o Pa\u00eds.<\/p>\n<p>H\u00e1 50 anos realizam um Festival de Cultura com comida, m\u00fasica e apresenta\u00e7\u00f5es folcl\u00f3ricas, marcado para os dias 22 e 23 de julho.<\/p>\n<p>Uma das m\u00fasicas reflete o sentimento de dor e revolta pelo maior crime ambiental do pa\u00eds.<\/p>\n<p>\u201cMesmo de longe eu vi, eu  sei o que senti, compartilhei do olhar, foi triste imaginar o que ser\u00e1 de n\u00f3s, o que vir\u00e1 depois.\u201d<\/p>\n","protected":false},"excerpt":{"rendered":"<p>O Instituto Minhas Ra\u00edzes \u00e9 uma Organiza\u00e7\u00e3o N\u00e3o-Governamental de car\u00e1ter cultural e socioambiental sediada no Distrito de Nazar\u00e9, criado para preservar e difundir a cultura ribeirinha, as tradi\u00e7\u00f5es folcl\u00f3ricas da Amaz\u00f4nia e Meio Ambiente.<\/p>\n","protected":false},"author":1,"featured_media":0,"comment_status":"closed","ping_status":"open","sticky":false,"template":"","format":"standard","meta":{"_exactmetrics_skip_tracking":false,"_exactmetrics_sitenote_active":false,"_exactmetrics_sitenote_note":"","_exactmetrics_sitenote_category":0,"jetpack_post_was_ever_published":false,"_jetpack_newsletter_access":"","_jetpack_dont_email_post_to_subs":false,"_jetpack_newsletter_tier_id":0,"_jetpack_memberships_contains_paywalled_content":false,"_jetpack_memberships_contains_paid_content":false,"footnotes":"","jetpack_publicize_message":"","jetpack_publicize_feature_enabled":true,"jetpack_social_post_already_shared":true,"jetpack_social_options":{"image_generator_settings":{"template":"highway","enabled":false},"version":2}},"categories":[1],"tags":[],"class_list":["post-2041","post","type-post","status-publish","format-standard","hentry","category-notas"],"jetpack_publicize_connections":[],"jetpack_sharing_enabled":true,"jetpack_featured_media_url":"","jetpack_shortlink":"https:\/\/wp.me\/p7wKYW-wV","jetpack-related-posts":[],"_links":{"self":[{"href":"http:\/\/blogdalucianaoliveira.com.br\/blog\/wp-json\/wp\/v2\/posts\/2041","targetHints":{"allow":["GET"]}}],"collection":[{"href":"http:\/\/blogdalucianaoliveira.com.br\/blog\/wp-json\/wp\/v2\/posts"}],"about":[{"href":"http:\/\/blogdalucianaoliveira.com.br\/blog\/wp-json\/wp\/v2\/types\/post"}],"author":[{"embeddable":true,"href":"http:\/\/blogdalucianaoliveira.com.br\/blog\/wp-json\/wp\/v2\/users\/1"}],"replies":[{"embeddable":true,"href":"http:\/\/blogdalucianaoliveira.com.br\/blog\/wp-json\/wp\/v2\/comments?post=2041"}],"version-history":[{"count":1,"href":"http:\/\/blogdalucianaoliveira.com.br\/blog\/wp-json\/wp\/v2\/posts\/2041\/revisions"}],"predecessor-version":[{"id":2043,"href":"http:\/\/blogdalucianaoliveira.com.br\/blog\/wp-json\/wp\/v2\/posts\/2041\/revisions\/2043"}],"wp:attachment":[{"href":"http:\/\/blogdalucianaoliveira.com.br\/blog\/wp-json\/wp\/v2\/media?parent=2041"}],"wp:term":[{"taxonomy":"category","embeddable":true,"href":"http:\/\/blogdalucianaoliveira.com.br\/blog\/wp-json\/wp\/v2\/categories?post=2041"},{"taxonomy":"post_tag","embeddable":true,"href":"http:\/\/blogdalucianaoliveira.com.br\/blog\/wp-json\/wp\/v2\/tags?post=2041"}],"curies":[{"name":"wp","href":"https:\/\/api.w.org\/{rel}","templated":true}]}}