{"id":20416,"date":"2019-02-08T11:47:43","date_gmt":"2019-02-08T15:47:43","guid":{"rendered":"http:\/\/blogdalucianaoliveira.com.br\/blog\/?p=20416"},"modified":"2019-02-08T11:47:43","modified_gmt":"2019-02-08T15:47:43","slug":"liberais-euforicos-ignoram-que-reformas-resultarao-em-trabalho-precario","status":"publish","type":"post","link":"http:\/\/blogdalucianaoliveira.com.br\/blog\/2019\/02\/08\/liberais-euforicos-ignoram-que-reformas-resultarao-em-trabalho-precario\/","title":{"rendered":"Liberais euf\u00f3ricos ignoram que reformas resultar\u00e3o em trabalho prec\u00e1rio"},"content":{"rendered":"<p><img data-recalc-dims=\"1\" loading=\"lazy\" decoding=\"async\" data-attachment-id=\"20417\" data-permalink=\"http:\/\/blogdalucianaoliveira.com.br\/blog\/2019\/02\/08\/liberais-euforicos-ignoram-que-reformas-resultarao-em-trabalho-precario\/cida-4\/\" data-orig-file=\"https:\/\/i0.wp.com\/blogdalucianaoliveira.com.br\/blog\/wp-content\/uploads\/2019\/02\/cida.png?fit=696%2C387\" data-orig-size=\"696,387\" data-comments-opened=\"0\" data-image-meta=\"{&quot;aperture&quot;:&quot;0&quot;,&quot;credit&quot;:&quot;&quot;,&quot;camera&quot;:&quot;&quot;,&quot;caption&quot;:&quot;&quot;,&quot;created_timestamp&quot;:&quot;0&quot;,&quot;copyright&quot;:&quot;&quot;,&quot;focal_length&quot;:&quot;0&quot;,&quot;iso&quot;:&quot;0&quot;,&quot;shutter_speed&quot;:&quot;0&quot;,&quot;title&quot;:&quot;&quot;,&quot;orientation&quot;:&quot;0&quot;}\" data-image-title=\"cida\" data-image-description=\"\" data-image-caption=\"\" data-medium-file=\"https:\/\/i0.wp.com\/blogdalucianaoliveira.com.br\/blog\/wp-content\/uploads\/2019\/02\/cida.png?fit=300%2C167\" data-large-file=\"https:\/\/i0.wp.com\/blogdalucianaoliveira.com.br\/blog\/wp-content\/uploads\/2019\/02\/cida.png?fit=600%2C334\" src=\"https:\/\/i0.wp.com\/blogdalucianaoliveira.com.br\/blog\/wp-content\/uploads\/2019\/02\/cida.png?resize=600%2C334\" alt=\"cida\" width=\"600\" height=\"334\" class=\"alignnone size-full wp-image-20417\" srcset=\"https:\/\/i0.wp.com\/blogdalucianaoliveira.com.br\/blog\/wp-content\/uploads\/2019\/02\/cida.png?w=696 696w, https:\/\/i0.wp.com\/blogdalucianaoliveira.com.br\/blog\/wp-content\/uploads\/2019\/02\/cida.png?resize=300%2C167 300w, https:\/\/i0.wp.com\/blogdalucianaoliveira.com.br\/blog\/wp-content\/uploads\/2019\/02\/cida.png?resize=540%2C300 540w\" sizes=\"auto, (max-width: 600px) 100vw, 600px\" \/><\/p>\n<p>No Blog Da Cidadania &#8211; A reforma trabalhista vai provocar mudan\u00e7as no mercado de trabalho que tendem a diminuir a receita da Previd\u00eancia Social. \u00c9 o que dizem cr\u00edticos de esquerda sobre a reforma aprovada sob Michel Temer e sobre altera\u00e7\u00f5es radicais que est\u00e3o nos planos de Paulo Guedes, ministro da Economia de Jair Bolsonaro.<!--more--><\/p>\n<p>O impacto da mui recente reforma trabalhista por ora \u00e9 \u00ednfimo, de modo que ainda \u00e9 imposs\u00edvel estimar seus efeitos. Mas \u00e9 tamb\u00e9m fato que o reformista liberal padr\u00e3o n\u00e3o liga muito para defici\u00eancias de arrecada\u00e7\u00e3o da Previd\u00eancia.<\/p>\n<p>Tudo mais constante, a receita ser\u00e1 tanto maior quanto maior a parcela da popula\u00e7\u00e3o empregada e, n\u00e3o necessariamente a mesma coisa, quanto mais trabalhadores contribu\u00edrem.<\/p>\n<p>Altera\u00e7\u00f5es profundas no mercado de trabalho podem ter efeitos na capacidade contributiva, talvez negativos. O problema, por\u00e9m, \u00e9 bem mais enrolado.<\/p>\n<p>Entre pessoas ocupadas, de 16 a 59 anos, a parcela de contribuintes cresceu quase sem parar de 2004 a 2017. Entre a categoria \u201cempregados\u201d, maioria dos trabalhadores, passou de 73,3% para 84,3% (dados mais recentes do Informe de Previd\u00eancia Social). Mas a situa\u00e7\u00e3o ainda \u00e9 ruim.<\/p>\n<p>Em uma conta mais gen\u00e9rica, pelo menos 29% dos ocupados de 16 a 59 anos n\u00e3o contribu\u00edam, metade por falta de dinheiro (ganha menos de um sal\u00e1rio m\u00ednimo). Note-se: essa conta n\u00e3o inclui quem est\u00e1 fora do mercado, tempor\u00e1ria ou cronicamente.<\/p>\n<p>Esse mundo de trabalho prec\u00e1rio contribui para o desastre previdenci\u00e1rio.<\/p>\n<p>Mas o problema n\u00e3o se resolve com mais e melhores empregos. A despesa previdenci\u00e1ria cresce de modo explosivo porque o Brasil envelhece r\u00e1pida e precocemente, entre outros problemas.<\/p>\n<p>Na estimativa que consta da Lei de Diretrizes Or\u00e7ament\u00e1rias de 2019 (feita em 2018), a receita previdenci\u00e1ria federal ficar\u00e1 quase est\u00e1vel em torno de 5,6% do PIB at\u00e9 2039. A despesa crescer\u00e1 de 8,4% do PIB para 12,3% do PIB (trata-se aqui do Regime Geral de Previd\u00eancia Social, que n\u00e3o inclui servidores).<\/p>\n<p>Sim, aumento de receita ajuda, especialmente se relacionado a progressos no emprego. Sim, em tese o d\u00e9ficit poderia ser em parte compensado por aumentos de outros impostos. Mas at\u00e9 uma compensa\u00e7\u00e3o pequena n\u00e3o \u00e9 caso trivial, pois impostos podem afetar o crescimento econ\u00f4mico.<\/p>\n<p>Enfim, h\u00e1 a quest\u00e3o fundamental: em vez de pagar aumento de despesa previdenci\u00e1ria, qual o uso alternativo desse dinheiro extra? N\u00e3o seria mais \u00fatil gastar em creche, esgoto, sa\u00fade, escola, ci\u00eancia e transporte p\u00fablico?<\/p>\n<p>De resto, al\u00e9m do problema estrutural da despesa da Previd\u00eancia, temos um desastre emergencial. A d\u00edvida p\u00fablica cresce sem limite, pois o governo toma emprestado at\u00e9 para pagar despesas b\u00e1sicas. Pelos pr\u00f3ximos anos, o pa\u00eds n\u00e3o tem como aumentar impostos e gastar mais.<\/p>\n<p>Feitas as ressalvas, por\u00e9m, o financiamento da Previd\u00eancia tamb\u00e9m \u00e9 problema.<\/p>\n<p>Para reformistas, o fim da CLT acelera o crescimento e a cria\u00e7\u00e3o de empregos. No outro extremo, para certa esquerda haver\u00e1 precariza\u00e7\u00e3o sem fim do trabalho, com achatamento de sal\u00e1rios e menos contribui\u00e7\u00f5es. D\u00favidas sobre o futuro da receita n\u00e3o param por a\u00ed.<\/p>\n<p>Al\u00e9m da reforma trabalhista radical, Guedes pretende mexer a fundo na contribui\u00e7\u00e3o das empresas, que pagariam muito menos para o INSS. Vai acertar a conta e arrumar fonte de receita alternativa e segura, que acompanhe grosso modo as necessidades da Previd\u00eancia?<\/p>\n<p>A gente n\u00e3o est\u00e1 falando sobre isso.<\/p>\n<p>Da FSP<\/p>\n","protected":false},"excerpt":{"rendered":"<p>No Blog Da Cidadania &#8211; A reforma trabalhista vai provocar mudan\u00e7as no mercado de trabalho que tendem a diminuir a receita da Previd\u00eancia Social. \u00c9 o que dizem cr\u00edticos de esquerda sobre a reforma aprovada sob Michel Temer e sobre altera\u00e7\u00f5es radicais que est\u00e3o nos planos de Paulo Guedes, ministro da Economia de Jair Bolsonaro.<\/p>\n","protected":false},"author":1,"featured_media":0,"comment_status":"closed","ping_status":"open","sticky":false,"template":"","format":"standard","meta":{"_exactmetrics_skip_tracking":false,"_exactmetrics_sitenote_active":false,"_exactmetrics_sitenote_note":"","_exactmetrics_sitenote_category":0,"jetpack_post_was_ever_published":false,"_jetpack_newsletter_access":"","_jetpack_dont_email_post_to_subs":false,"_jetpack_newsletter_tier_id":0,"_jetpack_memberships_contains_paywalled_content":false,"_jetpack_memberships_contains_paid_content":false,"footnotes":"","jetpack_publicize_message":"","jetpack_publicize_feature_enabled":true,"jetpack_social_post_already_shared":true,"jetpack_social_options":{"image_generator_settings":{"template":"highway","enabled":false},"version":2}},"categories":[1],"tags":[],"class_list":["post-20416","post","type-post","status-publish","format-standard","hentry","category-notas"],"jetpack_publicize_connections":[],"jetpack_sharing_enabled":true,"jetpack_featured_media_url":"","jetpack_shortlink":"https:\/\/wp.me\/p7wKYW-5ji","jetpack-related-posts":[],"_links":{"self":[{"href":"http:\/\/blogdalucianaoliveira.com.br\/blog\/wp-json\/wp\/v2\/posts\/20416","targetHints":{"allow":["GET"]}}],"collection":[{"href":"http:\/\/blogdalucianaoliveira.com.br\/blog\/wp-json\/wp\/v2\/posts"}],"about":[{"href":"http:\/\/blogdalucianaoliveira.com.br\/blog\/wp-json\/wp\/v2\/types\/post"}],"author":[{"embeddable":true,"href":"http:\/\/blogdalucianaoliveira.com.br\/blog\/wp-json\/wp\/v2\/users\/1"}],"replies":[{"embeddable":true,"href":"http:\/\/blogdalucianaoliveira.com.br\/blog\/wp-json\/wp\/v2\/comments?post=20416"}],"version-history":[{"count":1,"href":"http:\/\/blogdalucianaoliveira.com.br\/blog\/wp-json\/wp\/v2\/posts\/20416\/revisions"}],"predecessor-version":[{"id":20418,"href":"http:\/\/blogdalucianaoliveira.com.br\/blog\/wp-json\/wp\/v2\/posts\/20416\/revisions\/20418"}],"wp:attachment":[{"href":"http:\/\/blogdalucianaoliveira.com.br\/blog\/wp-json\/wp\/v2\/media?parent=20416"}],"wp:term":[{"taxonomy":"category","embeddable":true,"href":"http:\/\/blogdalucianaoliveira.com.br\/blog\/wp-json\/wp\/v2\/categories?post=20416"},{"taxonomy":"post_tag","embeddable":true,"href":"http:\/\/blogdalucianaoliveira.com.br\/blog\/wp-json\/wp\/v2\/tags?post=20416"}],"curies":[{"name":"wp","href":"https:\/\/api.w.org\/{rel}","templated":true}]}}