{"id":20419,"date":"2019-02-08T11:52:58","date_gmt":"2019-02-08T15:52:58","guid":{"rendered":"http:\/\/blogdalucianaoliveira.com.br\/blog\/?p=20419"},"modified":"2019-02-08T11:52:58","modified_gmt":"2019-02-08T15:52:58","slug":"o-ninho-do-urubu-e-o-brasil","status":"publish","type":"post","link":"http:\/\/blogdalucianaoliveira.com.br\/blog\/2019\/02\/08\/o-ninho-do-urubu-e-o-brasil\/","title":{"rendered":"O Ninho do Urubu \u00e9 o Brasil"},"content":{"rendered":"<p><img data-recalc-dims=\"1\" loading=\"lazy\" decoding=\"async\" data-attachment-id=\"20420\" data-permalink=\"http:\/\/blogdalucianaoliveira.com.br\/blog\/2019\/02\/08\/o-ninho-do-urubu-e-o-brasil\/tel\/\" data-orig-file=\"https:\/\/i0.wp.com\/blogdalucianaoliveira.com.br\/blog\/wp-content\/uploads\/2019\/02\/tel.jpg?fit=1600%2C900\" data-orig-size=\"1600,900\" data-comments-opened=\"0\" data-image-meta=\"{&quot;aperture&quot;:&quot;0&quot;,&quot;credit&quot;:&quot;&quot;,&quot;camera&quot;:&quot;&quot;,&quot;caption&quot;:&quot;&quot;,&quot;created_timestamp&quot;:&quot;0&quot;,&quot;copyright&quot;:&quot;&quot;,&quot;focal_length&quot;:&quot;0&quot;,&quot;iso&quot;:&quot;0&quot;,&quot;shutter_speed&quot;:&quot;0&quot;,&quot;title&quot;:&quot;&quot;,&quot;orientation&quot;:&quot;0&quot;}\" data-image-title=\"tel\" data-image-description=\"\" data-image-caption=\"\" data-medium-file=\"https:\/\/i0.wp.com\/blogdalucianaoliveira.com.br\/blog\/wp-content\/uploads\/2019\/02\/tel.jpg?fit=300%2C169\" data-large-file=\"https:\/\/i0.wp.com\/blogdalucianaoliveira.com.br\/blog\/wp-content\/uploads\/2019\/02\/tel.jpg?fit=600%2C338\" src=\"https:\/\/i0.wp.com\/blogdalucianaoliveira.com.br\/blog\/wp-content\/uploads\/2019\/02\/tel.jpg?resize=600%2C338\" alt=\"tel\" width=\"600\" height=\"338\" class=\"alignnone size-full wp-image-20420\" srcset=\"https:\/\/i0.wp.com\/blogdalucianaoliveira.com.br\/blog\/wp-content\/uploads\/2019\/02\/tel.jpg?w=1600 1600w, https:\/\/i0.wp.com\/blogdalucianaoliveira.com.br\/blog\/wp-content\/uploads\/2019\/02\/tel.jpg?resize=300%2C169 300w, https:\/\/i0.wp.com\/blogdalucianaoliveira.com.br\/blog\/wp-content\/uploads\/2019\/02\/tel.jpg?resize=768%2C432 768w, https:\/\/i0.wp.com\/blogdalucianaoliveira.com.br\/blog\/wp-content\/uploads\/2019\/02\/tel.jpg?resize=1024%2C576 1024w, https:\/\/i0.wp.com\/blogdalucianaoliveira.com.br\/blog\/wp-content\/uploads\/2019\/02\/tel.jpg?resize=533%2C300 533w, https:\/\/i0.wp.com\/blogdalucianaoliveira.com.br\/blog\/wp-content\/uploads\/2019\/02\/tel.jpg?w=1200 1200w\" sizes=\"auto, (max-width: 600px) 100vw, 600px\" \/><\/p>\n<p>Por Kiko Nogueira &#8211; H\u00e1 trag\u00e9dias que capturam um tempo. O inc\u00eandio do dirig\u00edvel Hindenburg, em 1937, orgulho da Alemanha, foi uma derrota emblem\u00e1tica do nazismo.<\/p>\n<p>N\u00f3s tivemos o fogo no edif\u00edcio Joelma nos anos 70 e, mais recentemente, as cat\u00e1strofes de Mariana e Brumadinho.<\/p>\n<p>O Ninho do Urubu, no Rio de Janeiro, foi destru\u00eddo nesta madrugada.<!--more--><\/p>\n<p>Nada mais brasileiro que o Flamengo e que o Rio, uma esp\u00e9cie de umbigo nacional, que j\u00e1 vinha penando sob chuvas torrenciais que, como sempre, devastaram gente pobre.<\/p>\n<p>Os jovens atletas que est\u00e3o entre os dez mortos tentavam estourar como seus \u00eddolos.<\/p>\n<p>Estavam num alojamento com telhado de zinco, prec\u00e1rio e perigoso.<\/p>\n<p>Como valiam pouco no mercado milion\u00e1rio do futebol, suas vidas n\u00e3o valiam nada.<\/p>\n<p>O goleiro Christian Esmerio Candido, 15 anos, \u00e9 a primeira v\u00edtima com identidade.<\/p>\n<p>Um pa\u00eds abandonado, v\u00edtima do descaso do estado e da iniciativa privada, jogado \u00e0s tra\u00e7as \u2014 e, o pior, sem esperan\u00e7a.<\/p>\n<p>\u00c9 dif\u00edcil lembrar de uma \u00e9poca t\u00e3o funesta da nossa hist\u00f3ria, com um presidente cujo grande talento \u00e9 semear o \u00f3dio tendo sua intimidade devassada pelo filho no hospital onde se recupera.<\/p>\n<p>N\u00e3o h\u00e1 comando, n\u00e3o temos para onde olhar, para quem apelar. Onde buscar f\u00e9.<\/p>\n<p>N\u00e3o me refiro, obviamente, \u00e0 f\u00e9 de aluguel das damares, dos felicianos, dos magnos maltas, do lixo evang\u00e9lico mercador, mas \u00e0 capacidade de sonhar com um pa\u00eds menos canalha.<\/p>\n<p>Viramos zumbis numa par\u00f3dia de George Romero, uma distopia em que os flagelos se sucedem sem que possamos esbo\u00e7ar rea\u00e7\u00e3o porque estamos com o esp\u00edrito quebrado.<\/p>\n<p>Pobres meninos. Pobres de n\u00f3s. O que nos tornamos?<\/p>\n<p>O Ninho do Urubu \u00e9 o Brasil.<\/p>\n","protected":false},"excerpt":{"rendered":"<p>Por Kiko Nogueira &#8211; H\u00e1 trag\u00e9dias que capturam um tempo. O inc\u00eandio do dirig\u00edvel Hindenburg, em 1937, orgulho da Alemanha, foi uma derrota emblem\u00e1tica do nazismo. N\u00f3s tivemos o fogo no edif\u00edcio Joelma nos anos 70 e, mais recentemente, as cat\u00e1strofes de Mariana e Brumadinho. O Ninho do Urubu, no Rio de Janeiro, foi destru\u00eddo&#8230;<a class=\"more-link\" href=\"http:\/\/blogdalucianaoliveira.com.br\/blog\/2019\/02\/08\/o-ninho-do-urubu-e-o-brasil\/\">Continue a leitura <span class=\"meta-nav\">&raquo;<\/span><\/a><\/p>\n","protected":false},"author":1,"featured_media":0,"comment_status":"closed","ping_status":"open","sticky":false,"template":"","format":"standard","meta":{"_exactmetrics_skip_tracking":false,"_exactmetrics_sitenote_active":false,"_exactmetrics_sitenote_note":"","_exactmetrics_sitenote_category":0,"jetpack_post_was_ever_published":false,"_jetpack_newsletter_access":"","_jetpack_dont_email_post_to_subs":false,"_jetpack_newsletter_tier_id":0,"_jetpack_memberships_contains_paywalled_content":false,"_jetpack_memberships_contains_paid_content":false,"footnotes":"","jetpack_publicize_message":"","jetpack_publicize_feature_enabled":true,"jetpack_social_post_already_shared":true,"jetpack_social_options":{"image_generator_settings":{"template":"highway","enabled":false},"version":2}},"categories":[1],"tags":[],"class_list":["post-20419","post","type-post","status-publish","format-standard","hentry","category-notas"],"jetpack_publicize_connections":[],"jetpack_sharing_enabled":true,"jetpack_featured_media_url":"","jetpack_shortlink":"https:\/\/wp.me\/p7wKYW-5jl","jetpack-related-posts":[],"_links":{"self":[{"href":"http:\/\/blogdalucianaoliveira.com.br\/blog\/wp-json\/wp\/v2\/posts\/20419","targetHints":{"allow":["GET"]}}],"collection":[{"href":"http:\/\/blogdalucianaoliveira.com.br\/blog\/wp-json\/wp\/v2\/posts"}],"about":[{"href":"http:\/\/blogdalucianaoliveira.com.br\/blog\/wp-json\/wp\/v2\/types\/post"}],"author":[{"embeddable":true,"href":"http:\/\/blogdalucianaoliveira.com.br\/blog\/wp-json\/wp\/v2\/users\/1"}],"replies":[{"embeddable":true,"href":"http:\/\/blogdalucianaoliveira.com.br\/blog\/wp-json\/wp\/v2\/comments?post=20419"}],"version-history":[{"count":1,"href":"http:\/\/blogdalucianaoliveira.com.br\/blog\/wp-json\/wp\/v2\/posts\/20419\/revisions"}],"predecessor-version":[{"id":20421,"href":"http:\/\/blogdalucianaoliveira.com.br\/blog\/wp-json\/wp\/v2\/posts\/20419\/revisions\/20421"}],"wp:attachment":[{"href":"http:\/\/blogdalucianaoliveira.com.br\/blog\/wp-json\/wp\/v2\/media?parent=20419"}],"wp:term":[{"taxonomy":"category","embeddable":true,"href":"http:\/\/blogdalucianaoliveira.com.br\/blog\/wp-json\/wp\/v2\/categories?post=20419"},{"taxonomy":"post_tag","embeddable":true,"href":"http:\/\/blogdalucianaoliveira.com.br\/blog\/wp-json\/wp\/v2\/tags?post=20419"}],"curies":[{"name":"wp","href":"https:\/\/api.w.org\/{rel}","templated":true}]}}