{"id":20423,"date":"2019-02-08T17:09:49","date_gmt":"2019-02-08T21:09:49","guid":{"rendered":"http:\/\/blogdalucianaoliveira.com.br\/blog\/?p=20423"},"modified":"2019-02-08T17:10:47","modified_gmt":"2019-02-08T21:10:47","slug":"video-brasil-nos-ganhamos-pouco-diz-deputado-de-rondonia-em-seu-primeiro-pronunciamento-na-camara-ao-falar-sobre-salario-dos-militaresleia-mais-em-httpwww-rondoniadina","status":"publish","type":"post","link":"http:\/\/blogdalucianaoliveira.com.br\/blog\/2019\/02\/08\/video-brasil-nos-ganhamos-pouco-diz-deputado-de-rondonia-em-seu-primeiro-pronunciamento-na-camara-ao-falar-sobre-salario-dos-militaresleia-mais-em-httpwww-rondoniadina\/","title":{"rendered":"V\u00eddeo \u2013 \u2018Brasil, n\u00f3s ganhamos pouco\u2019, diz deputado de Rond\u00f4nia em seu primeiro pronunciamento na C\u00e2mara ao falar sobre sal\u00e1rio dos militares"},"content":{"rendered":"<p><img data-recalc-dims=\"1\" loading=\"lazy\" decoding=\"async\" data-attachment-id=\"20424\" data-permalink=\"http:\/\/blogdalucianaoliveira.com.br\/blog\/2019\/02\/08\/video-brasil-nos-ganhamos-pouco-diz-deputado-de-rondonia-em-seu-primeiro-pronunciamento-na-camara-ao-falar-sobre-salario-dos-militaresleia-mais-em-httpwww-rondoniadina\/ave-2\/\" data-orig-file=\"https:\/\/i0.wp.com\/blogdalucianaoliveira.com.br\/blog\/wp-content\/uploads\/2019\/02\/ave.jpg?fit=960%2C640\" data-orig-size=\"960,640\" data-comments-opened=\"0\" data-image-meta=\"{&quot;aperture&quot;:&quot;0&quot;,&quot;credit&quot;:&quot;&quot;,&quot;camera&quot;:&quot;&quot;,&quot;caption&quot;:&quot;&quot;,&quot;created_timestamp&quot;:&quot;0&quot;,&quot;copyright&quot;:&quot;&quot;,&quot;focal_length&quot;:&quot;0&quot;,&quot;iso&quot;:&quot;0&quot;,&quot;shutter_speed&quot;:&quot;0&quot;,&quot;title&quot;:&quot;&quot;,&quot;orientation&quot;:&quot;1&quot;}\" data-image-title=\"ave\" data-image-description=\"\" data-image-caption=\"\" data-medium-file=\"https:\/\/i0.wp.com\/blogdalucianaoliveira.com.br\/blog\/wp-content\/uploads\/2019\/02\/ave.jpg?fit=300%2C200\" data-large-file=\"https:\/\/i0.wp.com\/blogdalucianaoliveira.com.br\/blog\/wp-content\/uploads\/2019\/02\/ave.jpg?fit=600%2C400\" src=\"https:\/\/i0.wp.com\/blogdalucianaoliveira.com.br\/blog\/wp-content\/uploads\/2019\/02\/ave.jpg?resize=600%2C400\" alt=\"ave\" width=\"600\" height=\"400\" class=\"alignnone size-full wp-image-20424\" srcset=\"https:\/\/i0.wp.com\/blogdalucianaoliveira.com.br\/blog\/wp-content\/uploads\/2019\/02\/ave.jpg?w=960 960w, https:\/\/i0.wp.com\/blogdalucianaoliveira.com.br\/blog\/wp-content\/uploads\/2019\/02\/ave.jpg?resize=300%2C200 300w, https:\/\/i0.wp.com\/blogdalucianaoliveira.com.br\/blog\/wp-content\/uploads\/2019\/02\/ave.jpg?resize=768%2C512 768w, https:\/\/i0.wp.com\/blogdalucianaoliveira.com.br\/blog\/wp-content\/uploads\/2019\/02\/ave.jpg?resize=450%2C300 450w\" sizes=\"auto, (max-width: 600px) 100vw, 600px\" \/><\/p>\n<p>No Rond\u00f4nia Din\u00e2mica &#8211; Porto Velho, RO \u2013 O primeiro pronunciamento do deputado federal Coronel Chris\u00f3stomo (PSL) na C\u00e2mara dos Deputados, em Bras\u00edlia, foi marcado pelo histrionismo vocal.<!--more--><\/p>\n<p>O parlamentar discursou ontem (07) ao usar o p\u00falpito da Casa.<\/p>\n<p>Aos berros e com a boca pr\u00f3xima ao microfone, o liberal, h\u00e1 pouco conhecido em Porto Velho por ocupar a Secretaria Municipal de Infraestrutura, Urbanismo e Servi\u00e7os B\u00e1sicos (Semisb) na gest\u00e3o Hildon Chaves (PSDB), de onde fora exonerado, o engenheiro e coronel da reserva apresentou suas credenciais ao Brasil e elegeu como prioridade expor as diferen\u00e7as salariais entre militares e promotores de Justi\u00e7a.<\/p>\n<p>\u201cBrasil, n\u00f3s ganhamos pouco!\u201d, esbravejou enquanto a veia da t\u00eampora esquerda pulsava com a mesma veem\u00eancia violenta da ret\u00f3rica.<\/p>\n<div class=\"jetpack-video-wrapper\"><iframe loading=\"lazy\" title=\"#PSL   Chris\u00f3stomo aos berros faz comparativo salarial de comandantes e promotores\" width=\"600\" height=\"338\" src=\"https:\/\/www.youtube.com\/embed\/fDpn5uwYNag?feature=oembed\" frameborder=\"0\" allow=\"accelerometer; autoplay; clipboard-write; encrypted-media; gyroscope; picture-in-picture; web-share\" referrerpolicy=\"strict-origin-when-cross-origin\" allowfullscreen><\/iframe><\/div>\n","protected":false},"excerpt":{"rendered":"<p>No Rond\u00f4nia Din\u00e2mica &#8211; Porto Velho, RO \u2013 O primeiro pronunciamento do deputado federal Coronel Chris\u00f3stomo (PSL) na C\u00e2mara dos Deputados, em Bras\u00edlia, foi marcado pelo histrionismo vocal.<\/p>\n","protected":false},"author":1,"featured_media":0,"comment_status":"closed","ping_status":"open","sticky":false,"template":"","format":"standard","meta":{"_exactmetrics_skip_tracking":false,"_exactmetrics_sitenote_active":false,"_exactmetrics_sitenote_note":"","_exactmetrics_sitenote_category":0,"jetpack_post_was_ever_published":false,"_jetpack_newsletter_access":"","_jetpack_dont_email_post_to_subs":false,"_jetpack_newsletter_tier_id":0,"_jetpack_memberships_contains_paywalled_content":false,"_jetpack_memberships_contains_paid_content":false,"footnotes":"","jetpack_publicize_message":"","jetpack_publicize_feature_enabled":true,"jetpack_social_post_already_shared":true,"jetpack_social_options":{"image_generator_settings":{"template":"highway","enabled":false},"version":2}},"categories":[1],"tags":[],"class_list":["post-20423","post","type-post","status-publish","format-standard","hentry","category-notas"],"jetpack_publicize_connections":[],"jetpack_sharing_enabled":true,"jetpack_featured_media_url":"","jetpack_shortlink":"https:\/\/wp.me\/p7wKYW-5jp","jetpack-related-posts":[],"_links":{"self":[{"href":"http:\/\/blogdalucianaoliveira.com.br\/blog\/wp-json\/wp\/v2\/posts\/20423","targetHints":{"allow":["GET"]}}],"collection":[{"href":"http:\/\/blogdalucianaoliveira.com.br\/blog\/wp-json\/wp\/v2\/posts"}],"about":[{"href":"http:\/\/blogdalucianaoliveira.com.br\/blog\/wp-json\/wp\/v2\/types\/post"}],"author":[{"embeddable":true,"href":"http:\/\/blogdalucianaoliveira.com.br\/blog\/wp-json\/wp\/v2\/users\/1"}],"replies":[{"embeddable":true,"href":"http:\/\/blogdalucianaoliveira.com.br\/blog\/wp-json\/wp\/v2\/comments?post=20423"}],"version-history":[{"count":2,"href":"http:\/\/blogdalucianaoliveira.com.br\/blog\/wp-json\/wp\/v2\/posts\/20423\/revisions"}],"predecessor-version":[{"id":20426,"href":"http:\/\/blogdalucianaoliveira.com.br\/blog\/wp-json\/wp\/v2\/posts\/20423\/revisions\/20426"}],"wp:attachment":[{"href":"http:\/\/blogdalucianaoliveira.com.br\/blog\/wp-json\/wp\/v2\/media?parent=20423"}],"wp:term":[{"taxonomy":"category","embeddable":true,"href":"http:\/\/blogdalucianaoliveira.com.br\/blog\/wp-json\/wp\/v2\/categories?post=20423"},{"taxonomy":"post_tag","embeddable":true,"href":"http:\/\/blogdalucianaoliveira.com.br\/blog\/wp-json\/wp\/v2\/tags?post=20423"}],"curies":[{"name":"wp","href":"https:\/\/api.w.org\/{rel}","templated":true}]}}