{"id":20431,"date":"2019-02-09T08:15:45","date_gmt":"2019-02-09T12:15:45","guid":{"rendered":"http:\/\/blogdalucianaoliveira.com.br\/blog\/?p=20431"},"modified":"2019-02-09T08:15:45","modified_gmt":"2019-02-09T12:15:45","slug":"presidente-da-oab-rebate-ataques-contra-ele-na-internet","status":"publish","type":"post","link":"http:\/\/blogdalucianaoliveira.com.br\/blog\/2019\/02\/09\/presidente-da-oab-rebate-ataques-contra-ele-na-internet\/","title":{"rendered":"PRESIDENTE DA OAB REBATE ATAQUES CONTRA ELE NA INTERNET"},"content":{"rendered":"<p><img data-recalc-dims=\"1\" loading=\"lazy\" decoding=\"async\" data-attachment-id=\"20432\" data-permalink=\"http:\/\/blogdalucianaoliveira.com.br\/blog\/2019\/02\/09\/presidente-da-oab-rebate-ataques-contra-ele-na-internet\/69bc66b4-865e-48d1-9c45-a2e2b7c421ff\/\" data-orig-file=\"https:\/\/i0.wp.com\/blogdalucianaoliveira.com.br\/blog\/wp-content\/uploads\/2019\/02\/69BC66B4-865E-48D1-9C45-A2E2B7C421FF.jpeg?fit=480%2C240\" data-orig-size=\"480,240\" data-comments-opened=\"0\" data-image-meta=\"{&quot;aperture&quot;:&quot;0&quot;,&quot;credit&quot;:&quot;&quot;,&quot;camera&quot;:&quot;&quot;,&quot;caption&quot;:&quot;&quot;,&quot;created_timestamp&quot;:&quot;0&quot;,&quot;copyright&quot;:&quot;&quot;,&quot;focal_length&quot;:&quot;0&quot;,&quot;iso&quot;:&quot;0&quot;,&quot;shutter_speed&quot;:&quot;0&quot;,&quot;title&quot;:&quot;&quot;,&quot;orientation&quot;:&quot;0&quot;}\" data-image-title=\"69BC66B4-865E-48D1-9C45-A2E2B7C421FF\" data-image-description=\"\" data-image-caption=\"\" data-medium-file=\"https:\/\/i0.wp.com\/blogdalucianaoliveira.com.br\/blog\/wp-content\/uploads\/2019\/02\/69BC66B4-865E-48D1-9C45-A2E2B7C421FF.jpeg?fit=300%2C150\" data-large-file=\"https:\/\/i0.wp.com\/blogdalucianaoliveira.com.br\/blog\/wp-content\/uploads\/2019\/02\/69BC66B4-865E-48D1-9C45-A2E2B7C421FF.jpeg?fit=480%2C240\" src=\"https:\/\/i0.wp.com\/blogdalucianaoliveira.com.br\/blog\/wp-content\/uploads\/2019\/02\/69BC66B4-865E-48D1-9C45-A2E2B7C421FF.jpeg?resize=480%2C240\" alt=\"69BC66B4-865E-48D1-9C45-A2E2B7C421FF\" width=\"480\" height=\"240\" class=\"alignnone size-full wp-image-20432\" srcset=\"https:\/\/i0.wp.com\/blogdalucianaoliveira.com.br\/blog\/wp-content\/uploads\/2019\/02\/69BC66B4-865E-48D1-9C45-A2E2B7C421FF.jpeg?w=480 480w, https:\/\/i0.wp.com\/blogdalucianaoliveira.com.br\/blog\/wp-content\/uploads\/2019\/02\/69BC66B4-865E-48D1-9C45-A2E2B7C421FF.jpeg?resize=300%2C150 300w\" sizes=\"auto, (max-width: 480px) 100vw, 480px\" \/><\/p>\n<p>247 &#8211; O presidente nacional da Ordem dos Advogados do Brasil (OAB), Felipe Santa Cruz, divulgou nota denunciando ataques que vem sofrendo nas redes sociais com dissemina\u00e7\u00e3o de not\u00edcias falsas. <!--more--><\/p>\n<p>&#8220;Bateram na porta errada, pois acredito que a fun\u00e7\u00e3o da Ordem nessa quadra hist\u00f3rica \u00e9 criar no mundo do DIREITO, pressuposto da democracia, um ambiente capaz de produzir discuss\u00f5es t\u00e9cnicas que possam garantir o exerc\u00edcio livre da DEFESA, com a m\u00e1xima liberdade de manifesta\u00e7\u00e3o das ideias. Construir pontes onde h\u00e1 pessoas cavando fossos e, assim, alcan\u00e7ar alguma paz social. Por \u00f3bvio, quem se alimenta e vive do \u00f3dio n\u00e3o quer a supera\u00e7\u00e3o do momento de conflito agudo&#8221;, disse Santa Cruz. <\/p>\n<p>Leia, abaixo, a nota na \u00edntegra:<\/p>\n<p>Amigos,<\/p>\n<p>Nas \u00faltimas 24 horas tenho sido alvo de furiosos ataques nas redes. Rob\u00f4s pagos por movimentos extremistas e pessoas levadas por falsas manchetes simplesmente ocupam a rede com violentas mensagens, algumas verdadeiramente preocupantes, como aquele que diz que &#8220;as redes sociais querem o meu FIM&#8221;. O crime que justificaria minha elimina\u00e7\u00e3o? Dizer que h\u00e1 no pa\u00eds ampla garantia para qualquer investiga\u00e7\u00e3o, que h\u00e1 no pa\u00eds absoluta unanimidade sobre a necessidade da luta contra a impunidade, mas que o pa\u00eds \u00e9 muito mais do que isso e que precisa urgentemente, entre outras coisas, reencontrar a agenda do crescimento econ\u00f4mico que possa devolver a esperan\u00e7a de dias melhores ao nosso povo. Sim, defendo que o Estado n\u00e3o gera riquezas e que a estabilidade jur\u00eddica deve ser rotina dos povos que querem progredir atrav\u00e9s do trabalho, do respeito ao meio ambiente, \u00e0s minorias, aos contratos etc.<\/p>\n<p>O ataque que sofro, travestido e insuflado pela falsa motiva\u00e7\u00e3o de uma declara\u00e7\u00e3o que n\u00e3o dei sobre fim imediato de qualquer investiga\u00e7\u00e3o antes que se esgote o seu objeto, com o uso danoso e cotidiano de not\u00edcias falsas, demonstra claramente a inten\u00e7\u00e3o de calar nossa voz atrav\u00e9s do medo. Bateram na porta errada, pois acredito que a fun\u00e7\u00e3o da Ordem nessa quadra hist\u00f3rica \u00e9 criar no mundo do DIREITO, pressuposto da democracia, um ambiente capaz de produzir discuss\u00f5es t\u00e9cnicas que possam garantir o exerc\u00edcio livre da DEFESA, com a m\u00e1xima liberdade de manifesta\u00e7\u00e3o das ideias. Construir pontes onde h\u00e1 pessoas cavando fossos e, assim, alcan\u00e7ar alguma paz social. Por \u00f3bvio, quem se alimenta e vive do \u00f3dio n\u00e3o quer a supera\u00e7\u00e3o do momento de conflito agudo. N\u00e3o quer ouvir sobre o DIREITO de ningu\u00e9m, sobre o drama do pr\u00f3ximo.<\/p>\n<p>Muitos se deixam levar pelo rancor movidos por compreens\u00edvel desesperan\u00e7a. Como eu disse na minha fala de ontem na Bahia: vamos dialogar atrav\u00e9s do DIREITO, n\u00e3o ocupamos a arena da pol\u00edtica partid\u00e1ria e buscaremos atrair para esse debate at\u00e9 os que, polarizados e cegos por ideologias, n\u00e3o acreditam ser poss\u00edvel superar o atual momento. \u00c9 uma grande tarefa que precisa de toda a advocacia do Brasil. Ou \u00e9 isso ou, calados, cuidando justa e pacatamente das nossas vidas, mesmo sendo a maioria silenciosa, nos deixaremos levar pela frustra\u00e7\u00e3o, imputando aos outros todas as nossas decep\u00e7\u00f5es com as graves falhas do mundo que nos cerca. Algu\u00e9m acredita que o \u00f3dio constr\u00f3i? F\u00e9 na vida&#8230;<\/p>\n","protected":false},"excerpt":{"rendered":"<p>247 &#8211; O presidente nacional da Ordem dos Advogados do Brasil (OAB), Felipe Santa Cruz, divulgou nota denunciando ataques que vem sofrendo nas redes sociais com dissemina\u00e7\u00e3o de not\u00edcias falsas.<\/p>\n","protected":false},"author":1,"featured_media":0,"comment_status":"closed","ping_status":"open","sticky":false,"template":"","format":"standard","meta":{"_exactmetrics_skip_tracking":false,"_exactmetrics_sitenote_active":false,"_exactmetrics_sitenote_note":"","_exactmetrics_sitenote_category":0,"jetpack_post_was_ever_published":false,"_jetpack_newsletter_access":"","_jetpack_dont_email_post_to_subs":false,"_jetpack_newsletter_tier_id":0,"_jetpack_memberships_contains_paywalled_content":false,"_jetpack_memberships_contains_paid_content":false,"footnotes":"","jetpack_publicize_message":"","jetpack_publicize_feature_enabled":true,"jetpack_social_post_already_shared":true,"jetpack_social_options":{"image_generator_settings":{"template":"highway","enabled":false},"version":2}},"categories":[1],"tags":[],"class_list":["post-20431","post","type-post","status-publish","format-standard","hentry","category-notas"],"jetpack_publicize_connections":[],"jetpack_sharing_enabled":true,"jetpack_featured_media_url":"","jetpack_shortlink":"https:\/\/wp.me\/p7wKYW-5jx","jetpack-related-posts":[],"_links":{"self":[{"href":"http:\/\/blogdalucianaoliveira.com.br\/blog\/wp-json\/wp\/v2\/posts\/20431","targetHints":{"allow":["GET"]}}],"collection":[{"href":"http:\/\/blogdalucianaoliveira.com.br\/blog\/wp-json\/wp\/v2\/posts"}],"about":[{"href":"http:\/\/blogdalucianaoliveira.com.br\/blog\/wp-json\/wp\/v2\/types\/post"}],"author":[{"embeddable":true,"href":"http:\/\/blogdalucianaoliveira.com.br\/blog\/wp-json\/wp\/v2\/users\/1"}],"replies":[{"embeddable":true,"href":"http:\/\/blogdalucianaoliveira.com.br\/blog\/wp-json\/wp\/v2\/comments?post=20431"}],"version-history":[{"count":1,"href":"http:\/\/blogdalucianaoliveira.com.br\/blog\/wp-json\/wp\/v2\/posts\/20431\/revisions"}],"predecessor-version":[{"id":20433,"href":"http:\/\/blogdalucianaoliveira.com.br\/blog\/wp-json\/wp\/v2\/posts\/20431\/revisions\/20433"}],"wp:attachment":[{"href":"http:\/\/blogdalucianaoliveira.com.br\/blog\/wp-json\/wp\/v2\/media?parent=20431"}],"wp:term":[{"taxonomy":"category","embeddable":true,"href":"http:\/\/blogdalucianaoliveira.com.br\/blog\/wp-json\/wp\/v2\/categories?post=20431"},{"taxonomy":"post_tag","embeddable":true,"href":"http:\/\/blogdalucianaoliveira.com.br\/blog\/wp-json\/wp\/v2\/tags?post=20431"}],"curies":[{"name":"wp","href":"https:\/\/api.w.org\/{rel}","templated":true}]}}