{"id":20441,"date":"2019-02-10T20:23:23","date_gmt":"2019-02-11T00:23:23","guid":{"rendered":"http:\/\/blogdalucianaoliveira.com.br\/blog\/?p=20441"},"modified":"2019-02-10T20:25:54","modified_gmt":"2019-02-11T00:25:54","slug":"revelacao-de-candidatos-laranjas-constrange-psl-e-governo-e-bolsonaro-nao-atende-ministro","status":"publish","type":"post","link":"http:\/\/blogdalucianaoliveira.com.br\/blog\/2019\/02\/10\/revelacao-de-candidatos-laranjas-constrange-psl-e-governo-e-bolsonaro-nao-atende-ministro\/","title":{"rendered":"Revela\u00e7\u00e3o de candidatos laranjas constrange PSL e governo, e Bolsonaro n\u00e3o atende ministro"},"content":{"rendered":"<p><img data-recalc-dims=\"1\" loading=\"lazy\" decoding=\"async\" data-attachment-id=\"20442\" data-permalink=\"http:\/\/blogdalucianaoliveira.com.br\/blog\/2019\/02\/10\/revelacao-de-candidatos-laranjas-constrange-psl-e-governo-e-bolsonaro-nao-atende-ministro\/8b23859c-224e-4a38-8d0d-6e0886e9c88b\/\" data-orig-file=\"https:\/\/i0.wp.com\/blogdalucianaoliveira.com.br\/blog\/wp-content\/uploads\/2019\/02\/8B23859C-224E-4A38-8D0D-6E0886E9C88B.jpeg?fit=643%2C477\" data-orig-size=\"643,477\" data-comments-opened=\"0\" data-image-meta=\"{&quot;aperture&quot;:&quot;0&quot;,&quot;credit&quot;:&quot;&quot;,&quot;camera&quot;:&quot;&quot;,&quot;caption&quot;:&quot;&quot;,&quot;created_timestamp&quot;:&quot;0&quot;,&quot;copyright&quot;:&quot;&quot;,&quot;focal_length&quot;:&quot;0&quot;,&quot;iso&quot;:&quot;0&quot;,&quot;shutter_speed&quot;:&quot;0&quot;,&quot;title&quot;:&quot;&quot;,&quot;orientation&quot;:&quot;0&quot;}\" data-image-title=\"8B23859C-224E-4A38-8D0D-6E0886E9C88B\" data-image-description=\"\" data-image-caption=\"\" data-medium-file=\"https:\/\/i0.wp.com\/blogdalucianaoliveira.com.br\/blog\/wp-content\/uploads\/2019\/02\/8B23859C-224E-4A38-8D0D-6E0886E9C88B.jpeg?fit=300%2C223\" data-large-file=\"https:\/\/i0.wp.com\/blogdalucianaoliveira.com.br\/blog\/wp-content\/uploads\/2019\/02\/8B23859C-224E-4A38-8D0D-6E0886E9C88B.jpeg?fit=600%2C445\" class=\"alignnone size-full wp-image-20442\" src=\"https:\/\/i0.wp.com\/blogdalucianaoliveira.com.br\/blog\/wp-content\/uploads\/2019\/02\/8B23859C-224E-4A38-8D0D-6E0886E9C88B.jpeg?resize=600%2C445\" alt=\"8B23859C-224E-4A38-8D0D-6E0886E9C88B\" width=\"600\" height=\"445\" srcset=\"https:\/\/i0.wp.com\/blogdalucianaoliveira.com.br\/blog\/wp-content\/uploads\/2019\/02\/8B23859C-224E-4A38-8D0D-6E0886E9C88B.jpeg?w=643 643w, https:\/\/i0.wp.com\/blogdalucianaoliveira.com.br\/blog\/wp-content\/uploads\/2019\/02\/8B23859C-224E-4A38-8D0D-6E0886E9C88B.jpeg?resize=300%2C223 300w, https:\/\/i0.wp.com\/blogdalucianaoliveira.com.br\/blog\/wp-content\/uploads\/2019\/02\/8B23859C-224E-4A38-8D0D-6E0886E9C88B.jpeg?resize=404%2C300 404w\" sizes=\"auto, (max-width: 600px) 100vw, 600px\" \/><\/p>\n<p>&nbsp;<\/p>\n<p>A revela\u00e7\u00e3o da Folha de que uma inexpressiva candidata do PSL em Pernambuco recebeu a terceira maior fatia da verba p\u00fablica de campanha do PSL \u00a0causou constrangimento no partido e no governo, que abrigaram neste domingo (10) discuss\u00f5es internas sobre o caso.<!--more--><\/p>\n<p>Reportagem da <strong>Folha <\/strong>publicada neste domingo mostra que <a href=\"https:\/\/www1.folha.uol.com.br\/poder\/2019\/02\/nao-me-lembro-de-tudo-diz-candidata-laranja-que-recebeu-r-400-mil-do-partido-de-bolsonaro.shtml\">Maria de Lourdes Paix\u00e3o<\/a> obteve apenas 274 votos apesar de ter recebido R$ 400 mil do fundo partid\u00e1rio do PSL quatro dias antes da elei\u00e7\u00e3o. Ela se tornou candidata por decis\u00e3o do grupo pol\u00edtico de <a href=\"https:\/\/www1.folha.uol.com.br\/poder\/2019\/02\/politica-nao-e-muito-da-mulher-diz-presidente-nacional-do-psl.shtml\">Luciano Bivar<\/a>, presidente nacional do PSL, partido de <a href=\"https:\/\/www1.folha.uol.com.br\/poder\/2019\/02\/politica-nao-e-muito-da-mulher-diz-presidente-nacional-do-psl.shtml\">Jair Bolsonaro<\/a>.<\/p>\n<p>Nem a candidata nem a\u00a0<a href=\"https:\/\/www1.folha.uol.com.br\/poder\/2019\/02\/r-380-mil-aqui-pergunta-gerente-de-grafica-onde-psl-afirma-ter-gasto-esse-valor.shtml\">gr\u00e1fica\u00a0<\/a>para a qual ela diz ter direcionado a maior parte do dinheiro souberam explicar detalhes da suposta campanha.<\/p>\n<div class=\"js-continue-reading-content-hidden\">\n<p>Bivar\u00a0deu neste domingo explica\u00e7\u00f5es sobre o epis\u00f3dio no grupo de\u00a0WhatsApp\u00a0que re\u00fane os parlamentares da legenda. Foi defendido por dirigentes estaduais, mas, segundo relatos, a maioria dos congressistas (55 deputados federais e 4 senadores) se manteve calada.<\/p>\n<div>\n<div class=\"widget-image\">\n<figure><img data-recalc-dims=\"1\" decoding=\"async\" class=\"img-responsive\" src=\"https:\/\/i0.wp.com\/f.i.uol.com.br\/fotografia\/2018\/10\/29\/15408586155bd7a2f72d34c_1540858615_3x2_md.jpg?w=600&#038;ssl=1\" sizes=\"(min-width: 1024px) 68vw, 100vw\" srcset=\"https:\/\/f.i.uol.com.br\/fotografia\/2018\/10\/29\/15408586155bd7a2f72d34c_1540858615_3x2_th.jpg 100w, https:\/\/f.i.uol.com.br\/fotografia\/2018\/10\/29\/15408586155bd7a2f72d34c_1540858615_3x2_sm.jpg 480w, https:\/\/f.i.uol.com.br\/fotografia\/2018\/10\/29\/15408586155bd7a2f72d34c_1540858615_3x2_md.jpg 768w\" alt=\"Jair Bolsonaro e o presidente do PSL Luciano Bivar \" \/><figcaption class=\"widget-image__subtitle\">Jair Bolsonaro e o presidente do PSL Luciano Bivar &#8211; <span class=\"widget-image__credits\">Divulga\u00e7\u00e3o<\/span><\/figcaption><\/figure>\n<\/div>\n<\/div>\n<p>Bastante ativos nas redes sociais, o presidente Jair Bolsonaro (PSL) e seus filhos n\u00e3o se manifestaram diretamente at\u00e9 o in\u00edcio da noite. <a href=\"https:\/\/www1.folha.uol.com.br\/colunas\/monicabergamo\/2018\/12\/filhos-de-bolsonaro-terao-que-amadurecer-avaliam-militares.shtml\">Eduardo Bolsonaro (PSL-SP)<\/a>, por\u00e9m, que \u00e9 deputado federal, compartilhou mensagem de um internauta afirmando ser preciso separar o PSL do presidente, que nada teria a ver com o fato. &#8220;\u00c9 mais uma facada que ele leva.&#8221;<\/p>\n<p>A <strong>Folha <\/strong>apurou que <a href=\"https:\/\/www1.folha.uol.com.br\/poder\/2018\/12\/faixa-preta-bebianno-quer-ser-reconhecido-agora-como-gestor.shtml\">Gustavo Bebianno<\/a>(Secretaria-Geral da Presid\u00eancia) tentou falar neste domingo por telefone com Jair Bolsonaro, para explicar o caso, mas o presidente, que se recupera da cirurgia para a retirada da bolsa de colostomia, n\u00e3o quis atender o ministro.<\/p>\n<p>Bebbiano foi o respons\u00e1vel formal em liberar a verba para a candidata de Pernambuco, j\u00e1 que era presidente interino do PSL nacional durante a campanha. O cargo voltou depois para Bivar, que \u00e9 o fundador da sigla que abrigou Bolsonaro e seu grupo pol\u00edtico no primeiro semestre de 2018.<\/p>\n<p>A <strong>Folha <\/strong>encaminhou perguntas a Bebianno, que n\u00e3o quis se manifestar.<\/p>\n<p>Na semana passada a <strong>Folha <\/strong>havia publicado que o atual ministro do Turismo, Marcelo \u00c1lvaro Ant\u00f4nio, patrocinou um <a href=\"https:\/\/www1.folha.uol.com.br\/poder\/2019\/02\/ministro-de-bolsonaro-criou-candidatos-laranjas-para-desviar-recursos-na-eleicao.shtml\">esquema de candidaturas de fachada<\/a> em Minas que tamb\u00e9m receberam recursos volumosos do fundo eleitoral do PSL nacional e que n\u00e3o tiveram nem 2.000 votos, juntas. Parte do gasto que elas declararam foram para empresas com liga\u00e7\u00e3o com o gabinete de \u00c1lvaro Ant\u00f4nio na C\u00e2mara.<\/p>\n<p>A <strong>Folha<\/strong> enviou perguntas a Bebianno nessa ocasi\u00e3o. Ele tamb\u00e9m n\u00e3o se manifestou. Ap\u00f3s essa\u00a0revela\u00e7\u00e3o, o <a href=\"https:\/\/www1.folha.uol.com.br\/poder\/2019\/02\/se-for-verdadeira-e-grave-diz-mourao-sobre-revelacao-de-esquema-de-ministro.shtml\">vice-presidente, general Hamilton Mour\u00e3o, afirmou que esse caso deveria ser investigado<\/a>.<\/p>\n<p>Desde a campanha, com foco de Bolsonaro em discurso de \u00e9tica e combate \u00e0 corrup\u00e7\u00e3o, Bebbiano n\u00e3o tem bom relacionamento com dois dos filhos do presidente, o deputado federal Eduardo e o vereador Carlos, esse \u00faltimo uma esp\u00e9cie de mentor e coordenador do conte\u00fado das redes sociais do pai.<\/p>\n<p>O l\u00edder do PSL na C\u00e2mara, Delegado Waldir (GO), defendeu Bivar a disse que, como dirigente do partido em Goi\u00e1s, considera a situa\u00e7\u00e3o absolutamente normal.<\/p>\n<div>\n<div class=\"js-gallery-widget\">\n<div id=\"gallery-widget-nova\/\" class=\"gallery-widget\" data-channel=\"poder\">\n<div class=\"gallery-widget__header is-hidden rs_skip\"><\/div>\n<section class=\"gallery-widget-preview\">\n<header class=\"gallery-widget-preview__header\">\n<h3 class=\"gallery-widget-preview__header-title\"><a class=\"js-gallery--show\" href=\"https:\/\/fotografia.folha.uol.com.br\/galerias\/nova\/1611092543897735-eleicoes-2018-jair-bolsonaro#foto-1613629047070601\">Elei\u00e7\u00f5es 2018 &#8211; Jair Bolsonaro<\/a><\/h3>\n<\/header>\n<ul class=\"list-unstyled gallery-widget-preview__list\">\n<li class=\"main\"><a class=\"js-gallery--show\" href=\"https:\/\/fotografia.folha.uol.com.br\/galerias\/nova\/1611092543897735-eleicoes-2018-jair-bolsonaro#foto-1613629047070601\"><img data-recalc-dims=\"1\" decoding=\"async\" class=\"gallery-widget-pre__photo\" src=\"https:\/\/i0.wp.com\/f.i.uol.com.br\/fotografia\/2018\/10\/06\/15388762725bb9637078891_1538876272_4x3_md.jpg?w=600&#038;ssl=1\" alt=\"Elei\u00e7\u00f5es 2018 - Jair Bolsonaro \" \/><\/a><\/li>\n<li><a class=\"js-gallery--show\" href=\"https:\/\/fotografia.folha.uol.com.br\/galerias\/nova\/1611092543897735-eleicoes-2018-jair-bolsonaro#foto-1613629047086337\"><img data-recalc-dims=\"1\" decoding=\"async\" src=\"https:\/\/i0.wp.com\/f.i.uol.com.br\/fotografia\/2018\/10\/06\/15388763195bb9639f0826d_1538876319_16x9_md.jpg?w=600&#038;ssl=1\" alt=\"Apoiadores do candidato Jair Bolsonaro (PSL) fazem carreata na esplanada dos Minist\u00e9rios, na v\u00e9spera das elei\u00e7\u00f5es\" \/><\/a><\/li>\n<li><a class=\"js-gallery--show\" href=\"https:\/\/fotografia.folha.uol.com.br\/galerias\/nova\/1611092543897735-eleicoes-2018-jair-bolsonaro#foto-1613701527198539\"><img data-recalc-dims=\"1\" decoding=\"async\" src=\"https:\/\/i0.wp.com\/f.i.uol.com.br\/fotografia\/2018\/10\/07\/15389167135bba0169d1cf5_1538916713_3x2_md.jpg?w=600&#038;ssl=1\" alt=\"O candidato \u00e0 Presid\u00eancia Jair Bolsonaro (PSL) \u00e9 seguido por eleitores e imprensa na sa\u00edda do local de vota\u00e7\u00e3o, no Rio de Janeiro\" \/><\/a>\n<div class=\"gallery-widget-preview__remaining\"><a class=\"gallery-widget-preview__remaining-value js-gallery--show\" href=\"https:\/\/fotografia.folha.uol.com.br\/galerias\/nova\/1611092543897735-eleicoes-2018-jair-bolsonaro\">+ 45 fotos<\/a><\/div>\n<\/li>\n<\/ul>\n<\/section>\n<\/div>\n<\/div>\n<\/div>\n<p>Bivar (R$ 1,8 milh\u00e3o) e Delegado Waldir (R$ 420 mil), que foram eleitos, foram os dois que mais receberam dinheiro do PSL nacional. A terceira foi Maria de Lourdes Paix\u00e3o, que \u00e9 secret\u00e1ria administrativa do PSL de Pernambuco, terra de Bivar.<\/p>\n<p>Waldir comparou o caso \u00e0s apostas de cavalo.<\/p>\n<p>&#8220;Voc\u00ea j\u00e1 foi em j\u00f3quei? J\u00e1 fez aposta, quando come\u00e7ou a Copa do Mundo, por exemplo? Bol\u00e3o? Nem sempre aquilo que voc\u00ea aposta vai ser o primeiro lugar. \u00c0s vezes um grande time acaba sendo rebaixado, n\u00f3s n\u00e3o temos bola de cristal. Ele apostou em mim e eu fui o l\u00edder de votos no pa\u00eds, proporcionalmente. Ele apostou em mim e deu certo, mas apostou na outra candidata e n\u00e3o deu.&#8221;<\/p>\n<p>O deputado tamb\u00e9m disse n\u00e3o ver problema na transfer\u00eancia do dinheiro para Lourdes Paix\u00e3o \u00e0s v\u00e9speras da elei\u00e7\u00e3o. Segundo ele, \u00e9 poss\u00edvel a apenas um funcion\u00e1rio distribuir nove milh\u00f5es de santinhos em um \u00fanico dia.<\/p>\n<p>A <strong>Folha <\/strong>tentou ouvir todas as parlamentares eleitas do PSL. Algumas s\u00f3 aceitaram falar sob condi\u00e7\u00e3o do anonimato, outras n\u00e3o quiseram se manifestar.<\/p>\n<div>\n<div id=\"infographic-1\" class=\"widget-infographic js-widget-infographic\" data-url=\"https:\/\/arte.folha.uol.com.br\/poder\/2019\/02\/10\/como-ocorreu-o-repasse-do-psl-a-candidata-laranja\/\" data-infographic-id=\"infographic-1\"><iframe loading=\"lazy\" src=\"https:\/\/arte.folha.uol.com.br\/poder\/2019\/02\/10\/como-ocorreu-o-repasse-do-psl-a-candidata-laranja\/?initialWidth=1&amp;childId=infographic-1&amp;parentTitle=Revela%C3%A7%C3%A3o%20de%20candidatos%20laranjas%20constrange%20PSL%20e%20governo%2C%20e%20Bolsonaro%20n%C3%A3o%20atende%20ministro%20-%2010%2F02%2F2019%20-%20Poder%20-%20Folha&amp;parentUrl=https%3A%2F%2Fwww1.folha.uol.com.br%2Fpoder%2F2019%2F02%2Frevelacao-de-candidatos-laranjas-constrange-psl-e-governo-e-bolsonaro-nao-atende-ministro.shtml%3Floggedpaywall%23_%3D_%3Floggedpaywall\" width=\"100%\" height=\"1029px\" frameborder=\"0\" marginheight=\"0\" scrolling=\"no\" data-mce-fragment=\"1\"><\/iframe><\/div>\n<\/div>\n<p>As que deram declara\u00e7\u00f5es p\u00fablicas defenderam investiga\u00e7\u00e3o, caso, afirmam, haja elementos para suspeita.<\/p>\n<p>&#8220;Dr. Bebbiano me ofereceu o fundo eleitoral, sem pedir nada em troca, e eu recusei. Defendo a extin\u00e7\u00e3o tanto do fundo eleitoral como do fundo partid\u00e1rio&#8221;, disse Janaina Paschoal (SP), a deputada estadual mais votada do pa\u00eds. &#8220;\u00c9 preciso tentar compreender se houve produ\u00e7\u00e3o de material de dobrada [quando aparecem um candidato a deputado federal e outro a estadual, por exemplo], o que seria l\u00edcito, ou se houve a utiliza\u00e7\u00e3o das candidatas. O simples fato de as candidatas n\u00e3o terem sido eleitas n\u00e3o significa que sejam laranjas. Acho importante esclarecer melhor&#8221;, acrescentou.<\/p>\n<p>&#8220;Se realmente tiver acontecido isso, acredito que tenha que ser investigado, seja de qual partido for&#8221;, afirmou a deputada federal Carla Zambelli (PSL-SP).<\/p>\n<p>As duas, Paschoal e Zambelli, n\u00e3o receberam verba do PSL para suas campanhas e defendem o fim do direcionamento de dinheiro p\u00fablico para os candidatos.<\/p>\n<p>Parlamentares da oposi\u00e7\u00e3o se manifestaram de forma cr\u00edtica nas redes sociais.<\/p>\n<p>&#8220;\u00c9 o terceiro caso de laranjas usados pelo PSL. O primeiro foi Fl\u00e1vio Bolsonaro [caso de seu ex-motorista, Fabr\u00edcio Queiroz]. O segundo foi o Ministro do Turismo. Agora Luciano Bivar. PSL, Partido Suco de Laranja&#8221;, escreveu o deputado federal Paulo Teixeira (PT-SP).<\/p>\n<p>&#8220;Primeiro foi o Queiroz, Fl\u00e1vio e Jair Bolsonaro com o seu laranjal nos gabinetes. Depois o Ministro do Turismo com candidatas laranjas. Hoje na <strong>Folha<\/strong>, PSL criou candidata laranja para usar verba p\u00fablica de R$ 400 mil, quatro dias antes das elei\u00e7\u00f5es. Teve 274 votos. T\u00e3o chamando de Partido S\u00f3 de Laranjas (PSL)&#8221;, escreveu Ivan Valente (SP), l\u00edder da bancada do PSOL na C\u00e2mara.<\/p>\n<\/div>\n","protected":false},"excerpt":{"rendered":"<p>&nbsp; A revela\u00e7\u00e3o da Folha de que uma inexpressiva candidata do PSL em Pernambuco recebeu a terceira maior fatia da verba p\u00fablica de campanha do PSL \u00a0causou constrangimento no partido e no governo, que abrigaram neste domingo (10) discuss\u00f5es internas sobre o caso.<\/p>\n","protected":false},"author":1,"featured_media":0,"comment_status":"closed","ping_status":"open","sticky":false,"template":"","format":"standard","meta":{"_exactmetrics_skip_tracking":false,"_exactmetrics_sitenote_active":false,"_exactmetrics_sitenote_note":"","_exactmetrics_sitenote_category":0,"jetpack_post_was_ever_published":false,"_jetpack_newsletter_access":"","_jetpack_dont_email_post_to_subs":false,"_jetpack_newsletter_tier_id":0,"_jetpack_memberships_contains_paywalled_content":false,"_jetpack_memberships_contains_paid_content":false,"footnotes":"","jetpack_publicize_message":"","jetpack_publicize_feature_enabled":true,"jetpack_social_post_already_shared":true,"jetpack_social_options":{"image_generator_settings":{"template":"highway","enabled":false},"version":2}},"categories":[1],"tags":[],"class_list":["post-20441","post","type-post","status-publish","format-standard","hentry","category-notas"],"jetpack_publicize_connections":[],"jetpack_sharing_enabled":true,"jetpack_featured_media_url":"","jetpack_shortlink":"https:\/\/wp.me\/p7wKYW-5jH","jetpack-related-posts":[],"_links":{"self":[{"href":"http:\/\/blogdalucianaoliveira.com.br\/blog\/wp-json\/wp\/v2\/posts\/20441","targetHints":{"allow":["GET"]}}],"collection":[{"href":"http:\/\/blogdalucianaoliveira.com.br\/blog\/wp-json\/wp\/v2\/posts"}],"about":[{"href":"http:\/\/blogdalucianaoliveira.com.br\/blog\/wp-json\/wp\/v2\/types\/post"}],"author":[{"embeddable":true,"href":"http:\/\/blogdalucianaoliveira.com.br\/blog\/wp-json\/wp\/v2\/users\/1"}],"replies":[{"embeddable":true,"href":"http:\/\/blogdalucianaoliveira.com.br\/blog\/wp-json\/wp\/v2\/comments?post=20441"}],"version-history":[{"count":4,"href":"http:\/\/blogdalucianaoliveira.com.br\/blog\/wp-json\/wp\/v2\/posts\/20441\/revisions"}],"predecessor-version":[{"id":20446,"href":"http:\/\/blogdalucianaoliveira.com.br\/blog\/wp-json\/wp\/v2\/posts\/20441\/revisions\/20446"}],"wp:attachment":[{"href":"http:\/\/blogdalucianaoliveira.com.br\/blog\/wp-json\/wp\/v2\/media?parent=20441"}],"wp:term":[{"taxonomy":"category","embeddable":true,"href":"http:\/\/blogdalucianaoliveira.com.br\/blog\/wp-json\/wp\/v2\/categories?post=20441"},{"taxonomy":"post_tag","embeddable":true,"href":"http:\/\/blogdalucianaoliveira.com.br\/blog\/wp-json\/wp\/v2\/tags?post=20441"}],"curies":[{"name":"wp","href":"https:\/\/api.w.org\/{rel}","templated":true}]}}