{"id":20447,"date":"2019-02-10T20:30:16","date_gmt":"2019-02-11T00:30:16","guid":{"rendered":"http:\/\/blogdalucianaoliveira.com.br\/blog\/?p=20447"},"modified":"2019-02-10T20:30:16","modified_gmt":"2019-02-11T00:30:16","slug":"espionagem-e-ainda-mais-grave-acao-atinge-vaticano-e-ongs-ambientais-internacionais","status":"publish","type":"post","link":"http:\/\/blogdalucianaoliveira.com.br\/blog\/2019\/02\/10\/espionagem-e-ainda-mais-grave-acao-atinge-vaticano-e-ongs-ambientais-internacionais\/","title":{"rendered":"ESPIONAGEM \u00c9 AINDA MAIS GRAVE: A\u00c7\u00c3O ATINGE VATICANO E ONGS AMBIENTAIS INTERNACIONAIS"},"content":{"rendered":"<p><img data-recalc-dims=\"1\" loading=\"lazy\" decoding=\"async\" data-attachment-id=\"20448\" data-permalink=\"http:\/\/blogdalucianaoliveira.com.br\/blog\/2019\/02\/10\/espionagem-e-ainda-mais-grave-acao-atinge-vaticano-e-ongs-ambientais-internacionais\/db79bc15-c496-4525-9492-e4d0df0eae54\/\" data-orig-file=\"https:\/\/i0.wp.com\/blogdalucianaoliveira.com.br\/blog\/wp-content\/uploads\/2019\/02\/DB79BC15-C496-4525-9492-E4D0DF0EAE54.jpeg?fit=480%2C240\" data-orig-size=\"480,240\" data-comments-opened=\"0\" data-image-meta=\"{&quot;aperture&quot;:&quot;0&quot;,&quot;credit&quot;:&quot;&quot;,&quot;camera&quot;:&quot;&quot;,&quot;caption&quot;:&quot;&quot;,&quot;created_timestamp&quot;:&quot;0&quot;,&quot;copyright&quot;:&quot;&quot;,&quot;focal_length&quot;:&quot;0&quot;,&quot;iso&quot;:&quot;0&quot;,&quot;shutter_speed&quot;:&quot;0&quot;,&quot;title&quot;:&quot;&quot;,&quot;orientation&quot;:&quot;0&quot;}\" data-image-title=\"DB79BC15-C496-4525-9492-E4D0DF0EAE54\" data-image-description=\"\" data-image-caption=\"\" data-medium-file=\"https:\/\/i0.wp.com\/blogdalucianaoliveira.com.br\/blog\/wp-content\/uploads\/2019\/02\/DB79BC15-C496-4525-9492-E4D0DF0EAE54.jpeg?fit=300%2C150\" data-large-file=\"https:\/\/i0.wp.com\/blogdalucianaoliveira.com.br\/blog\/wp-content\/uploads\/2019\/02\/DB79BC15-C496-4525-9492-E4D0DF0EAE54.jpeg?fit=480%2C240\" src=\"https:\/\/i0.wp.com\/blogdalucianaoliveira.com.br\/blog\/wp-content\/uploads\/2019\/02\/DB79BC15-C496-4525-9492-E4D0DF0EAE54.jpeg?resize=480%2C240\" alt=\"DB79BC15-C496-4525-9492-E4D0DF0EAE54\" width=\"480\" height=\"240\" class=\"alignnone size-full wp-image-20448\" srcset=\"https:\/\/i0.wp.com\/blogdalucianaoliveira.com.br\/blog\/wp-content\/uploads\/2019\/02\/DB79BC15-C496-4525-9492-E4D0DF0EAE54.jpeg?w=480 480w, https:\/\/i0.wp.com\/blogdalucianaoliveira.com.br\/blog\/wp-content\/uploads\/2019\/02\/DB79BC15-C496-4525-9492-E4D0DF0EAE54.jpeg?resize=300%2C150 300w\" sizes=\"auto, (max-width: 480px) 100vw, 480px\" \/><\/p>\n<p>Por Mauro Lopes, editor do 247 &#8211; O esc\u00e2ndalo da espionagem que o governo Bolsonaro est\u00e1 realizando contra a Igreja Cat\u00f3lica no Brasil, admitido abertamente pelo ministro chefe do Gabinete de Seguran\u00e7a Institucional (GSI), Augusto Heleno, numa entrevista sem precedentes, \u00e9 ainda mais grave: a a\u00e7\u00e3o n\u00e3o se restringe ao territ\u00f3rio nacional e \u00e0 Confer\u00eancia dos Bispos do Brasil (CNBB). <!--more--><\/p>\n<p>O Itamaraty, comandando pelo extremista Ernesto Ara\u00fajo, est\u00e1 sendo mobilizado para que a espionagem alcance o Vaticano e organiza\u00e7\u00f5es ambientais internacionais.<\/p>\n<p>\u00c0 experiente rep\u00f3rter T\u00e2nia Monteiro, que h\u00e1 mais de 30 anos cobre o setor militar em Bras\u00edlia, o general Heleno foi direto: &#8220;queremos neutralizar isso a\u00ed&#8221;. Ele se referia ao S\u00ednodo sobre a Amaz\u00f4nia, que o Papa Francisco convocou em 15 de outubro de 2017 e que ter\u00e1 como momento culminante um encontro mundial em Roma, em outubro deste ano. Para l\u00e1 acorrer\u00e3o bispos e cardeais de todo o planeta. Mas o evento convocado pelo Papa n\u00e3o se restringe \u00e0 Igreja Cat\u00f3lica. Representantes de diversas igrejas crist\u00e3s participar\u00e3o do encontro, al\u00e9m de convidados de outros caminhos de espiritualidade, como os budistas, organiza\u00e7\u00f5es ambientais internacionais, e l\u00edderes ind\u00edgenas e de movimentos sociais de toda a Amaz\u00f4nia.<\/p>\n<p>&#8220;Vamos entrar a fundo nisso&#8221;, afirmou o general. Ir fundo, no caso, \u00e9 envolver o governo brasileiro numa opera\u00e7\u00e3o de espionagem ilegal em territ\u00f3rio nacional e estrangeiro para bisbilhotar reuni\u00f5es, encontros, documentos, estrat\u00e9gias e planos que s\u00e3o todos p\u00fablicos ou que s\u00e3o tra\u00e7ados para se tornarem p\u00fablicos a seguir. Com uma l\u00f3gica paranoica, que v\u00ea inimigos em toda parte, Heleno e os militares que o rodeiam imaginam que h\u00e1 uma trama contra o Brasil. \u201cAchamos que isso \u00e9 interfer\u00eancia em assunto interno do Brasil\u201d, disse Heleno. Por um vi\u00e9s ideol\u00f3gico, o general tenta transformar num tema &#8220;brasileiro&#8221; um evento que volta-se para toda a regi\u00e3o amaz\u00f4nica envolvendo nove pa\u00edses e pessoas preocupadas com o destino da floresta e do planeta em v\u00e1rios continentes.<\/p>\n<p>O S\u00ednodo da Amaz\u00f4nia acontece sob o lema \u201cAmaz\u00f4nia: novos caminhos para a Igreja e para uma ecologia integral\u201d. O governo Bolsonaro prepara-se ele como para uma guerra. Como anotou a presidente do PT numa nota sobre o assunto ao final deste domingo, com sua a\u00e7\u00e3o, o governo abala ainda mais a j\u00e1 fragilizada democracia brasileira &#8220;a imagem do Brasil ao redor do mundo&#8221;. De admirado, o pa\u00eds passa a ser visto com repugn\u00e2ncia em todo canto. <\/p>\n<p>\u200c<\/p>\n","protected":false},"excerpt":{"rendered":"<p>Por Mauro Lopes, editor do 247 &#8211; O esc\u00e2ndalo da espionagem que o governo Bolsonaro est\u00e1 realizando contra a Igreja Cat\u00f3lica no Brasil, admitido abertamente pelo ministro chefe do Gabinete de Seguran\u00e7a Institucional (GSI), Augusto Heleno, numa entrevista sem precedentes, \u00e9 ainda mais grave: a a\u00e7\u00e3o n\u00e3o se restringe ao territ\u00f3rio nacional e \u00e0 Confer\u00eancia&#8230;<a class=\"more-link\" href=\"http:\/\/blogdalucianaoliveira.com.br\/blog\/2019\/02\/10\/espionagem-e-ainda-mais-grave-acao-atinge-vaticano-e-ongs-ambientais-internacionais\/\">Continue a leitura <span class=\"meta-nav\">&raquo;<\/span><\/a><\/p>\n","protected":false},"author":1,"featured_media":0,"comment_status":"closed","ping_status":"open","sticky":false,"template":"","format":"standard","meta":{"_exactmetrics_skip_tracking":false,"_exactmetrics_sitenote_active":false,"_exactmetrics_sitenote_note":"","_exactmetrics_sitenote_category":0,"jetpack_post_was_ever_published":false,"_jetpack_newsletter_access":"","_jetpack_dont_email_post_to_subs":false,"_jetpack_newsletter_tier_id":0,"_jetpack_memberships_contains_paywalled_content":false,"_jetpack_memberships_contains_paid_content":false,"footnotes":"","jetpack_publicize_message":"","jetpack_publicize_feature_enabled":true,"jetpack_social_post_already_shared":true,"jetpack_social_options":{"image_generator_settings":{"template":"highway","enabled":false},"version":2}},"categories":[1],"tags":[],"class_list":["post-20447","post","type-post","status-publish","format-standard","hentry","category-notas"],"jetpack_publicize_connections":[],"jetpack_sharing_enabled":true,"jetpack_featured_media_url":"","jetpack_shortlink":"https:\/\/wp.me\/p7wKYW-5jN","jetpack-related-posts":[],"_links":{"self":[{"href":"http:\/\/blogdalucianaoliveira.com.br\/blog\/wp-json\/wp\/v2\/posts\/20447","targetHints":{"allow":["GET"]}}],"collection":[{"href":"http:\/\/blogdalucianaoliveira.com.br\/blog\/wp-json\/wp\/v2\/posts"}],"about":[{"href":"http:\/\/blogdalucianaoliveira.com.br\/blog\/wp-json\/wp\/v2\/types\/post"}],"author":[{"embeddable":true,"href":"http:\/\/blogdalucianaoliveira.com.br\/blog\/wp-json\/wp\/v2\/users\/1"}],"replies":[{"embeddable":true,"href":"http:\/\/blogdalucianaoliveira.com.br\/blog\/wp-json\/wp\/v2\/comments?post=20447"}],"version-history":[{"count":1,"href":"http:\/\/blogdalucianaoliveira.com.br\/blog\/wp-json\/wp\/v2\/posts\/20447\/revisions"}],"predecessor-version":[{"id":20449,"href":"http:\/\/blogdalucianaoliveira.com.br\/blog\/wp-json\/wp\/v2\/posts\/20447\/revisions\/20449"}],"wp:attachment":[{"href":"http:\/\/blogdalucianaoliveira.com.br\/blog\/wp-json\/wp\/v2\/media?parent=20447"}],"wp:term":[{"taxonomy":"category","embeddable":true,"href":"http:\/\/blogdalucianaoliveira.com.br\/blog\/wp-json\/wp\/v2\/categories?post=20447"},{"taxonomy":"post_tag","embeddable":true,"href":"http:\/\/blogdalucianaoliveira.com.br\/blog\/wp-json\/wp\/v2\/tags?post=20447"}],"curies":[{"name":"wp","href":"https:\/\/api.w.org\/{rel}","templated":true}]}}