{"id":2045,"date":"2016-06-30T18:00:49","date_gmt":"2016-06-30T22:00:49","guid":{"rendered":"http:\/\/blogdalucianaoliveira.com.br\/blog\/?p=2045"},"modified":"2016-06-30T18:00:49","modified_gmt":"2016-06-30T22:00:49","slug":"violencia-letal-contra-as-criancas-e-adolescentes-do-brasil","status":"publish","type":"post","link":"http:\/\/blogdalucianaoliveira.com.br\/blog\/2016\/06\/30\/violencia-letal-contra-as-criancas-e-adolescentes-do-brasil\/","title":{"rendered":"Viol\u00eancia Letal contra as Crian\u00e7as e Adolescentes do Brasil"},"content":{"rendered":"<p><img data-recalc-dims=\"1\" loading=\"lazy\" decoding=\"async\" data-attachment-id=\"2047\" data-permalink=\"http:\/\/blogdalucianaoliveira.com.br\/blog\/2016\/06\/30\/violencia-letal-contra-as-criancas-e-adolescentes-do-brasil\/image-443\/\" data-orig-file=\"https:\/\/i0.wp.com\/blogdalucianaoliveira.com.br\/blog\/wp-content\/uploads\/2016\/06\/image-135.jpeg?fit=365%2C229\" data-orig-size=\"365,229\" data-comments-opened=\"0\" data-image-meta=\"{&quot;aperture&quot;:&quot;0&quot;,&quot;credit&quot;:&quot;&quot;,&quot;camera&quot;:&quot;&quot;,&quot;caption&quot;:&quot;&quot;,&quot;created_timestamp&quot;:&quot;0&quot;,&quot;copyright&quot;:&quot;&quot;,&quot;focal_length&quot;:&quot;0&quot;,&quot;iso&quot;:&quot;0&quot;,&quot;shutter_speed&quot;:&quot;0&quot;,&quot;title&quot;:&quot;&quot;,&quot;orientation&quot;:&quot;0&quot;}\" data-image-title=\"image\" data-image-description=\"\" data-image-caption=\"\" data-medium-file=\"https:\/\/i0.wp.com\/blogdalucianaoliveira.com.br\/blog\/wp-content\/uploads\/2016\/06\/image-135.jpeg?fit=300%2C188\" data-large-file=\"https:\/\/i0.wp.com\/blogdalucianaoliveira.com.br\/blog\/wp-content\/uploads\/2016\/06\/image-135.jpeg?fit=365%2C229\" src=\"https:\/\/i0.wp.com\/blogdalucianaoliveira.com.br\/blog\/wp-content\/uploads\/2016\/06\/image-135.jpeg?resize=365%2C229\" alt=\"image\" width=\"365\" height=\"229\" class=\"alignnone size-full wp-image-2047\" srcset=\"https:\/\/i0.wp.com\/blogdalucianaoliveira.com.br\/blog\/wp-content\/uploads\/2016\/06\/image-135.jpeg?w=365 365w, https:\/\/i0.wp.com\/blogdalucianaoliveira.com.br\/blog\/wp-content\/uploads\/2016\/06\/image-135.jpeg?resize=300%2C188 300w\" sizes=\"auto, (max-width: 365px) 100vw, 365px\" \/><\/p>\n<p>Mortes de crian\u00e7as e adolescentes por causas externas aumentam desde a d\u00e9cada de 1980 e representam quase 30% dos \u00f3bitos em 2013.<!--more--><\/p>\n<p>Estudo revela ainda que foram assassinadas 29 crian\u00e7as e adolescentes por dia no Brasil em 2013. Armas de fogo estiveram presentes em 78,2% dos homic\u00eddios de crian\u00e7as adolescentes de at\u00e9 17 anos. Por dia, quase duas crian\u00e7as e adolescentes de at\u00e9 18 anos consumaram suic\u00eddio em 2013. Brasil est\u00e1 entre os 15 primeiros pa\u00edses em letalidade de crian\u00e7as e adolescentes<br \/>\nem acidentes de transporte.<\/p>\n<p>O Relat\u00f3rio Viol\u00eancia Letal Contra as Crian\u00e7as e Adolescentes do Brasil, elaborado pela Faculdade Latino-Americana de Ci\u00eancias Sociais (Flacso), revela que quase 29 crian\u00e7as e adolescentes foram assassinados por dia no Brasil em 2013, ano em que 10.520 crian\u00e7as e adolescentes foram v\u00edtimas de homic\u00eddio. O n\u00famero equivale a 3,6 chacinas da Candel\u00e1ria por dia. O Brasil ocupa o 3\u00ba lugar em homic\u00eddios de crian\u00e7as e adolescentes no contexto de 85 pa\u00edses do mundo analisados. O soci\u00f3logo Julio Jacobo Waiselfisz, coordenador do Programa de Estudos sobre Viol\u00eancia da entidade, respons\u00e1vel desde 1998 pela s\u00e9rie Mapa da Viol\u00eancia, \u00e9 o autor do documento.<\/p>\n<p>Produzido como subs\u00eddio interno encomendado pelo Conselho Nacional dos Direitos da Crian\u00e7a e do Adolescente e Secretaria de Direitos Humanos, em parceria com o Programa das Na\u00e7\u00f5es Unidas para o Desenvolvimento (Pnud), em 2015, o relat\u00f3rio foca nas causas externas de mortalidade no Brasil, mortalidade por acidentes de transporte, suic\u00eddios e homic\u00eddios, e tem como fonte o Sistema de Informa\u00e7\u00f5es de Mortalidade (SIM), da Secretaria de Vigil\u00e2ncia em Sa\u00fade (SVS) do Minist\u00e9rio da Sa\u00fade (MS). Em conjunto, as causas externas vitimaram 689.627 crian\u00e7as e adolescentes entre 1980 e 2013.<\/p>\n<p>Nesse per\u00edodo, os diversos componentes das causas externas de mortalidade aumentaram drasticamente: os homic\u00eddios passam de 0,7% para 13,9% no total de mortes de crian\u00e7as e adolescentes de zero a 19 anos de idade, acidentes de transporte passam de 2,0% para 6,9% e os suic\u00eddios, de 0,2% para 1,0%.  Enquanto as causas naturais de \u00f3bito diminuem de forma cont\u00ednua e acentuada nas tr\u00eas d\u00e9cadas analisadas, as causas externas evidenciam crescimento lento e cont\u00ednuo. As taxas de mortalidade por causas naturais na entre zero e 19 anos de idade ca\u00edram de 387,1 \u00f3bitos por 100 mil, em 1980, para 83,4, em 2013, uma queda de 78,5%. J\u00e1 as taxas por causas externas passam, no mesmo per\u00edodo, de 27,9 para 34,1, crescimento de 22,4%.<\/p>\n<p>Com esse diferencial, aumenta de forma dr\u00e1stica a participa\u00e7\u00e3o das causas externas no total de mortes de crian\u00e7as e adolescentes. Em 1980 as causas externas representavam 6,7% do total de mortes nessa faixa; em 2013, essa participa\u00e7\u00e3o mais que quadruplica, elevando-se para 29,0% \u2013 13,9% por homic\u00eddio, 6,9% em acidentes de transporte e 1,0% por suic\u00eddio.<\/p>\n<p>HOMIC\u00cdDIOS<\/p>\n<p>Em 2013 aconteceram 3,6 chacinas da Candel\u00e1ria por dia no Brasil. Foram 10.520 v\u00edtimas de homic\u00eddio de zero a 19 anos. O pa\u00eds ocupa o 3\u00ba lugar em homic\u00eddios de crian\u00e7as e adolescentes entre 85 pa\u00edses analisados, com a taxa de 16,3 assassinatos para cada 100 mil crian\u00e7as e adolescentes de at\u00e9 19 anos de idade, ficando atr\u00e1s apenas do M\u00e9xico e de El Salvador.<\/p>\n<p>O n\u00famero de homic\u00eddios de crian\u00e7as e adolescentes de at\u00e9 19 anos de idade subiu 19,7% em 10 anos, entre 2003 e 2013. Em um ano, de 2012 a 2013, o crescimento foi de 3,6%. S\u00e3o a principal causa do aumento dr\u00e1stico nas causas externas das mortes de crian\u00e7as e adolescentes.<\/p>\n<p>Os homic\u00eddios representam cerca de 2,5% do total de mortes at\u00e9 os 11 anos de idade das v\u00edtimas, e t\u00eam um crescimento acentuado na entrada da adolesc\u00eancia, aos 12 anos de idade, quando passam a 6,7% do total de mortes. Aos 14 anos s\u00e3o 25,1%, crescendo at\u00e9 alcan\u00e7ar seu pico aos 17 anos de idade, quando atinge a marca de 48,2% da mortalidade.<\/p>\n<p>Cor<br \/>\nOs dados revelam que crian\u00e7as e adolescentes negros s\u00e3o v\u00edtimas de homic\u00eddio 178% mais do que brancos, considerando o tamanho das respectivas popula\u00e7\u00f5es. Em 2013, no conjunto da popula\u00e7\u00e3o de at\u00e9 17 anos de idade, a taxa de homic\u00eddios de brancos foi de 4,7 por 100 mil e a de negros, 13,1 por 100 mil.<\/p>\n<p>Quando se foca nos adolescentes de 16 e 17 anos, a taxa de homic\u00eddios de brancos foi de 24,2 por 100 mil. J\u00e1 a taxa de adolescentes negros foi de 66,3 em 100 mil. A vitimiza\u00e7\u00e3o, neste caso, foi de 173,6%. Proporcionalmente, morreram quase tr\u00eas vezes mais negros que brancos.<\/p>\n<p>Armas de fogo<br \/>\nArmas de fogo estiveram presentes em 78,2% dos homic\u00eddios de crian\u00e7as adolescentes de at\u00e9 17 anos de idade em 2013. H\u00e1 um forte crescimento da participa\u00e7\u00e3o das armas de fogo com o avan\u00e7o da idade das v\u00edtimas. Durante o primeiro ano de vida, o instrumento causou 10,5% dos homic\u00eddios. O \u00edndice crescente atinge a marca de 84,1% aos 17 anos de idade.<\/p>\n<p>SUIC\u00cdDIOS<\/p>\n<p>Quase duas crian\u00e7as e adolescentes de 9 a 18 anos consumaram suic\u00eddio por dia no Brasil, em 2013. Em quase todas as idades (excluindo a de 19 anos), as taxas de suic\u00eddio aumentaram entre 2003 e 2013. Em 2003, a taxa de suic\u00eddio na faixa de 9 a 19 anos era de 1,9 em 100 mil; em 2013, a m\u00e9dia elevou-se para 2,1. Os n\u00fameros s\u00e3o do Sistema de Informa\u00e7\u00f5es de Mortalidade (SIM), da Secretaria de Vigil\u00e2ncia em Sa\u00fade (SVS) do Minist\u00e9rio da Sa\u00fade, que registra suic\u00eddios a partir dos 9 anos.<\/p>\n<p>Os \u00edndices de suic\u00eddio de crian\u00e7as e adolescentes no Brasil s\u00e3o relativamente baixos quando comparados a outros pa\u00edses, mas v\u00eam crescendo lentamente ao longo do tempo.<\/p>\n<p>Nas compara\u00e7\u00f5es internacionais com mais 89 pa\u00edses, o Brasil ocupa a 43\u00aa posi\u00e7\u00e3o no ranking, com taxa de 0,7 suic\u00eddios para cada 100 mil crian\u00e7as e adolescentes de 10 a 14 anos de idade; a 51\u00aa posi\u00e7\u00e3o entre os adolescentes de 15 a 19 anos, e a 53\u00aa no conjunto de 10 a 19 anos de idade.<\/p>\n<p>Ind\u00edgenas<br \/>\nOs munic\u00edpios que aparecem nos primeiros lugares nas listas de mortalidade suicida s\u00e3o locais de amplo assentamento de comunidades ind\u00edgenas, como S\u00e3o Gabriel da Cachoeira, Benjamin Constant e Tabatinga, no Amazonas, e Amambai e Dourados, no Mato Grosso do Sul.<\/p>\n<p>Nesses munic\u00edpios, do total de suic\u00eddios ind\u00edgenas, os suic\u00eddios na faixa de 10 a 19 anos representam entre 33,3%, em S\u00e3o Gabriel da Cachoeira, e 100%, em Tacuru (MS), uma verdadeira situa\u00e7\u00e3o pand\u00eamica de suic\u00eddios de jovens ind\u00edgenas.<\/p>\n<p>MORTALIDADE POR ACIDENTES DE TRANSPORTE<\/p>\n<p>O relat\u00f3rio mostra que o Brasil est\u00e1 entre os 15 primeiros pa\u00edses em letalidade de crian\u00e7as e adolescentes em acidentes de transporte se comparado ao conjunto de outros 87 pa\u00edses, com base em dados da Organiza\u00e7\u00e3o Mundial da Sa\u00fade (OMS).<\/p>\n<p>A mortalidade de motociclistas \u00e9 a principal causa de morte por acidentes de transporte da faixa et\u00e1ria, e aumentou 1.378,8% entre 1996 e 2013, passando de 113 para 1.671 por ano. A maioria dessas v\u00edtimas (1.514) tinha entre 15 e 19 anos. Mortalidade em autom\u00f3veis teve aumento de 65,8%, passando de 742 \u00f3bitos em 1996, para 1.230, em 2013. J\u00e1 as mortes de crian\u00e7as e adolescentes pedestres registraram queda de 68,8%. Foram 2.770 \u00f3bitos em 1996 e 863 em 2013.<\/p>\n<p>A m\u00e9dia nacional de 8,1 v\u00edtimas de acidentes de transporte por 100 mil crian\u00e7as e adolescentes, registrada em 2013, n\u00e3o reflete a grande varia\u00e7\u00e3o regional e estadual, que vai de 3,7 v\u00edtimas por 100 mil crian\u00e7as e adolescentes, no Amazonas, a 17,2 em Mato Grosso.<\/p>\n<p>Estes dados evidenciaram uma tend\u00eancia crescente desde 1980 at\u00e9 1997, ano em que entrou em vigor o C\u00f3digo Nacional de Tr\u00e2nsito. As taxas ca\u00edram de forma significativa nos primeiros anos at\u00e9 a virada do s\u00e9culo, quando os \u00edndices se estabilizam. As mortes voltaram a crescer a partir de 2008 quando houve aumento na mortalidade de crian\u00e7as com menos de 1 ano de idade, passando de 2,7 para 4 mortes em cada 100 mil crian\u00e7as, um crescimento de 45,4% no per\u00edodo. Os n\u00edveis de mortalidade permanecem relativamente est\u00e1veis ao longo da escala et\u00e1ria de 1 ano de idade at\u00e9 aproximadamente os 13 ou 14 anos. A partir dos 16 anos, constata-se novo crescimento e, em alguns casos, bem significativo, como entre 17 e 18 anos de idade, quando o aumento supera a casa de 50%.<\/p>\n<p>O relat\u00f3rio completo pode ser encontrado no site do Mapa da Viol\u00eancia.<\/p>\n<p>Fonte: http:\/\/flacso.org.br\/<\/p>\n","protected":false},"excerpt":{"rendered":"<p>Mortes de crian\u00e7as e adolescentes por causas externas aumentam desde a d\u00e9cada de 1980 e representam quase 30% dos \u00f3bitos em 2013.<\/p>\n","protected":false},"author":1,"featured_media":0,"comment_status":"closed","ping_status":"open","sticky":false,"template":"","format":"standard","meta":{"_exactmetrics_skip_tracking":false,"_exactmetrics_sitenote_active":false,"_exactmetrics_sitenote_note":"","_exactmetrics_sitenote_category":0,"jetpack_post_was_ever_published":false,"_jetpack_newsletter_access":"","_jetpack_dont_email_post_to_subs":false,"_jetpack_newsletter_tier_id":0,"_jetpack_memberships_contains_paywalled_content":false,"_jetpack_memberships_contains_paid_content":false,"footnotes":"","jetpack_publicize_message":"","jetpack_publicize_feature_enabled":true,"jetpack_social_post_already_shared":true,"jetpack_social_options":{"image_generator_settings":{"template":"highway","enabled":false},"version":2}},"categories":[1],"tags":[],"class_list":["post-2045","post","type-post","status-publish","format-standard","hentry","category-notas"],"jetpack_publicize_connections":[],"jetpack_sharing_enabled":true,"jetpack_featured_media_url":"","jetpack_shortlink":"https:\/\/wp.me\/p7wKYW-wZ","jetpack-related-posts":[],"_links":{"self":[{"href":"http:\/\/blogdalucianaoliveira.com.br\/blog\/wp-json\/wp\/v2\/posts\/2045","targetHints":{"allow":["GET"]}}],"collection":[{"href":"http:\/\/blogdalucianaoliveira.com.br\/blog\/wp-json\/wp\/v2\/posts"}],"about":[{"href":"http:\/\/blogdalucianaoliveira.com.br\/blog\/wp-json\/wp\/v2\/types\/post"}],"author":[{"embeddable":true,"href":"http:\/\/blogdalucianaoliveira.com.br\/blog\/wp-json\/wp\/v2\/users\/1"}],"replies":[{"embeddable":true,"href":"http:\/\/blogdalucianaoliveira.com.br\/blog\/wp-json\/wp\/v2\/comments?post=2045"}],"version-history":[{"count":2,"href":"http:\/\/blogdalucianaoliveira.com.br\/blog\/wp-json\/wp\/v2\/posts\/2045\/revisions"}],"predecessor-version":[{"id":2048,"href":"http:\/\/blogdalucianaoliveira.com.br\/blog\/wp-json\/wp\/v2\/posts\/2045\/revisions\/2048"}],"wp:attachment":[{"href":"http:\/\/blogdalucianaoliveira.com.br\/blog\/wp-json\/wp\/v2\/media?parent=2045"}],"wp:term":[{"taxonomy":"category","embeddable":true,"href":"http:\/\/blogdalucianaoliveira.com.br\/blog\/wp-json\/wp\/v2\/categories?post=2045"},{"taxonomy":"post_tag","embeddable":true,"href":"http:\/\/blogdalucianaoliveira.com.br\/blog\/wp-json\/wp\/v2\/tags?post=2045"}],"curies":[{"name":"wp","href":"https:\/\/api.w.org\/{rel}","templated":true}]}}