{"id":20456,"date":"2019-02-11T11:12:17","date_gmt":"2019-02-11T15:12:17","guid":{"rendered":"http:\/\/blogdalucianaoliveira.com.br\/blog\/?p=20456"},"modified":"2019-02-11T11:12:17","modified_gmt":"2019-02-11T15:12:17","slug":"brasil-um-pais-desestruturado","status":"publish","type":"post","link":"http:\/\/blogdalucianaoliveira.com.br\/blog\/2019\/02\/11\/brasil-um-pais-desestruturado\/","title":{"rendered":"Brasil, um pa\u00eds desestruturado"},"content":{"rendered":"<p><img data-recalc-dims=\"1\" loading=\"lazy\" decoding=\"async\" data-attachment-id=\"20457\" data-permalink=\"http:\/\/blogdalucianaoliveira.com.br\/blog\/2019\/02\/11\/brasil-um-pais-desestruturado\/nojo-2\/\" data-orig-file=\"https:\/\/i0.wp.com\/blogdalucianaoliveira.com.br\/blog\/wp-content\/uploads\/2019\/02\/nojo.jpg?fit=600%2C400\" data-orig-size=\"600,400\" data-comments-opened=\"0\" data-image-meta=\"{&quot;aperture&quot;:&quot;0&quot;,&quot;credit&quot;:&quot;&quot;,&quot;camera&quot;:&quot;&quot;,&quot;caption&quot;:&quot;&quot;,&quot;created_timestamp&quot;:&quot;0&quot;,&quot;copyright&quot;:&quot;&quot;,&quot;focal_length&quot;:&quot;0&quot;,&quot;iso&quot;:&quot;0&quot;,&quot;shutter_speed&quot;:&quot;0&quot;,&quot;title&quot;:&quot;&quot;,&quot;orientation&quot;:&quot;0&quot;}\" data-image-title=\"nojo\" data-image-description=\"\" data-image-caption=\"\" data-medium-file=\"https:\/\/i0.wp.com\/blogdalucianaoliveira.com.br\/blog\/wp-content\/uploads\/2019\/02\/nojo.jpg?fit=300%2C200\" data-large-file=\"https:\/\/i0.wp.com\/blogdalucianaoliveira.com.br\/blog\/wp-content\/uploads\/2019\/02\/nojo.jpg?fit=600%2C400\" src=\"https:\/\/i0.wp.com\/blogdalucianaoliveira.com.br\/blog\/wp-content\/uploads\/2019\/02\/nojo.jpg?resize=600%2C400\" alt=\"nojo\" width=\"600\" height=\"400\" class=\"alignnone size-full wp-image-20457\" srcset=\"https:\/\/i0.wp.com\/blogdalucianaoliveira.com.br\/blog\/wp-content\/uploads\/2019\/02\/nojo.jpg?w=600 600w, https:\/\/i0.wp.com\/blogdalucianaoliveira.com.br\/blog\/wp-content\/uploads\/2019\/02\/nojo.jpg?resize=300%2C200 300w, https:\/\/i0.wp.com\/blogdalucianaoliveira.com.br\/blog\/wp-content\/uploads\/2019\/02\/nojo.jpg?resize=450%2C300 450w\" sizes=\"auto, (max-width: 600px) 100vw, 600px\" \/><\/p>\n<p>No DCM, por Aldo Fonazieri &#8211; O Brasil vive uma desestrutura\u00e7\u00e3o pol\u00edtica e moral sem precedentes. Depois de quatro anos de crise era de se esperar que a sociedade fizesse uma op\u00e7\u00e3o eleitoral pelo senso de uma unidade maior para enfrentar os desafios do presente e as incertezas do futuro. No entanto, fez uma op\u00e7\u00e3o pelo candidato mais divisionista, aquele que se empenha diariamente para agravar as lacera\u00e7\u00f5es pol\u00edticas e sociais do pa\u00eds. Um presidente prudente deveria fazer sempre apelos para a unidade do pa\u00eds e do povo. O governo Bolsonaro vai exatamente no sentido contr\u00e1rio: estimula a divis\u00e3o pol\u00edtica e religiosa, n\u00e3o tem nenhuma mensagem aos desamparados e age de forma hostil aos grupos despossu\u00eddos de direitos sociais e civis. <!--more--><\/p>\n<p>Sem um ponto de refer\u00eancia catalizador, sem uma for\u00e7a centr\u00edpeta unificante, o Brasil se afunda na anomia, na perda do sentido comum, na falta de confian\u00e7a, agravando ainda mais sua incapacidade de se dar uma comunidade de destino. Diante deste quadro desalentador, o que se vislumbra s\u00e3o dois caminhos: uma apatia e uma prostra\u00e7\u00e3o ainda maior da sociedade, dos indiv\u00edduos e dos movimentos ou uma radicaliza\u00e7\u00e3o da luta pol\u00edtica e social, com o aumento das tens\u00f5es. Neste momento prevalece o desalento e a prostra\u00e7\u00e3o.<\/p>\n<p>O fato \u00e9 que no campo governista n\u00e3o h\u00e1 capacidade aglutinadora de for\u00e7as, n\u00e3o h\u00e1 atratividade unificante. A \u00fanica coisa que se destaca \u00e9 a capacidade de di\u00e1logo do presidente da C\u00e2mara, Rodrigo Maia, que n\u00e3o \u00e9 express\u00e3o exatamente do governo e que, de certa forma, se expande tamb\u00e9m para o campo da oposi\u00e7\u00e3o. Neste campo verifica-se a mesma incapacidade que se observa no governo: nenhum partido e nenhum l\u00edder se mostram capazes de imprimir dire\u00e7\u00e3o e sentido \u00e0s for\u00e7as democr\u00e1ticas e progressistas.<\/p>\n<p>Ciro Gomes se perdeu no seu descontrole, na sua incapacidade de perceber a ocasi\u00e3o que a hist\u00f3ria lhe oferecia para al\u00e7ar-se na condi\u00e7\u00e3o de um l\u00edder maior, nas suas m\u00e1goas corrosivas. Enveredou pelo caminho da pequena pol\u00edtica, no sectarismo desagregador. Com Lula preso, o PT est\u00e1 amarrado ao seu imobilismo. N\u00e3o tem lideran\u00e7a social nem para mobilizar em favor da liberdade de Lula e nem para aglutinar for\u00e7as pol\u00edticas e sociais em defesa de uma plataforma progressista de reformas e em oposi\u00e7\u00e3o ao governo. Sem for\u00e7a suficiente no partido para ter autonomia, Haddad permanece manietado aos ditames da burocracia. Se \u00e9 verdade que o PSol tende a ocupar um espa\u00e7o maior pela sua combatividade, trata-se de um partido que tem pouca for\u00e7a social e Guilherme Boulos ainda \u00e9 uma promessa. Lula \u00e9 o \u00fanico l\u00edder que poderia dar um sentido de unidade ao campo democr\u00e1tico e progressista. O governo e as for\u00e7as de direita sabem disso. Mant\u00ea-lo preso \u00e9 condi\u00e7\u00e3o para manter uma oposi\u00e7\u00e3o fraca, desunida, desorientada.<\/p>\n<p>No campo social, a CUT parece n\u00e3o conseguir ir al\u00e9m das bravatas recorrentes. Assim, cada movimento continuar\u00e1 travando suas lutas, de forma dispersa, fragmentada, sem vislumbrar um sentido unificante, sem visualizar uma for\u00e7a potente para garantir direitos e projetar mudan\u00e7as. Nem as derrotas continuadas, do impeachment-golpe, das elei\u00e7\u00f5es municipais de 2016, da reforma trabalhista, da pris\u00e3o de Lula e das elei\u00e7\u00f5es de 2018 parecem ser suficientes para estimular o surgimento de l\u00edderes, partidos e movimentos poderosos, capazes de imprimir dire\u00e7\u00e3o e sentido ao campo democr\u00e1tico e progressista. Os pequenos lampejos que surgem, se perdem na confus\u00e3o brumosa das incapacidades, das vaidades, da arrog\u00e2ncia e dos pequenos poderes mesquinhos que cada l\u00edder e cada partido presume ter como algo grandioso. A confus\u00e3o \u00e9 t\u00e3o grande que setores de esquerda elegeram Hamilton Mour\u00e3o, o vice-presidente, como a voz iluminista do Brasil.<\/p>\n<p>Com tudo isso, as elites conservadoras e a extrema-direita se sentem \u00e0 vontade para continuar com suas insol\u00eancias, com a sua preda\u00e7\u00e3o, com seus crimes e com sua impunidade. Os crimes da Boate Kiss, os crimes de Mariana, os crimes que vitimaram a Chapecoense e tantos outros crimes sociais e ambientais n\u00e3o foram capazes de evitar os crimes das enchentes, os crimes da viol\u00eancia, os crimes de Brumadinho e os crimes do Flamengo. As v\u00edtimas s\u00e3o sempre as mesmas: pessoas pobres e humildes do povo. Ningu\u00e9m foi punido, ningu\u00e9m est\u00e1 preso, ningu\u00e9m paga pelas perdas do bem absoluto das pessoas que morreram, que \u00e9 a vida de cada um.<\/p>\n<p>O contraste brutal, criminoso e inaceit\u00e1vel deste pa\u00eds foi visto em Brumadinho: enquanto o presidente da Vale, que ganha o sal\u00e1rio absurdo de R$ 1,6 milh\u00e3o por m\u00eas, se esmerava em declara\u00e7\u00f5es hip\u00f3critas, os bombeiros, que recebem seus parcos sal\u00e1rios de forma parcelada, rastejavam na lama para encontrar corpos de v\u00edtimas para dar o direito aos seus familiares de os enterrarem. Nenhum pa\u00eds decente e honesto, nenhum pa\u00eds que queira ser \u00e9tico e ter um futuro, aceita tamanho abismo das desigualdades, da falta de direitos, da falta de uma vida digna para a imensa maioria do seu povo. Nenhum pa\u00eds que prezasse a si mesmo deixaria a dire\u00e7\u00e3o da Vale, a dire\u00e7\u00e3o do Flamengo, a dire\u00e7\u00e3o da boate Kiss livres da cadeia. Sem d\u00favida, h\u00e1 uma cumplicidade criminosa entre os ju\u00edzes e os grandes criminosos do setor privado, ricos e poderosos.<\/p>\n<p>Quando as trag\u00e9dias criminosas acontecem, os dirigentes e diretores anunciam que provid\u00eancias estavam a caminho, que faltou tempo para evitar os desastres. Na verdade, n\u00e3o faltou tempo. Faltou vergonha, faltou dec\u00eancia, faltou responsabilidade. Em nosso pa\u00eds, a falta de prud\u00eancia n\u00e3o \u00e9 um descuido. \u00c9 uma a\u00e7\u00e3o criminosamente deliberada daqueles que t\u00eam poder.<\/p>\n<p>As elites econ\u00f4micas e pol\u00edticas do Brasil perderam qualquer limite do toler\u00e1vel. Que sentido faz um deputado ou um senador ter 30 assessores e a Ag\u00eancia Nacional de Minera\u00e7\u00e3o ter 35 fiscais para fiscalizar quase mil barragens? S\u00f3 a presid\u00eancia da Assembleia Legislativa do Rio de Janeiro tinha (ou ainda tem) mais de 200 assessores. Esses absurdos agregam duas coisas: privil\u00e9gios de um lado e crimes de outro. Por que as dire\u00e7\u00f5es e os parlamentares das esquerdas pouco combatem os privil\u00e9gios indecentes, indecorosos e criminosos dos pol\u00edticos, dos ju\u00edzes e do alto funcionalismo p\u00fablico?<\/p>\n<p>As elites econ\u00f4micas e pol\u00edticas do pa\u00eds nutrem um desprezo, uma insensibilidade, uma crueldade e uma desumanidade inauditas para com os trabalhadores, com os pobres e com o povo. As esquerdas precisam examinar at\u00e9 que ponto n\u00e3o s\u00e3o c\u00famplices com tudo isso. O Estado est\u00e1 desorganizado na fiscaliza\u00e7\u00e3o, na preven\u00e7\u00e3o e se mostra incapaz de produzir justi\u00e7a, igualdade, dignidade e de garantir direitos. No Brasil existe democracia e direitos para 30% da popula\u00e7\u00e3o. Para o resto \u00e9 abandono, pobreza, falta de direitos, ang\u00fastia, desesperan\u00e7a e morte.<\/p>\n<p>Os democratas e progressistas, as esquerdas, precisam ser capazes de tocar nessas quest\u00f5es que violentam o povo, precisam combater os privil\u00e9gios e estar ao lado do povo, precisam incitar a inaceitabilidade contra as institui\u00e7\u00f5es e as pr\u00e1ticas que infelicitam, degradam e matam a vida. Perderam os progressistas as capacidades persuasivas, de convencimento, de comunica\u00e7\u00e3o? N\u00e3o t\u00eam as esquerdas sentido de urg\u00eancia perante as trag\u00e9dias criminosas que se sucedem? N\u00e3o sabem os democratas e progressistas que \u00e9 necess\u00e1rio antecipar-se no tempo e ao tempo, pois o tempo leva tudo \u00e0 ru\u00edna? Ser\u00e1 necess\u00e1rio rogar aos Deuses para que enviem ao Brasil algu\u00e9m capaz de liderar o povo e de combater a crueldade e os crimes das elites?<\/p>\n<p>Aldo Fornazieri \u2013 Professor da Escola de Sociologia e Pol\u00edtica (FESPSP)<\/p>\n","protected":false},"excerpt":{"rendered":"<p>No DCM, por Aldo Fonazieri &#8211; O Brasil vive uma desestrutura\u00e7\u00e3o pol\u00edtica e moral sem precedentes. Depois de quatro anos de crise era de se esperar que a sociedade fizesse uma op\u00e7\u00e3o eleitoral pelo senso de uma unidade maior para enfrentar os desafios do presente e as incertezas do futuro. No entanto, fez uma op\u00e7\u00e3o&#8230;<a class=\"more-link\" href=\"http:\/\/blogdalucianaoliveira.com.br\/blog\/2019\/02\/11\/brasil-um-pais-desestruturado\/\">Continue a leitura <span class=\"meta-nav\">&raquo;<\/span><\/a><\/p>\n","protected":false},"author":1,"featured_media":0,"comment_status":"closed","ping_status":"open","sticky":false,"template":"","format":"standard","meta":{"_exactmetrics_skip_tracking":false,"_exactmetrics_sitenote_active":false,"_exactmetrics_sitenote_note":"","_exactmetrics_sitenote_category":0,"jetpack_post_was_ever_published":false,"_jetpack_newsletter_access":"","_jetpack_dont_email_post_to_subs":false,"_jetpack_newsletter_tier_id":0,"_jetpack_memberships_contains_paywalled_content":false,"_jetpack_memberships_contains_paid_content":false,"footnotes":"","jetpack_publicize_message":"","jetpack_publicize_feature_enabled":true,"jetpack_social_post_already_shared":true,"jetpack_social_options":{"image_generator_settings":{"template":"highway","enabled":false},"version":2}},"categories":[1],"tags":[],"class_list":["post-20456","post","type-post","status-publish","format-standard","hentry","category-notas"],"jetpack_publicize_connections":[],"jetpack_sharing_enabled":true,"jetpack_featured_media_url":"","jetpack_shortlink":"https:\/\/wp.me\/p7wKYW-5jW","jetpack-related-posts":[],"_links":{"self":[{"href":"http:\/\/blogdalucianaoliveira.com.br\/blog\/wp-json\/wp\/v2\/posts\/20456","targetHints":{"allow":["GET"]}}],"collection":[{"href":"http:\/\/blogdalucianaoliveira.com.br\/blog\/wp-json\/wp\/v2\/posts"}],"about":[{"href":"http:\/\/blogdalucianaoliveira.com.br\/blog\/wp-json\/wp\/v2\/types\/post"}],"author":[{"embeddable":true,"href":"http:\/\/blogdalucianaoliveira.com.br\/blog\/wp-json\/wp\/v2\/users\/1"}],"replies":[{"embeddable":true,"href":"http:\/\/blogdalucianaoliveira.com.br\/blog\/wp-json\/wp\/v2\/comments?post=20456"}],"version-history":[{"count":1,"href":"http:\/\/blogdalucianaoliveira.com.br\/blog\/wp-json\/wp\/v2\/posts\/20456\/revisions"}],"predecessor-version":[{"id":20458,"href":"http:\/\/blogdalucianaoliveira.com.br\/blog\/wp-json\/wp\/v2\/posts\/20456\/revisions\/20458"}],"wp:attachment":[{"href":"http:\/\/blogdalucianaoliveira.com.br\/blog\/wp-json\/wp\/v2\/media?parent=20456"}],"wp:term":[{"taxonomy":"category","embeddable":true,"href":"http:\/\/blogdalucianaoliveira.com.br\/blog\/wp-json\/wp\/v2\/categories?post=20456"},{"taxonomy":"post_tag","embeddable":true,"href":"http:\/\/blogdalucianaoliveira.com.br\/blog\/wp-json\/wp\/v2\/tags?post=20456"}],"curies":[{"name":"wp","href":"https:\/\/api.w.org\/{rel}","templated":true}]}}