{"id":20459,"date":"2019-02-11T11:23:05","date_gmt":"2019-02-11T15:23:05","guid":{"rendered":"http:\/\/blogdalucianaoliveira.com.br\/blog\/?p=20459"},"modified":"2019-02-11T11:23:05","modified_gmt":"2019-02-11T15:23:05","slug":"a-igreja-tem-de-ficar-do-lado-de-quem-ao-lado-de-quem-promove-a-morte-ou-de-quem-busca-a-vida-pergunta-bispo","status":"publish","type":"post","link":"http:\/\/blogdalucianaoliveira.com.br\/blog\/2019\/02\/11\/a-igreja-tem-de-ficar-do-lado-de-quem-ao-lado-de-quem-promove-a-morte-ou-de-quem-busca-a-vida-pergunta-bispo\/","title":{"rendered":"&#8220;A Igreja tem de ficar do lado de quem? Ao lado de quem promove a morte ou de quem busca a vida?\u201d, pergunta bispo"},"content":{"rendered":"<p><img data-recalc-dims=\"1\" loading=\"lazy\" decoding=\"async\" data-attachment-id=\"20461\" data-permalink=\"http:\/\/blogdalucianaoliveira.com.br\/blog\/2019\/02\/11\/a-igreja-tem-de-ficar-do-lado-de-quem-ao-lado-de-quem-promove-a-morte-ou-de-quem-busca-a-vida-pergunta-bispo\/roque\/\" data-orig-file=\"https:\/\/i0.wp.com\/blogdalucianaoliveira.com.br\/blog\/wp-content\/uploads\/2019\/02\/roque.jpg?fit=1280%2C720\" data-orig-size=\"1280,720\" data-comments-opened=\"0\" data-image-meta=\"{&quot;aperture&quot;:&quot;0&quot;,&quot;credit&quot;:&quot;&quot;,&quot;camera&quot;:&quot;&quot;,&quot;caption&quot;:&quot;&quot;,&quot;created_timestamp&quot;:&quot;0&quot;,&quot;copyright&quot;:&quot;&quot;,&quot;focal_length&quot;:&quot;0&quot;,&quot;iso&quot;:&quot;0&quot;,&quot;shutter_speed&quot;:&quot;0&quot;,&quot;title&quot;:&quot;&quot;,&quot;orientation&quot;:&quot;0&quot;}\" data-image-title=\"roque\" data-image-description=\"\" data-image-caption=\"\" data-medium-file=\"https:\/\/i0.wp.com\/blogdalucianaoliveira.com.br\/blog\/wp-content\/uploads\/2019\/02\/roque.jpg?fit=300%2C169\" data-large-file=\"https:\/\/i0.wp.com\/blogdalucianaoliveira.com.br\/blog\/wp-content\/uploads\/2019\/02\/roque.jpg?fit=600%2C338\" src=\"https:\/\/i0.wp.com\/blogdalucianaoliveira.com.br\/blog\/wp-content\/uploads\/2019\/02\/roque.jpg?resize=600%2C338\" alt=\"roque\" width=\"600\" height=\"338\" class=\"alignnone size-full wp-image-20461\" srcset=\"https:\/\/i0.wp.com\/blogdalucianaoliveira.com.br\/blog\/wp-content\/uploads\/2019\/02\/roque.jpg?w=1280 1280w, https:\/\/i0.wp.com\/blogdalucianaoliveira.com.br\/blog\/wp-content\/uploads\/2019\/02\/roque.jpg?resize=300%2C169 300w, https:\/\/i0.wp.com\/blogdalucianaoliveira.com.br\/blog\/wp-content\/uploads\/2019\/02\/roque.jpg?resize=768%2C432 768w, https:\/\/i0.wp.com\/blogdalucianaoliveira.com.br\/blog\/wp-content\/uploads\/2019\/02\/roque.jpg?resize=1024%2C576 1024w, https:\/\/i0.wp.com\/blogdalucianaoliveira.com.br\/blog\/wp-content\/uploads\/2019\/02\/roque.jpg?resize=533%2C300 533w, https:\/\/i0.wp.com\/blogdalucianaoliveira.com.br\/blog\/wp-content\/uploads\/2019\/02\/roque.jpg?w=1200 1200w\" sizes=\"auto, (max-width: 600px) 100vw, 600px\" \/><\/p>\n<p>Humanitas Unisinos &#8211; O grupo de bispos brasileiros que prepara o S\u00ednodo sobre Amaz\u00f4nia, previsto para ocorrer em outubro, em Roma, critica a presen\u00e7a de representantes do governo federal no evento. O cardeal e arcebispo em\u00e9rito de S\u00e3o Paulo, d. Cl\u00e1udio Hummes, um dos mais pr\u00f3ximos do papa Francisco, foi indicado pela Confer\u00eancia Nacional dos Bispos do Brasil (CNBB) para levar ao Vaticano o pedido do Planalto para participar do encontro, mas ele sugeriu \u00e0 equipe do presidente Jair Bolsonaro buscar outro interlocutor. \u201cSugeri que o governo acionasse a Embaixada do Brasil na Santa S\u00e9 como contato, pois se trata de uma quest\u00e3o diplom\u00e1tica\u201d, disse ele ao Estado.<!--more--><\/p>\n<p>A reportagem \u00e9 de Felipe Fraz\u00e3o e Jos\u00e9 Maria Mayrink, publicada por O Estado de S. Paulo, 10-02-2019.<\/p>\n<p>Presidente da Comiss\u00e3o Episcopal para a Amaz\u00f4nia da CNBB e prefeito em\u00e9rito da Congrega\u00e7\u00e3o para o Clero em Roma, Hummes afirmou que a Igreja Cat\u00f3lica n\u00e3o pretende prejudicar Bolsonaro nem dar uma \u201cresposta\u201d a repress\u00f5es sofridas nos tempos do regime militar. \u201cDeve-se ter a preocupa\u00e7\u00e3o de n\u00e3o olhar para o passado, mas para o futuro, pois n\u00e3o \u00e9 a mesma coisa agora\u201d, disse, referindo-se a setores da Igreja que temem a repeti\u00e7\u00e3o da conturbada rela\u00e7\u00e3o do clero com a ditadura militar.<\/p>\n<p>Um dos principais nomes da Igreja Cat\u00f3lica em atividade na regi\u00e3o Norte, o bispo em\u00e9rito do Xingu (PA), d. Erwin Kr\u00e4utler, reagiu com estranheza ao interesse do Planalto em influenciar o encontro religioso para tratar de temas como meio ambiente e \u00edndios. \u201cN\u00f3s conhecemos a Amaz\u00f4nia muito melhor do que qualquer integrante do governo federal\u201d, afirmou. \u201cComo v\u00e3o contribuir quando falarmos da situa\u00e7\u00e3o da floresta, que vivemos h\u00e1 tantos anos?\u201d, questionou.<\/p>\n<p>Entre os integrantes do Planalto, est\u00e3o ex-comandantes militares da Amaz\u00f4nia, como os generais Augusto Heleno Ribeiro, ministro do Gabinete de Seguran\u00e7a Institucional (b), e Eduardo Villas B\u00f4as, assessor da pasta, al\u00e9m do vice-presidente, general Hamilton Mour\u00e3o, cuja fam\u00edlia \u00e9 do Amazonas e comandou em S\u00e3o Gabriel da Cachoeira, interior do Estado.<\/p>\n<p>Aos 79 anos, sendo 54 no Par\u00e1, d. Erwin disse que \u00e9 incomum a participa\u00e7\u00e3o de autoridades pol\u00edticas nesses encontros globais promovidos pelo Vaticano. \u201cN\u00e3o, meu irm\u00e3o. \u00c9 um S\u00ednodo de bispos!\u201d, disse \u00e0 reportagem. \u201cNunca vi membro de governo de qualquer pa\u00eds convidado\u201d, acrescentou. \u201cO que um representante do governo vai dizer quando estivermos tratando de novos caminhos da evangeliza\u00e7\u00e3o?\u201d<\/p>\n<p>D. Erwin foi um dos autores da Enc\u00edclica do Meio Ambiente, documento assinado pelo papa Francisco em 2015, que serviu de base para a decis\u00e3o da Igreja em realizar o S\u00ednodo. Ele afirmou que os representantes dos governos dos outros oito pa\u00edses da Amaz\u00f4nia \u2013 Bol\u00edvia, Peru, Equador, Col\u00f4mbia, Venezuela, Guiana, Suriname e Fran\u00e7a (Guiana Francesa) \u2013 tamb\u00e9m deveriam ser convidados. \u201cSe convidar algu\u00e9m do Brasil, o papa ter\u00e1 de chamar tamb\u00e9m pessoas de outros pa\u00edses. Isso me parece at\u00e9 um absurdo.\u201d<\/p>\n<p>Outro envolvido nos preparativos do S\u00ednodo, o presidente do Conselho Indigenista Mission\u00e1rio (CIMI), d. Roque Paloschi, disse que o encontro focar\u00e1 uma \u201crealidade\u201d de \u201cdireitos negados\u201d a \u00edndios, ribeirinhos, quilombolas e extrativistas. \u201cN\u00e3o estamos jogando culpa em ningu\u00e9m, estamos assumindo uma responsabilidade hist\u00f3rica que exige de n\u00f3s clareza\u201d, afirmou. \u201cA Igreja tem de ficar do lado de quem? Ao lado de quem promove a morte ou de quem busca a vida?\u201d, questionou.<\/p>\n<p>D. Roque discorda da vis\u00e3o do Planalto de que os religiosos agem por simpatia \u00e0 esquerda e antipatia a Bolsonaro. \u201cA miss\u00e3o da Igreja \u00e9 viver o Evangelho\u201d, afirmou. \u201cN\u00e3o temos nada a esconder. Mas tamb\u00e9m n\u00e3o temos de nos encolher porque h\u00e1 uma preocupa\u00e7\u00e3o do governo.\u201d<\/p>\n<p>O Estado questionou o Itamaraty sobre as tratativas com o Vaticano, mas n\u00e3o obteve resposta at\u00e9 a conclus\u00e3o desta edi\u00e7\u00e3o. A Embaixada da Santa S\u00e9 em Bras\u00edlia disse que s\u00f3 falaria nesta semana.<\/p>\n<p>***<\/p>\n<p>Quatro perguntas para D. Erwin Kr\u00e4utler, Bispo em\u00e9rito do Xingu, no Par\u00e1:<\/p>\n<p>O governo Bolsonaro vai ser criticado no S\u00ednodo?<\/p>\n<p>Se os bispos fazem cr\u00edtica \u00e9 querendo ajudar, n\u00e3o derrubar. Eles sabem onde o sapato aperta. V\u00e3o falar da situa\u00e7\u00e3o dos povos e do bioma amea\u00e7ado. Mas n\u00e3o para atacar frontalmente o governo.<\/p>\n<p>O governo mudou a demarca\u00e7\u00e3o e quer abrir economicamente as terras ind\u00edgenas.<\/p>\n<p>Isso fere a Constitui\u00e7\u00e3o, que \u00e9 exemplar. Que nisso n\u00e3o se mexa. Se o governo ousar ferir, vamos nos levantar.<\/p>\n<p>O governo editou decreto para fiscalizar ONGs.<\/p>\n<p>\u00c9 sup\u00e9rfluo. O que deve ser fiscalizado \u00e9 o que se faz clandestinamente. Tem tanta roubalheira aqui na Amaz\u00f4nia que s\u00f3 Deus sabe. N\u00e3o precisa ter medo das ONGs.<\/p>\n<p>Houve aumento de conflitos florestais?<\/p>\n<p>Nunca parou. Desde 1.\u00ba de janeiro tem gente invadindo e derrubando onde n\u00e3o pode. Essa conversa de que vai ser aberto \u00e9 nefasta. Vai conspurcar a imagem do Brasil no exterior.<\/p>\n","protected":false},"excerpt":{"rendered":"<p>Humanitas Unisinos &#8211; O grupo de bispos brasileiros que prepara o S\u00ednodo sobre Amaz\u00f4nia, previsto para ocorrer em outubro, em Roma, critica a presen\u00e7a de representantes do governo federal no evento. O cardeal e arcebispo em\u00e9rito de S\u00e3o Paulo, d. Cl\u00e1udio Hummes, um dos mais pr\u00f3ximos do papa Francisco, foi indicado pela Confer\u00eancia Nacional dos&#8230;<a class=\"more-link\" href=\"http:\/\/blogdalucianaoliveira.com.br\/blog\/2019\/02\/11\/a-igreja-tem-de-ficar-do-lado-de-quem-ao-lado-de-quem-promove-a-morte-ou-de-quem-busca-a-vida-pergunta-bispo\/\">Continue a leitura <span class=\"meta-nav\">&raquo;<\/span><\/a><\/p>\n","protected":false},"author":1,"featured_media":0,"comment_status":"closed","ping_status":"open","sticky":false,"template":"","format":"standard","meta":{"_exactmetrics_skip_tracking":false,"_exactmetrics_sitenote_active":false,"_exactmetrics_sitenote_note":"","_exactmetrics_sitenote_category":0,"jetpack_post_was_ever_published":false,"_jetpack_newsletter_access":"","_jetpack_dont_email_post_to_subs":false,"_jetpack_newsletter_tier_id":0,"_jetpack_memberships_contains_paywalled_content":false,"_jetpack_memberships_contains_paid_content":false,"footnotes":"","jetpack_publicize_message":"","jetpack_publicize_feature_enabled":true,"jetpack_social_post_already_shared":true,"jetpack_social_options":{"image_generator_settings":{"template":"highway","enabled":false},"version":2}},"categories":[1],"tags":[],"class_list":["post-20459","post","type-post","status-publish","format-standard","hentry","category-notas"],"jetpack_publicize_connections":[],"jetpack_sharing_enabled":true,"jetpack_featured_media_url":"","jetpack_shortlink":"https:\/\/wp.me\/p7wKYW-5jZ","jetpack-related-posts":[],"_links":{"self":[{"href":"http:\/\/blogdalucianaoliveira.com.br\/blog\/wp-json\/wp\/v2\/posts\/20459","targetHints":{"allow":["GET"]}}],"collection":[{"href":"http:\/\/blogdalucianaoliveira.com.br\/blog\/wp-json\/wp\/v2\/posts"}],"about":[{"href":"http:\/\/blogdalucianaoliveira.com.br\/blog\/wp-json\/wp\/v2\/types\/post"}],"author":[{"embeddable":true,"href":"http:\/\/blogdalucianaoliveira.com.br\/blog\/wp-json\/wp\/v2\/users\/1"}],"replies":[{"embeddable":true,"href":"http:\/\/blogdalucianaoliveira.com.br\/blog\/wp-json\/wp\/v2\/comments?post=20459"}],"version-history":[{"count":1,"href":"http:\/\/blogdalucianaoliveira.com.br\/blog\/wp-json\/wp\/v2\/posts\/20459\/revisions"}],"predecessor-version":[{"id":20462,"href":"http:\/\/blogdalucianaoliveira.com.br\/blog\/wp-json\/wp\/v2\/posts\/20459\/revisions\/20462"}],"wp:attachment":[{"href":"http:\/\/blogdalucianaoliveira.com.br\/blog\/wp-json\/wp\/v2\/media?parent=20459"}],"wp:term":[{"taxonomy":"category","embeddable":true,"href":"http:\/\/blogdalucianaoliveira.com.br\/blog\/wp-json\/wp\/v2\/categories?post=20459"},{"taxonomy":"post_tag","embeddable":true,"href":"http:\/\/blogdalucianaoliveira.com.br\/blog\/wp-json\/wp\/v2\/tags?post=20459"}],"curies":[{"name":"wp","href":"https:\/\/api.w.org\/{rel}","templated":true}]}}