{"id":20464,"date":"2019-02-11T13:58:58","date_gmt":"2019-02-11T17:58:58","guid":{"rendered":"http:\/\/blogdalucianaoliveira.com.br\/blog\/?p=20464"},"modified":"2019-02-11T13:58:58","modified_gmt":"2019-02-11T17:58:58","slug":"franca-impulsiona-o-acesso-juvenil-a-cultura-com-um-cheque-de-500-euros","status":"publish","type":"post","link":"http:\/\/blogdalucianaoliveira.com.br\/blog\/2019\/02\/11\/franca-impulsiona-o-acesso-juvenil-a-cultura-com-um-cheque-de-500-euros\/","title":{"rendered":"Fran\u00e7a impulsiona o acesso juvenil \u00e0 cultura com um cheque de 500 euros"},"content":{"rendered":"<p><img data-recalc-dims=\"1\" loading=\"lazy\" decoding=\"async\" data-attachment-id=\"20465\" data-permalink=\"http:\/\/blogdalucianaoliveira.com.br\/blog\/2019\/02\/11\/franca-impulsiona-o-acesso-juvenil-a-cultura-com-um-cheque-de-500-euros\/31d0c176-1b22-4a94-a4b9-99d3e32a33cd\/\" data-orig-file=\"https:\/\/i0.wp.com\/blogdalucianaoliveira.com.br\/blog\/wp-content\/uploads\/2019\/02\/31D0C176-1B22-4A94-A4B9-99D3E32A33CD.jpeg?fit=980%2C602\" data-orig-size=\"980,602\" data-comments-opened=\"0\" data-image-meta=\"{&quot;aperture&quot;:&quot;0&quot;,&quot;credit&quot;:&quot;&quot;,&quot;camera&quot;:&quot;&quot;,&quot;caption&quot;:&quot;&quot;,&quot;created_timestamp&quot;:&quot;0&quot;,&quot;copyright&quot;:&quot;&quot;,&quot;focal_length&quot;:&quot;0&quot;,&quot;iso&quot;:&quot;0&quot;,&quot;shutter_speed&quot;:&quot;0&quot;,&quot;title&quot;:&quot;&quot;,&quot;orientation&quot;:&quot;0&quot;}\" data-image-title=\"31D0C176-1B22-4A94-A4B9-99D3E32A33CD\" data-image-description=\"\" data-image-caption=\"\" data-medium-file=\"https:\/\/i0.wp.com\/blogdalucianaoliveira.com.br\/blog\/wp-content\/uploads\/2019\/02\/31D0C176-1B22-4A94-A4B9-99D3E32A33CD.jpeg?fit=300%2C184\" data-large-file=\"https:\/\/i0.wp.com\/blogdalucianaoliveira.com.br\/blog\/wp-content\/uploads\/2019\/02\/31D0C176-1B22-4A94-A4B9-99D3E32A33CD.jpeg?fit=600%2C369\" src=\"https:\/\/i0.wp.com\/blogdalucianaoliveira.com.br\/blog\/wp-content\/uploads\/2019\/02\/31D0C176-1B22-4A94-A4B9-99D3E32A33CD.jpeg?resize=600%2C369\" alt=\"31D0C176-1B22-4A94-A4B9-99D3E32A33CD\" width=\"600\" height=\"369\" class=\"alignnone size-full wp-image-20465\" srcset=\"https:\/\/i0.wp.com\/blogdalucianaoliveira.com.br\/blog\/wp-content\/uploads\/2019\/02\/31D0C176-1B22-4A94-A4B9-99D3E32A33CD.jpeg?w=980 980w, https:\/\/i0.wp.com\/blogdalucianaoliveira.com.br\/blog\/wp-content\/uploads\/2019\/02\/31D0C176-1B22-4A94-A4B9-99D3E32A33CD.jpeg?resize=300%2C184 300w, https:\/\/i0.wp.com\/blogdalucianaoliveira.com.br\/blog\/wp-content\/uploads\/2019\/02\/31D0C176-1B22-4A94-A4B9-99D3E32A33CD.jpeg?resize=768%2C472 768w, https:\/\/i0.wp.com\/blogdalucianaoliveira.com.br\/blog\/wp-content\/uploads\/2019\/02\/31D0C176-1B22-4A94-A4B9-99D3E32A33CD.jpeg?resize=488%2C300 488w\" sizes=\"auto, (max-width: 600px) 100vw, 600px\" \/><\/p>\n<p>Governo de Macron testa aplicativo com geolocaliza\u00e7\u00e3o para celular que convida aqueles que completam 18 anos a gastar em cinemas, teatros, livros, cursos ou assinaturas \u2018online<!--more--><\/p>\n<p>No El Pa\u00eds <\/p>\n<p>O Governo franc\u00eas testa a partir desta semana o \u201cpasse cultural\u201d prometido por Emmanuel Macron durante a campanha que o levou ao Eliseu. O projeto \u00e9 destinado aos franceses de 18 anos ou mais: ao atingir a maioridade, eles se beneficiar\u00e3o de um cr\u00e9dito de 500 euros (cerca de 2.100 reais), concedido pelo Estado, para gastar em produtos e atividades culturais. O dispositivo acaba de entrar em um per\u00edodo de experi\u00eancia de seis meses, no qual participam 13.000 volunt\u00e1rios de cinco departamentos.<\/p>\n<p>O passe de Macron permitir\u00e1 comprar livros, DVDs e ingressos para cinemas, teatros e shows, al\u00e9m de inscri\u00e7\u00f5es em workshops e cursos ou assinaturas de plataformas de streaming. O acesso ser\u00e1 feito a partir de um aplicativo para celulares e tablets concebido pelo Minist\u00e9rio da Cultura, que propor\u00e1 servi\u00e7os e atividades geolocalizadas nas proximidades do local em que o usu\u00e1rio se encontre. \u201c\u00c0s vezes brincamos dizendo que \u00e9 um Tinder da cultura\u201d, afirmou seu respons\u00e1vel, \u00c9ric Garandeau, em junho de 2018.<\/p>\n<p>A iniciativa faz parte da vontade do Governo de democratizar ainda mais o alcance da oferta cultural. \u201cA transmiss\u00e3o da nossa cultura \u00e9 o que faz com que nossos filhos se tornem cidad\u00e3os franceses. O acesso \u00e0 arte em todos os lugares e para todo mundo \u00e9 a miss\u00e3o primeira do meu minist\u00e9rio\u201d, disse o ministro da Cultura, Franck Riester. Quando terminar o per\u00edodo de experi\u00eancia se decidir\u00e1 sobre a expans\u00e3o do projeto a todo o territ\u00f3rio. Se houver avan\u00e7o no ritmo previsto, 200.000 jovens poder\u00e3o se beneficiar do passe cultural no fim de 2020, de acordo com o Le Monde.<\/p>\n<p>A Fran\u00e7a apostou em facilitar os tr\u00e2mites atrav\u00e9s de um processo totalmente digital, liderado por uma \u201cstartup de Estado\u201d, como a define o Minist\u00e9rio da Cultura, seguindo a terminologia oficial do macronismo, partid\u00e1rio da nova economia.<\/p>\n<p>Na realidade, o aplicativo poder\u00e1 ser utilizado, a m\u00e9dio prazo, por qualquer cidad\u00e3o franc\u00eas, embora somente aqueles que atingirem a maioridade receber\u00e3o os 500 euros. A ideia \u00e9 promover a emancipa\u00e7\u00e3o cultural dos jovens, mas tamb\u00e9m promover um novo acesso \u00e0 oferta de atividades art\u00edsticas, em que tudo possa ser feito em alguns cliques a partir de um dispositivo m\u00f3vel com GPS integrado. \u201c\u00c9 um novo servi\u00e7o universal da cultura, de envergadura semelhante, talvez, \u00e0 inven\u00e7\u00e3o da televis\u00e3o p\u00fablica\u201d, diz o ministro Riester.<\/p>\n<p>A iniciativa marca uma mudan\u00e7a de orienta\u00e7\u00e3o sem precedentes na pol\u00edtica cultural francesa. \u00c9 a primeira vez, desde a cria\u00e7\u00e3o do Minist\u00e9rio da Cultura, em 1959, por Andr\u00e9 Malraux, que se prefere subvencionar a demanda e n\u00e3o a oferta. O or\u00e7amento para esses seis meses de experi\u00eancia \u00e9 de 34 milh\u00f5es de euros, embora o Governo acredite que a iniciativa privada far\u00e1 sua parte, reduzindo os pre\u00e7os ou oferecendo alguns servi\u00e7os gratuitamente. De acordo com a imprensa francesa, o or\u00e7amento necess\u00e1rio para o passe cultural, quando atingir todos os jovens de 18 anos, ser\u00e1 de 400 milh\u00f5es de euros por ano. O Executivo espera n\u00e3o arcar com mais de 80% desse total, segundo o di\u00e1rio Le Parisien.<\/p>\n<p>Por enquanto, o Governo fechou a participa\u00e7\u00e3o de 900 parceiros privados para o per\u00edodo experimental. Quase todos s\u00e3o franceses: redes como Canal Plus, Orange OCS, Arte ou France T\u00e9l\u00e9visions ir\u00e3o colaborar, bem como a plataforma de streaming de m\u00fasica Deezer ou a empresa de videogames Ubisoft. Por outro lado, Google, Apple e Netflix n\u00e3o figuram entre as entidades colaboradoras, apesar de terem sido convidados pelo minist\u00e9rio (o primeiro admitiu ter se reunido com os respons\u00e1veis pelo passe em uma fase preliminar). Audible, a l\u00edder do audiobook adquirida pela Amazon, \u00e9 uma das poucas empresas estrangeiras que aceitaram participar da experi\u00eancia.<\/p>\n<p>O algoritmo do aplicativo franc\u00eas funcionar\u00e1 de forma muito diferente daquela dos gigantes da Internet: propor\u00e1 produtos e servi\u00e7os diametralmente opostos aos que o consumidor tiver escolhido anteriormente, em vez de insistir em outros semelhantes. \u201cTornando-se prescritoras, as grandes plataformas digitais correm o risco de manter os usu\u00e1rios em uma reprodu\u00e7\u00e3o mec\u00e2nica de suas escolhas\u201d, diz o documento que apresenta o projeto. \u201cO passe cultural tem a ambi\u00e7\u00e3o de construir um modelo oposto, que acompanhe os usu\u00e1rios em dire\u00e7\u00e3o a uma expans\u00e3o de suas prefer\u00eancias e gostos.\u201d<\/p>\n<p>Por outro lado, para evitar que essas plataformas monopolizem a totalidade do cheque entregue aos jovens, o minist\u00e9rio pretende impor um limite de 200 euros para as despesas em ofertas digitais. Para a compra de bens materiais, como livros e DVDs, cada usu\u00e1rio poder\u00e1 gastar outros 200 euros no m\u00e1ximo. Por outro lado, n\u00e3o haver\u00e1 limite para programas culturais como cinema, teatro, shows ou cursos e workshops inclu\u00eddos na oferta.<\/p>\n<p>Cr\u00edticas<\/p>\n<p>A gesta\u00e7\u00e3o do passe cultural foi marcada por atrasos, cr\u00edticas e ceticismo. O ex-ministro da Cultura Jack Lang, art\u00edfice da democratiza\u00e7\u00e3o cultural que a esquerda de Mitterrand realizou nos anos oitenta, mostrou-se \u201cpouco convencido\u201d. Tampouco nos departamentos envolvidos as opini\u00f5es parecem un\u00e2nimes. \u201cPara as classes populares, o problema n\u00e3o \u00e9 somente financeiro. Deve haver um trabalho de media\u00e7\u00e3o, de prepara\u00e7\u00e3o para a obra\u201d, afirmou o deputado socialista St\u00e9phane Troussel, representante da circunscri\u00e7\u00e3o de Seine-Saint-Denis, na deprimida periferia de Paris, um dos cinco distritos participantes da experi\u00eancia-piloto.<\/p>\n<p>Existe tamb\u00e9m a suspeita de que o Governo prefira privilegiar a oferta institucional em detrimento de formas de cultura mais populares e menos elitistas. \u201cN\u00e3o \u00e9 verdade. Os videogames e o hip-hop est\u00e3o inclu\u00eddos. Qualquer oferta que seja legal estar\u00e1 presente\u201d, afirma um porta-voz do minist\u00e9rio da Cultura, embora precise que os servi\u00e7os e atividades destacados no aplicativo ser\u00e3o \u201ceditorializados\u201d. \u201cSempre daremos mais visibilidade a um filme de arte e ensaio do que a um blockbuster\u201d, admite. Quase 30 anos depois de impor a no\u00e7\u00e3o de exce\u00e7\u00e3o cultural, a Fran\u00e7a aspira a se colocar de novo na vanguarda da economia do setor. Embora pare\u00e7a cedo para saber se este ambicioso lan\u00e7amento, uma das pontas de lan\u00e7a do projeto presidencial de Macron, ser\u00e1 um sucesso ou um fracasso mais em sua tortuosa primeira legislatura no poder.<\/p>\n<p>A EXPERI\u00caNCIA DE IT\u00c1LIA, ESPANHA E BRASIL<br \/>\nO passe cultural franc\u00eas \u00e9 inspirado nos \u201cb\u00f4nus culturais\u201d criados pelo primeiro-ministro italiano Matteo Renzi em 2016 \u2013 que continuam em vigor \u2013, embora introduza novidades para evitar as disfun\u00e7\u00f5es daquele projeto. Seus cupons tamb\u00e9m valem 500 euros e beneficiam jovens de 18 anos, mas houve epis\u00f3dios de fraude ou revenda, e 40% daqueles que tinham direito ao b\u00f4nus n\u00e3o foram busc\u00e1-lo.<\/p>\n<p>Na Espanha h\u00e1 experi\u00eancias semelhantes, embora de menor envergadura e valores financeiros. Em Madri, o chamado JOBO oferece acesso gratuito a jovens entre 16 e 26 anos ao Circo Price ou ao Teatro Espanhol. O b\u00f4nus Cooltura Jovem da Cant\u00e1bria d\u00e1 30 euros de desconto para os nascidos em 2000. E na Deputa\u00e7\u00e3o de Guipuzcoa tamb\u00e9m h\u00e1 b\u00f4nus de oito ou 12 euros para despesas culturais superiores a 20 euros. Quando estava na oposi\u00e7\u00e3o, o PSOE prop\u00f4s um \u201cb\u00f4nus cultural\u201d, embora sem esclarecer cifras ou dota\u00e7\u00f5es.<\/p>\n<p>No Brasil, desde 2012 existe a figura do Vale-Cultura, um benef\u00edcio de 50 reais mensais concedido pelo empregador para os trabalhadores, que pode ser usado para comprar produtos ou servi\u00e7os culturais, em todo o Brasil. O valor despendido com o benef\u00edcio n\u00e3o entra na base de incid\u00eancia de contribui\u00e7\u00e3o previdenci\u00e1ria ou do FGTS, n\u00e3o integra o sal\u00e1rio e \u00e9 isento do imposto sobre a renda das pessoas f\u00edsicas.<\/p>\n","protected":false},"excerpt":{"rendered":"<p>Governo de Macron testa aplicativo com geolocaliza\u00e7\u00e3o para celular que convida aqueles que completam 18 anos a gastar em cinemas, teatros, livros, cursos ou assinaturas \u2018online<\/p>\n","protected":false},"author":1,"featured_media":0,"comment_status":"closed","ping_status":"open","sticky":false,"template":"","format":"standard","meta":{"_exactmetrics_skip_tracking":false,"_exactmetrics_sitenote_active":false,"_exactmetrics_sitenote_note":"","_exactmetrics_sitenote_category":0,"jetpack_post_was_ever_published":false,"_jetpack_newsletter_access":"","_jetpack_dont_email_post_to_subs":false,"_jetpack_newsletter_tier_id":0,"_jetpack_memberships_contains_paywalled_content":false,"_jetpack_memberships_contains_paid_content":false,"footnotes":"","jetpack_publicize_message":"","jetpack_publicize_feature_enabled":true,"jetpack_social_post_already_shared":true,"jetpack_social_options":{"image_generator_settings":{"template":"highway","enabled":false},"version":2}},"categories":[1],"tags":[],"class_list":["post-20464","post","type-post","status-publish","format-standard","hentry","category-notas"],"jetpack_publicize_connections":[],"jetpack_sharing_enabled":true,"jetpack_featured_media_url":"","jetpack_shortlink":"https:\/\/wp.me\/p7wKYW-5k4","jetpack-related-posts":[],"_links":{"self":[{"href":"http:\/\/blogdalucianaoliveira.com.br\/blog\/wp-json\/wp\/v2\/posts\/20464","targetHints":{"allow":["GET"]}}],"collection":[{"href":"http:\/\/blogdalucianaoliveira.com.br\/blog\/wp-json\/wp\/v2\/posts"}],"about":[{"href":"http:\/\/blogdalucianaoliveira.com.br\/blog\/wp-json\/wp\/v2\/types\/post"}],"author":[{"embeddable":true,"href":"http:\/\/blogdalucianaoliveira.com.br\/blog\/wp-json\/wp\/v2\/users\/1"}],"replies":[{"embeddable":true,"href":"http:\/\/blogdalucianaoliveira.com.br\/blog\/wp-json\/wp\/v2\/comments?post=20464"}],"version-history":[{"count":1,"href":"http:\/\/blogdalucianaoliveira.com.br\/blog\/wp-json\/wp\/v2\/posts\/20464\/revisions"}],"predecessor-version":[{"id":20466,"href":"http:\/\/blogdalucianaoliveira.com.br\/blog\/wp-json\/wp\/v2\/posts\/20464\/revisions\/20466"}],"wp:attachment":[{"href":"http:\/\/blogdalucianaoliveira.com.br\/blog\/wp-json\/wp\/v2\/media?parent=20464"}],"wp:term":[{"taxonomy":"category","embeddable":true,"href":"http:\/\/blogdalucianaoliveira.com.br\/blog\/wp-json\/wp\/v2\/categories?post=20464"},{"taxonomy":"post_tag","embeddable":true,"href":"http:\/\/blogdalucianaoliveira.com.br\/blog\/wp-json\/wp\/v2\/tags?post=20464"}],"curies":[{"name":"wp","href":"https:\/\/api.w.org\/{rel}","templated":true}]}}