{"id":20467,"date":"2019-02-11T15:25:22","date_gmt":"2019-02-11T19:25:22","guid":{"rendered":"http:\/\/blogdalucianaoliveira.com.br\/blog\/?p=20467"},"modified":"2019-02-11T15:25:22","modified_gmt":"2019-02-11T19:25:22","slug":"3-anos-sem-nicinha-e-sem-justica","status":"publish","type":"post","link":"http:\/\/blogdalucianaoliveira.com.br\/blog\/2019\/02\/11\/3-anos-sem-nicinha-e-sem-justica\/","title":{"rendered":"3 anos sem Nicinha e sem justi\u00e7a"},"content":{"rendered":"<p><img data-recalc-dims=\"1\" loading=\"lazy\" decoding=\"async\" data-attachment-id=\"20468\" data-permalink=\"http:\/\/blogdalucianaoliveira.com.br\/blog\/2019\/02\/11\/3-anos-sem-nicinha-e-sem-justica\/83825cea-58be-4fb7-8221-29b2c02bb50a\/\" data-orig-file=\"https:\/\/i0.wp.com\/blogdalucianaoliveira.com.br\/blog\/wp-content\/uploads\/2019\/02\/83825CEA-58BE-4FB7-8221-29B2C02BB50A.jpeg?fit=567%2C378\" data-orig-size=\"567,378\" data-comments-opened=\"0\" data-image-meta=\"{&quot;aperture&quot;:&quot;0&quot;,&quot;credit&quot;:&quot;&quot;,&quot;camera&quot;:&quot;&quot;,&quot;caption&quot;:&quot;&quot;,&quot;created_timestamp&quot;:&quot;0&quot;,&quot;copyright&quot;:&quot;&quot;,&quot;focal_length&quot;:&quot;0&quot;,&quot;iso&quot;:&quot;0&quot;,&quot;shutter_speed&quot;:&quot;0&quot;,&quot;title&quot;:&quot;&quot;,&quot;orientation&quot;:&quot;0&quot;}\" data-image-title=\"83825CEA-58BE-4FB7-8221-29B2C02BB50A\" data-image-description=\"\" data-image-caption=\"\" data-medium-file=\"https:\/\/i0.wp.com\/blogdalucianaoliveira.com.br\/blog\/wp-content\/uploads\/2019\/02\/83825CEA-58BE-4FB7-8221-29B2C02BB50A.jpeg?fit=300%2C200\" data-large-file=\"https:\/\/i0.wp.com\/blogdalucianaoliveira.com.br\/blog\/wp-content\/uploads\/2019\/02\/83825CEA-58BE-4FB7-8221-29B2C02BB50A.jpeg?fit=567%2C378\" src=\"https:\/\/i0.wp.com\/blogdalucianaoliveira.com.br\/blog\/wp-content\/uploads\/2019\/02\/83825CEA-58BE-4FB7-8221-29B2C02BB50A.jpeg?resize=567%2C378\" alt=\"83825CEA-58BE-4FB7-8221-29B2C02BB50A\" width=\"567\" height=\"378\" class=\"alignnone size-full wp-image-20468\" srcset=\"https:\/\/i0.wp.com\/blogdalucianaoliveira.com.br\/blog\/wp-content\/uploads\/2019\/02\/83825CEA-58BE-4FB7-8221-29B2C02BB50A.jpeg?w=567 567w, https:\/\/i0.wp.com\/blogdalucianaoliveira.com.br\/blog\/wp-content\/uploads\/2019\/02\/83825CEA-58BE-4FB7-8221-29B2C02BB50A.jpeg?resize=300%2C200 300w, https:\/\/i0.wp.com\/blogdalucianaoliveira.com.br\/blog\/wp-content\/uploads\/2019\/02\/83825CEA-58BE-4FB7-8221-29B2C02BB50A.jpeg?resize=450%2C300 450w\" sizes=\"auto, (max-width: 567px) 100vw, 567px\" \/><\/p>\n<p>Do MAB &#8211; H\u00e1 3 anos, no dia 7 de janeiro de 2016, Nilce de Souza Magalh\u00e3es desapareceu do acampamento de pescadores atingidos pela hidrel\u00e9trica Jirau que ficava na antiga Mutum Paran\u00e1, comunidade removida para a forma\u00e7\u00e3o do reservat\u00f3rio da usina. Somente em 21 de junho, mais de 5 meses depois, alguns de seus vest\u00edgios mortais seriam encontrados.<!--more--><\/p>\n<p>Nicinha era conhecida na regi\u00e3o onde morava desde crian\u00e7a, e como lideran\u00e7a do Movimento dos Atingidos por Barragens (MAB) denunciava e pressionava junto a comunidade de Abun\u00e3 a realoca\u00e7\u00e3o das fam\u00edlias para um local seguro e a repara\u00e7\u00e3o aos danos provocados \u00e0s fam\u00edlias de pescadores tradicionais e agroextrativistas atingidos do rio Madeira.<\/p>\n<p>Dos tr\u00eas r\u00e9us apontados pela Pol\u00edcia Civil e pelo Minist\u00e9rio P\u00fablico de Rond\u00f4nia, dois obtiveram a suspens\u00e3o condicional do processo no Tribunal do J\u00fari e depois a transa\u00e7\u00e3o penal. Oziel Pessoa da Silva e Leonardo Batista eram acusados de contribuir com a oculta\u00e7\u00e3o do cad\u00e1ver e da arma utilizada. J\u00e1 Edione Pessoa da Silva foi condenado pela pr\u00e1tica do homic\u00eddio.<\/p>\n<p>Antes do crime, Edione e sua fam\u00edlia passavam grandes dificuldades, viviam em condi\u00e7\u00f5es prec\u00e1rias e por vezes contaram com apoios assistenciais. A pr\u00f3pria Nicinha e o MAB, ajudavam, buscando cestas b\u00e1sicas, \u00e1gua pot\u00e1vel, lona para manuten\u00e7\u00e3o dos barracos, entre outros itens. Por\u00e9m durante o processo, Edione chegou a trocar de advogado e chegou at\u00e9 mesmo a ingressar com um recurso especial no Supremo Tribunal e Justi\u00e7a (STJ) durante o cumprimento de sua pena.<\/p>\n<p>Mais recentemente, no final do ano passado, Edione conseguiu uma autoriza\u00e7\u00e3o de permuta para que seja transferido para o Estado do Acre, justamente onde foi encontrado tentando cruzar a fronteira depois de fugir do pres\u00eddio em que aguardava seu julgamento.<\/p>\n<p>Se at\u00e9 agora n\u00e3o ficaram claro os motivos que levaram Edione a praticar o homic\u00eddio, pois apresentou vers\u00f5es diferentes, contradit\u00f3rias e desconexas, outra d\u00favida salta aos olhos de quem acompanha este caso: quem tem pago os servi\u00e7os de advocacia do condenado? A resposta desta pergunta tamb\u00e9m poderia responder o que a pol\u00edcia e o Minist\u00e9rio P\u00fablico de Rond\u00f4nia descartaram durante toda a investiga\u00e7\u00e3o: existem e quem s\u00e3o os mandantes?<\/p>\n<p>Se a Justi\u00e7a n\u00e3o tem dado respostas suficientes para a elucida\u00e7\u00e3o do assassinato, tamb\u00e9m n\u00e3o tem contribu\u00eddo na solu\u00e7\u00e3o do passivo socioambiental na comunidade onde Nicinha vivia. <\/p>\n<p>Desde 2015, os moradores de Abun\u00e3 aguardam o cons\u00f3rcio Energia Sustent\u00e1vel do Brasil (ESBR) realocar os atingidos que est\u00e3o em local de risco, conforme determina\u00e7\u00f5es impostas pela Ag\u00eancia Nacional de \u00c1guas (ANA), que chegou a ingressar na Justi\u00e7a Federal para que a empresa atenda \u00e0s condi\u00e7\u00f5es da agencia reguladora. Da mesma forma os pescadores aguardam h\u00e1 anos que a Justi\u00e7a Federal decida sobre a A\u00e7\u00e3o Civil P\u00fablica impetrada pelo Minist\u00e9rio P\u00fablico Federal em defesa das fam\u00edlias de pescadores atingidas de Abun\u00e3.<\/p>\n<p>Sem Justi\u00e7a n\u00e3o h\u00e1 caso encerrado!<\/p>\n<p>Nicinha, presente!<\/p>\n","protected":false},"excerpt":{"rendered":"<p>Do MAB &#8211; H\u00e1 3 anos, no dia 7 de janeiro de 2016, Nilce de Souza Magalh\u00e3es desapareceu do acampamento de pescadores atingidos pela hidrel\u00e9trica Jirau que ficava na antiga Mutum Paran\u00e1, comunidade removida para a forma\u00e7\u00e3o do reservat\u00f3rio da usina. Somente em 21 de junho, mais de 5 meses depois, alguns de seus vest\u00edgios&#8230;<a class=\"more-link\" href=\"http:\/\/blogdalucianaoliveira.com.br\/blog\/2019\/02\/11\/3-anos-sem-nicinha-e-sem-justica\/\">Continue a leitura <span class=\"meta-nav\">&raquo;<\/span><\/a><\/p>\n","protected":false},"author":1,"featured_media":0,"comment_status":"closed","ping_status":"open","sticky":false,"template":"","format":"standard","meta":{"_exactmetrics_skip_tracking":false,"_exactmetrics_sitenote_active":false,"_exactmetrics_sitenote_note":"","_exactmetrics_sitenote_category":0,"jetpack_post_was_ever_published":false,"_jetpack_newsletter_access":"","_jetpack_dont_email_post_to_subs":false,"_jetpack_newsletter_tier_id":0,"_jetpack_memberships_contains_paywalled_content":false,"_jetpack_memberships_contains_paid_content":false,"footnotes":"","jetpack_publicize_message":"","jetpack_publicize_feature_enabled":true,"jetpack_social_post_already_shared":true,"jetpack_social_options":{"image_generator_settings":{"template":"highway","enabled":false},"version":2}},"categories":[1],"tags":[],"class_list":["post-20467","post","type-post","status-publish","format-standard","hentry","category-notas"],"jetpack_publicize_connections":[],"jetpack_sharing_enabled":true,"jetpack_featured_media_url":"","jetpack_shortlink":"https:\/\/wp.me\/p7wKYW-5k7","jetpack-related-posts":[],"_links":{"self":[{"href":"http:\/\/blogdalucianaoliveira.com.br\/blog\/wp-json\/wp\/v2\/posts\/20467","targetHints":{"allow":["GET"]}}],"collection":[{"href":"http:\/\/blogdalucianaoliveira.com.br\/blog\/wp-json\/wp\/v2\/posts"}],"about":[{"href":"http:\/\/blogdalucianaoliveira.com.br\/blog\/wp-json\/wp\/v2\/types\/post"}],"author":[{"embeddable":true,"href":"http:\/\/blogdalucianaoliveira.com.br\/blog\/wp-json\/wp\/v2\/users\/1"}],"replies":[{"embeddable":true,"href":"http:\/\/blogdalucianaoliveira.com.br\/blog\/wp-json\/wp\/v2\/comments?post=20467"}],"version-history":[{"count":1,"href":"http:\/\/blogdalucianaoliveira.com.br\/blog\/wp-json\/wp\/v2\/posts\/20467\/revisions"}],"predecessor-version":[{"id":20469,"href":"http:\/\/blogdalucianaoliveira.com.br\/blog\/wp-json\/wp\/v2\/posts\/20467\/revisions\/20469"}],"wp:attachment":[{"href":"http:\/\/blogdalucianaoliveira.com.br\/blog\/wp-json\/wp\/v2\/media?parent=20467"}],"wp:term":[{"taxonomy":"category","embeddable":true,"href":"http:\/\/blogdalucianaoliveira.com.br\/blog\/wp-json\/wp\/v2\/categories?post=20467"},{"taxonomy":"post_tag","embeddable":true,"href":"http:\/\/blogdalucianaoliveira.com.br\/blog\/wp-json\/wp\/v2\/tags?post=20467"}],"curies":[{"name":"wp","href":"https:\/\/api.w.org\/{rel}","templated":true}]}}