{"id":20476,"date":"2019-02-11T16:42:44","date_gmt":"2019-02-11T20:42:44","guid":{"rendered":"http:\/\/blogdalucianaoliveira.com.br\/blog\/?p=20476"},"modified":"2019-02-11T16:42:44","modified_gmt":"2019-02-11T20:42:44","slug":"tv-record-ignora-criterios-jornalisticos-e-ataca-criancas-sem-terra","status":"publish","type":"post","link":"http:\/\/blogdalucianaoliveira.com.br\/blog\/2019\/02\/11\/tv-record-ignora-criterios-jornalisticos-e-ataca-criancas-sem-terra\/","title":{"rendered":"TV Record ignora crit\u00e9rios jornal\u00edsticos e ataca crian\u00e7as sem-terra"},"content":{"rendered":"<p><img data-recalc-dims=\"1\" loading=\"lazy\" decoding=\"async\" data-attachment-id=\"20477\" data-permalink=\"http:\/\/blogdalucianaoliveira.com.br\/blog\/2019\/02\/11\/tv-record-ignora-criterios-jornalisticos-e-ataca-criancas-sem-terra\/88d39351-30f3-40d7-888c-910c67880c4d\/\" data-orig-file=\"https:\/\/i0.wp.com\/blogdalucianaoliveira.com.br\/blog\/wp-content\/uploads\/2019\/02\/88D39351-30F3-40D7-888C-910C67880C4D.jpeg?fit=640%2C335\" data-orig-size=\"640,335\" data-comments-opened=\"0\" data-image-meta=\"{&quot;aperture&quot;:&quot;0&quot;,&quot;credit&quot;:&quot;&quot;,&quot;camera&quot;:&quot;&quot;,&quot;caption&quot;:&quot;&quot;,&quot;created_timestamp&quot;:&quot;0&quot;,&quot;copyright&quot;:&quot;&quot;,&quot;focal_length&quot;:&quot;0&quot;,&quot;iso&quot;:&quot;0&quot;,&quot;shutter_speed&quot;:&quot;0&quot;,&quot;title&quot;:&quot;&quot;,&quot;orientation&quot;:&quot;0&quot;}\" data-image-title=\"88D39351-30F3-40D7-888C-910C67880C4D\" data-image-description=\"\" data-image-caption=\"\" data-medium-file=\"https:\/\/i0.wp.com\/blogdalucianaoliveira.com.br\/blog\/wp-content\/uploads\/2019\/02\/88D39351-30F3-40D7-888C-910C67880C4D.jpeg?fit=300%2C157\" data-large-file=\"https:\/\/i0.wp.com\/blogdalucianaoliveira.com.br\/blog\/wp-content\/uploads\/2019\/02\/88D39351-30F3-40D7-888C-910C67880C4D.jpeg?fit=600%2C314\" class=\"alignnone size-full wp-image-20477\" src=\"https:\/\/i0.wp.com\/blogdalucianaoliveira.com.br\/blog\/wp-content\/uploads\/2019\/02\/88D39351-30F3-40D7-888C-910C67880C4D.jpeg?resize=600%2C314\" alt=\"88D39351-30F3-40D7-888C-910C67880C4D\" width=\"600\" height=\"314\" srcset=\"https:\/\/i0.wp.com\/blogdalucianaoliveira.com.br\/blog\/wp-content\/uploads\/2019\/02\/88D39351-30F3-40D7-888C-910C67880C4D.jpeg?w=640 640w, https:\/\/i0.wp.com\/blogdalucianaoliveira.com.br\/blog\/wp-content\/uploads\/2019\/02\/88D39351-30F3-40D7-888C-910C67880C4D.jpeg?resize=300%2C157 300w, https:\/\/i0.wp.com\/blogdalucianaoliveira.com.br\/blog\/wp-content\/uploads\/2019\/02\/88D39351-30F3-40D7-888C-910C67880C4D.jpeg?resize=573%2C300 573w\" sizes=\"auto, (max-width: 600px) 100vw, 600px\" \/><\/p>\n<p>Reportagem divulgada neste domingo (10) \u00e9 parcial, n\u00e3o ouve o outro lado e apresenta falhas na apura\u00e7\u00e3o<!--more--><\/p>\n<p>Leonardo Fernandes<br \/>\nBrasil de Fato<\/p>\n<p>Uma reportagem veiculada no programa <a href=\"http:\/\/recordtv.r7.com\/domingo-espetacular\" target=\"_blank\" rel=\"external\">&#8220;Domingo Espetacular&#8221;<\/a>\u00a0da TV Record, emissora de propriedade do bispo Edir Macedo, da Igreja Universal do Reino de Deus, no \u00faltimo domingo (10), mostrou um alinhamento com o novo governo de Jair Bolsonaro (PSL) em sua batalha ideol\u00f3gica contra os movimentos populares, especialmente o<a href=\"http:\/\/www.mst.org.br\/\" target=\"_blank\" rel=\"external\"> Movimento dos Trabalhadores Rurais Sem Terra (MST)<\/a>.<\/p>\n<p dir=\"ltr\">Ignorando crit\u00e9rios \u00e9ticos fundamentais para o exerc\u00edcio do jornalismo \u2014 como escutar o outro lado, a reportagem intitulada \u201cA Pol\u00eamica dos Sem Terrinha\u201d arremete contra as<a href=\"http:\/\/www.mst.org.br\/2019\/02\/11\/mst-repudia-ataque-da-record-contra-as-criancas-sem-terrinha.html\" target=\"_blank\" rel=\"external\"> crian\u00e7as do MST,\u00a0filhos e filhas de trabalhadores rurais sem-terra<\/a>. A mat\u00e9ria apresenta \u201cespecialistas\u201d em direitos da crian\u00e7a, mas n\u00e3o entrevista qualquer representante de entidades oficiais de defesa da inf\u00e2ncia e juventude, menos ainda de integrantes do MST, como destaca Erivan Hil\u00e1rio, membro do setor de educa\u00e7\u00e3o do movimento.<\/p>\n<p dir=\"ltr\">\u201cO Brasil \u00e9 refer\u00eancia de entidades promotoras e de defesa dos direitos das crian\u00e7as e adolescentes, no entanto, nenhuma dessas entidades com reconhecimento internacional foi ouvida\u201d.<\/p>\n<p dir=\"ltr\">Nesta segunda-feira (11),<a href=\"http:\/\/www.mst.org.br\/2019\/02\/11\/mst-repudia-ataque-da-record-contra-as-criancas-sem-terrinha.html\" target=\"_blank\" rel=\"external\"> o MST divulgou nota<\/a> na qual repudia o que chama de \u201cataque\u201d da TV Record \u00e0s crian\u00e7as do sem-terrinha. No texto, o movimento afirma que \u201ca Rede Record, ao disseminar mentiras, n\u00e3o leva em considera\u00e7\u00e3o crit\u00e9rios m\u00ednimos de apura\u00e7\u00e3o e imparcialidade, faltando, entre outras quest\u00f5es, com a \u00e9tica jornal\u00edstica\u201d.<\/p>\n<p dir=\"ltr\">\u201cNa nossa concep\u00e7\u00e3o, a reportagem se insere em um contexto maior, que \u00e9 de criminaliza\u00e7\u00e3o do MST, sobretudo nesse momento em que vemos o avan\u00e7o cada vez maior de pr\u00e1ticas de exce\u00e7\u00e3o no nosso pa\u00eds e percebemos o alinhamento pol\u00edtico-ideol\u00f3gico da emissora com o governo eleito. Trata-se, na verdade, de mais um cap\u00edtulo no processo de criminaliza\u00e7\u00e3o dos movimentos sociais\u201d, denuncia Hil\u00e1rio.<\/p>\n<p dir=\"ltr\">A reportagem especial, com quase 20 minutos de dura\u00e7\u00e3o, utiliza imagens p\u00fablicas do MST, e de ve\u00edculos de informa\u00e7\u00e3o que deram ampla cobertura ao<a href=\"https:\/\/www.brasildefato.com.br\/2018\/07\/27\/encontro-nacional-de-sem-terrinhas-uniu-diversao-aprendizado-e-mobilizacao\/\"> 1\u00ba Encontro Nacional das Crian\u00e7as Sem Terrinha<\/a>, ocorrido entre os dias 23 e 26 de julho, em Bras\u00edlia. Na narrativa montada pelo jornal, os \u201cespecialistas\u201d questionam o suposto descumprimento do <a href=\"http:\/\/www.planalto.gov.br\/ccivil_03\/LEIS\/L8069.htm\" target=\"_blank\" rel=\"external\">Estatuto da Crian\u00e7a e do Adolescente (ECA)<\/a>. Uma leitura que, segundo Hil\u00e1rio, \u00e9 superficial e tendenciosa, tendo em visto que o MST \u00e9 um dos principais garantidores do ECA nos territ\u00f3rios de reforma agr\u00e1ria, muitas vezes negligenciados pelo Estado.<\/p>\n<p dir=\"ltr\">\u201cO ECA \u00e9 de responsabilidade do conjunto da sociedade: do Estado, da fam\u00edlia, dos movimentos sociais, ou seja, a reportagem pegou um aspecto da legisla\u00e7\u00e3o e mesmo assim n\u00e3o aprofundou. Por exemplo, no ECA, diz que as crian\u00e7as t\u00eam direito a pol\u00edticas p\u00fablicas sociais. No entanto, o que a gente v\u00ea em curso no pa\u00eds \u00e9 exatamente o contr\u00e1rio. \u00c9 a nega\u00e7\u00e3o do direito das crian\u00e7as \u00e0 educa\u00e7\u00e3o. Exemplo disso \u00e9 fechamento de mais de 27 mil escolas no \u00faltimo per\u00edodo. Outro exemplo \u00e9 que negam o artigo 53 do pr\u00f3prio ECA que trata do direito \u00e0 educa\u00e7\u00e3o, e que diz que o acesso \u00e0 escola p\u00fablica deve ser pr\u00f3ximo \u00e0 resid\u00eancia. No entanto, o que acontece \u00e9 exatamente o contr\u00e1rio, \u00e9 o fechamento de escolas no campo, em uma sistem\u00e1tica de negar o direito das crian\u00e7as \u00e0 educa\u00e7\u00e3o\u201d.<\/p>\n<p dir=\"ltr\">Segundo Hil\u00e1rio, n\u00e3o fosse a capacidade de organiza\u00e7\u00e3o das fam\u00edlias camponesas, o que inclui as pr\u00f3prias crian\u00e7as, muitas delas viveriam \u00e0 margem de direitos, \u201csob o sil\u00eancio sepulcral\u201d da m\u00eddia tradicional brasileira.<\/p>\n<p dir=\"ltr\">\u201cO que n\u00f3s fazemos \u00e9 exatamente assegurar o direito das crian\u00e7as o direito \u00e0 terra, o direito \u00e0 escola. Se existem hoje escolas p\u00fablicas, gratuitas, municipais e estaduais, em territ\u00f3rios rurais, em assentamentos, se deve gra\u00e7as \u00e0 organiza\u00e7\u00e3o dos trabalhadores e das pr\u00f3prias crian\u00e7as, porque o protagonismo infantil \u00e9 um dos direitos que est\u00e1 assegurado pelo ECA. Ent\u00e3o, se n\u00e3o fossem as pr\u00f3prias crian\u00e7as e suas fam\u00edlias colocando a educa\u00e7\u00e3o como direito, elas jamais teriam acesso \u00e0 escola. E volto a afirmar, as escolas que est\u00e3o em assentamentos s\u00e3o escolas p\u00fablicas, gratuitas, sob responsabilidade dos estados ou munic\u00edpios, com reconhecimento do MEC\u201d.<\/p>\n<p>Fonte ouvida pela mat\u00e9ria da TV Record acusa o MST de \u201cestimular a viol\u00eancia\u201d das crian\u00e7as e praticar \u201clavagem cerebral\u201d. \u201cAs crian\u00e7as brasileiras est\u00e3o submetidas sim \u00e0 viol\u00eancia. \u00c0 viol\u00eancia praticada por essa sociedade que lhes nega o direito \u00e0 educa\u00e7\u00e3o. \u00c0 viol\u00eancia por essa sociedade que lhes nega a prote\u00e7\u00e3o. A gente entende que a crian\u00e7a \u00e9 de responsabilidade da fam\u00edlia e da coletividade, do assentamento e do acampamento. Viol\u00eancia \u00e9 a fome que muitas crian\u00e7as desse pa\u00eds est\u00e3o submetidas. Essa \u00e9 a principal viol\u00eancia. As crian\u00e7as dos nossos assentamentos e acampamentos frequentam escola, tem seus espa\u00e7os de lazer\u201d, explica Hil\u00e1rio.<\/p>\n<p class=\"ckeditor-subtitle\">Erro de apura\u00e7\u00e3o<\/p>\n<p dir=\"ltr\">A reportagem questiona ainda a observa\u00e7\u00e3o de crit\u00e9rios fundamentais para a realiza\u00e7\u00e3o do<a href=\"https:\/\/www.brasildefato.com.br\/2018\/07\/21\/brasilia-sedia-primeiro-encontro-nacional-das-criancas-sem-terrinha\/\"> Encontro Nacional das Crian\u00e7as Sem Terrinha<\/a> no ano passado, o que, segundo Hil\u00e1rio, foi mais um erro grave de apura\u00e7\u00e3o do telejornal.<\/p>\n<p>\u201cTodo o encontro esteve baseado nas leis que regem a organiza\u00e7\u00e3o de encontros dessa natureza com crian\u00e7as. Foi observada desde a autoriza\u00e7\u00e3o dos pais com reconhecimento em cart\u00f3rio, as crian\u00e7as foram levadas na companhia de educadores, o encontro foi realizado com 1200 crian\u00e7as e mais de 400 adultos com a tarefa de cuid\u00e1-las. T\u00ednhamos UTI, posto m\u00e9dico no local, ou seja, nada do que fizemos foi contra a legisla\u00e7\u00e3o em vigor, ao contr\u00e1rio, n\u00e3o fizemos isso somente para responder a uma quest\u00e3o legal, mas porque n\u00f3s acreditamos que as crian\u00e7as precisam ter seus direitos preservados, entre eles, a quest\u00e3o da prote\u00e7\u00e3o em sua integralidade. Tudo foi feito como manda a lei.\u201d<\/p>\n<p><img data-recalc-dims=\"1\" decoding=\"async\" src=\"https:\/\/i0.wp.com\/farm8.staticflickr.com\/7910\/32119866247_2f4c4db29b_o.jpg?w=600&#038;ssl=1\" alt=\"\" \/><\/p>\n<p class=\"ckeditor-img-caption\">1\u00ba Encontro Nacional das Crian\u00e7as Sem Terrinha ocorreu em 2018, em Bras\u00edlia, e obedeceu todos os crit\u00e9rios legais para a realiza\u00e7\u00e3o. Foto: Elitiel Guedes<\/p>\n<p>O MST \u00e9 um movimento social fundado na d\u00e9cada de 1980, por trabalhadores rurais despossu\u00eddos de terra para o trabalho agr\u00edcola, e como uma forma de reivindicar do Estado a realiza\u00e7\u00e3o da reforma agr\u00e1ria. Muitas daquelas crian\u00e7as sem-terrinha que passaram pelos espa\u00e7os infantis do movimento, hoje s\u00e3o profissionais que contribuem no desenvolvimento dos territ\u00f3rios, lembra Hil\u00e1rio.<\/p>\n<p dir=\"ltr\">\u201cEu gostaria que eles pudessem falar com os advogados do MST que foram sem-terrinha, com os m\u00e9dicos que foram sem-terrinha. Que falassem com pessoas que hoje, formadas em universidades p\u00fablicas, que eram sem-terrinha, e que hoje contribuem para o processo de desenvolvimento do assentamento\u201d.<\/p>\n<p class=\"ckeditor-subtitle\" dir=\"ltr\">Reincidente<\/p>\n<p dir=\"ltr\">N\u00e3o \u00e9 a primeira vez que, por raz\u00f5es meramente ideol\u00f3gicas, a TV Record abre m\u00e3o de crit\u00e9rios \u00e9ticos fundamentais ao exerc\u00edcio do jornalismo para atacar o diferente. Em janeiro deste ano, a emissora foi condenada pelo Tribunal Regional Federal da 3\u00aa Regi\u00e3o (TRF-3), por realizar ataques a religi\u00f5es de matriz africana em sua programa\u00e7\u00e3o. O Minist\u00e9rio P\u00fablico Federal demonstrou no processo que o conte\u00fado veiculado pela empresa se tratava de \u201cintoler\u00e2ncia religiosa em pleno espa\u00e7o p\u00fablico televisivo contra as religi\u00f5es afro-brasileiras\u201d.<\/p>\n<p dir=\"ltr\">Por conta da condena\u00e7\u00e3o, a Record ter\u00e1 que dar direito de resposta em quatro programas de televis\u00e3o com dura\u00e7\u00e3o de 20 minutos cada, al\u00e9m de pagar uma indeniza\u00e7\u00e3o de R$ 300 mil para cada uma das entidades que ajuizaram a a\u00e7\u00e3o: o<a href=\"https:\/\/intecabsp.wordpress.com\/intecab-sp\/\" target=\"_blank\" rel=\"external\"> Instituto Nacional de Tradi\u00e7\u00e3o e Cultura Afro-Brasileira (Itecab)<\/a> e o<a href=\"https:\/\/ceert.org.br\/\" target=\"_blank\" rel=\"external\"> Centro de Estudos das Rela\u00e7\u00f5es de Trabalho e da Desigualdade (Ceert)<\/a>.<\/p>\n<p dir=\"ltr\">Uma das fontes consultadas pela reportagem \u00e9 o promotor Munir Cury, do Minist\u00e9rio P\u00fablico de S\u00e3o Paulo, que, supostamente, teria ajudado a construir o Estatuto da Crian\u00e7a e do Adolescente. Em sua rede social, Cury fez chamados a manifesta\u00e7\u00f5es pelo impeachment da ex-presidenta Dilma Rousseff. Tamb\u00e9m em sua rede social, a chefe de reportagem que assina a mat\u00e9ria contra as crian\u00e7as sem-terrinha, Renata Garofano, aparece fazendo campanha eleitoral para Jair Bolsonaro.<\/p>\n<p><img data-recalc-dims=\"1\" decoding=\"async\" src=\"https:\/\/i0.wp.com\/farm8.staticflickr.com\/7893\/47009795692_4086bf72bf_o.jpg?w=600&#038;ssl=1\" alt=\"\" \/><\/p>\n<p class=\"ckeditor-img-caption\">Reprodu\u00e7\u00e3o\/Facebook\/Renata Garofano<\/p>\n<p class=\"ckeditor-subtitle\">Cuidado com as crian\u00e7as<\/p>\n<p dir=\"ltr\">A TV Record editou o material audiovisual do MST e de ve\u00edculos alternativos de imprensa, incluindo efeitos sonoros e visuais, que buscavam dar dramaticidade \u00e0 narrativa e promover uma suposta compaix\u00e3o pelas crian\u00e7as. Mesmo tratamento n\u00e3o foi dado \u00e0 not\u00edcia amplamente divulgada pela m\u00eddia brasileira e portuguesa no final de 2017, sobre uma investiga\u00e7\u00e3o aberta pelo <a href=\"http:\/\/www1.folha.uol.com.br\/poder\/2017\/12\/1942538-portugal-investiga-suposto-trafico-de-criancas-articulado-pela-universal.shtml\" target=\"_blank\" rel=\"external\">Minist\u00e9rio P\u00fablico de Portugal para apurar uma suposta rede de tr\u00e1fico internacional de crian\u00e7as, que seria articulada pela Igreja Universal do Reino de Deus. <\/a><\/p>\n<p dir=\"ltr\">A TV portuguesa divulgou uma s\u00e9rie de reportagens nas quais acusava o l\u00edder da igreja e dono da TV Record, Edir Macedo, de tr\u00e1fico internacional de crian\u00e7as. A defesa de Macedo negou as acusa\u00e7\u00f5es e classificou o conte\u00fado jornal\u00edstico de \u201ccampanha difamat\u00f3ria, mentirosa\u201d.<\/p>\n<p dir=\"ltr\">A reportagem do <strong>Brasil de Fato<\/strong> entrou em contato a Rede Record para comentar a divulga\u00e7\u00e3o da reportagem, mas at\u00e9 o fechamento desta mat\u00e9ria n\u00e3o obteve resposta<strong>.<\/strong><\/p>\n<p class=\"editor\">Edi\u00e7\u00e3o: Pedro Ribeiro Nogueira<\/p>\n<div class=\"content-footer\"><\/div>\n<p>&nbsp;<\/p>\n","protected":false},"excerpt":{"rendered":"<p>Reportagem divulgada neste domingo (10) \u00e9 parcial, n\u00e3o ouve o outro lado e apresenta falhas na apura\u00e7\u00e3o<\/p>\n","protected":false},"author":1,"featured_media":0,"comment_status":"closed","ping_status":"open","sticky":false,"template":"","format":"standard","meta":{"_exactmetrics_skip_tracking":false,"_exactmetrics_sitenote_active":false,"_exactmetrics_sitenote_note":"","_exactmetrics_sitenote_category":0,"jetpack_post_was_ever_published":false,"_jetpack_newsletter_access":"","_jetpack_dont_email_post_to_subs":false,"_jetpack_newsletter_tier_id":0,"_jetpack_memberships_contains_paywalled_content":false,"_jetpack_memberships_contains_paid_content":false,"footnotes":"","jetpack_publicize_message":"","jetpack_publicize_feature_enabled":true,"jetpack_social_post_already_shared":true,"jetpack_social_options":{"image_generator_settings":{"template":"highway","enabled":false},"version":2}},"categories":[1],"tags":[],"class_list":["post-20476","post","type-post","status-publish","format-standard","hentry","category-notas"],"jetpack_publicize_connections":[],"jetpack_sharing_enabled":true,"jetpack_featured_media_url":"","jetpack_shortlink":"https:\/\/wp.me\/p7wKYW-5kg","jetpack-related-posts":[],"_links":{"self":[{"href":"http:\/\/blogdalucianaoliveira.com.br\/blog\/wp-json\/wp\/v2\/posts\/20476","targetHints":{"allow":["GET"]}}],"collection":[{"href":"http:\/\/blogdalucianaoliveira.com.br\/blog\/wp-json\/wp\/v2\/posts"}],"about":[{"href":"http:\/\/blogdalucianaoliveira.com.br\/blog\/wp-json\/wp\/v2\/types\/post"}],"author":[{"embeddable":true,"href":"http:\/\/blogdalucianaoliveira.com.br\/blog\/wp-json\/wp\/v2\/users\/1"}],"replies":[{"embeddable":true,"href":"http:\/\/blogdalucianaoliveira.com.br\/blog\/wp-json\/wp\/v2\/comments?post=20476"}],"version-history":[{"count":1,"href":"http:\/\/blogdalucianaoliveira.com.br\/blog\/wp-json\/wp\/v2\/posts\/20476\/revisions"}],"predecessor-version":[{"id":20478,"href":"http:\/\/blogdalucianaoliveira.com.br\/blog\/wp-json\/wp\/v2\/posts\/20476\/revisions\/20478"}],"wp:attachment":[{"href":"http:\/\/blogdalucianaoliveira.com.br\/blog\/wp-json\/wp\/v2\/media?parent=20476"}],"wp:term":[{"taxonomy":"category","embeddable":true,"href":"http:\/\/blogdalucianaoliveira.com.br\/blog\/wp-json\/wp\/v2\/categories?post=20476"},{"taxonomy":"post_tag","embeddable":true,"href":"http:\/\/blogdalucianaoliveira.com.br\/blog\/wp-json\/wp\/v2\/tags?post=20476"}],"curies":[{"name":"wp","href":"https:\/\/api.w.org\/{rel}","templated":true}]}}