{"id":20479,"date":"2019-02-12T11:28:22","date_gmt":"2019-02-12T15:28:22","guid":{"rendered":"http:\/\/blogdalucianaoliveira.com.br\/blog\/?p=20479"},"modified":"2019-02-12T11:58:21","modified_gmt":"2019-02-12T15:58:21","slug":"em-audiencia-do-plano-diretor-da-cidade-atingidos-de-jaci-parana-denunciam-prefeitura-de-porto-velho-e-hidreletricas","status":"publish","type":"post","link":"http:\/\/blogdalucianaoliveira.com.br\/blog\/2019\/02\/12\/em-audiencia-do-plano-diretor-da-cidade-atingidos-de-jaci-parana-denunciam-prefeitura-de-porto-velho-e-hidreletricas\/","title":{"rendered":"Em Audi\u00eancia P\u00fablica atingidos de Jaci-Paran\u00e1 denunciam prefeitura de Porto Velho e hidrel\u00e9tricas"},"content":{"rendered":"<p><img data-recalc-dims=\"1\" loading=\"lazy\" decoding=\"async\" data-attachment-id=\"20480\" data-permalink=\"http:\/\/blogdalucianaoliveira.com.br\/blog\/2019\/02\/12\/em-audiencia-do-plano-diretor-da-cidade-atingidos-de-jaci-parana-denunciam-prefeitura-de-porto-velho-e-hidreletricas\/mab1-2\/\" data-orig-file=\"https:\/\/i0.wp.com\/blogdalucianaoliveira.com.br\/blog\/wp-content\/uploads\/2019\/02\/mab1.jpg?fit=960%2C720\" data-orig-size=\"960,720\" data-comments-opened=\"0\" data-image-meta=\"{&quot;aperture&quot;:&quot;0&quot;,&quot;credit&quot;:&quot;&quot;,&quot;camera&quot;:&quot;&quot;,&quot;caption&quot;:&quot;&quot;,&quot;created_timestamp&quot;:&quot;0&quot;,&quot;copyright&quot;:&quot;&quot;,&quot;focal_length&quot;:&quot;0&quot;,&quot;iso&quot;:&quot;0&quot;,&quot;shutter_speed&quot;:&quot;0&quot;,&quot;title&quot;:&quot;&quot;,&quot;orientation&quot;:&quot;0&quot;}\" data-image-title=\"mab1\" data-image-description=\"\" data-image-caption=\"\" data-medium-file=\"https:\/\/i0.wp.com\/blogdalucianaoliveira.com.br\/blog\/wp-content\/uploads\/2019\/02\/mab1.jpg?fit=300%2C225\" data-large-file=\"https:\/\/i0.wp.com\/blogdalucianaoliveira.com.br\/blog\/wp-content\/uploads\/2019\/02\/mab1.jpg?fit=600%2C450\" class=\"alignnone size-full wp-image-20480\" src=\"https:\/\/i0.wp.com\/blogdalucianaoliveira.com.br\/blog\/wp-content\/uploads\/2019\/02\/mab1.jpg?resize=600%2C450\" alt=\"mab1\" width=\"600\" height=\"450\" srcset=\"https:\/\/i0.wp.com\/blogdalucianaoliveira.com.br\/blog\/wp-content\/uploads\/2019\/02\/mab1.jpg?w=960 960w, https:\/\/i0.wp.com\/blogdalucianaoliveira.com.br\/blog\/wp-content\/uploads\/2019\/02\/mab1.jpg?resize=300%2C225 300w, https:\/\/i0.wp.com\/blogdalucianaoliveira.com.br\/blog\/wp-content\/uploads\/2019\/02\/mab1.jpg?resize=768%2C576 768w, https:\/\/i0.wp.com\/blogdalucianaoliveira.com.br\/blog\/wp-content\/uploads\/2019\/02\/mab1.jpg?resize=400%2C300 400w\" sizes=\"auto, (max-width: 600px) 100vw, 600px\" \/><\/p>\n<p>Moradores cobram a elabora\u00e7\u00e3o de Planos de Seguran\u00e7a de Barragens com participa\u00e7\u00e3o da comunidade. Querem ser ouvidos sobre como devem ser destinados 30 milh\u00f5es de reais em compensa\u00e7\u00f5es no distrito pela Santo Ant\u00f4nio Energia.<!--more--><\/p>\n<p>No dia 8 de fevereiro, no distrito de Jaci-Paran\u00e1, foi realizada uma das v\u00e1rias audi\u00eancias que est\u00e3o sendo feitas para a revis\u00e3o do Plano Diretor da cidade de Porto Velho. A reuni\u00e3o contou com mais de 700 moradores da localidade e muitas den\u00fancias foram apresentadas, tanto \u00e0 Prefeitura de Porto Velho, quanto \u00e0s usinas de Jirau e Santo Ant\u00f4nio no rio Madeira.<\/p>\n<p><img data-recalc-dims=\"1\" loading=\"lazy\" decoding=\"async\" data-attachment-id=\"20481\" data-permalink=\"http:\/\/blogdalucianaoliveira.com.br\/blog\/2019\/02\/12\/em-audiencia-do-plano-diretor-da-cidade-atingidos-de-jaci-parana-denunciam-prefeitura-de-porto-velho-e-hidreletricas\/mab-3\/\" data-orig-file=\"https:\/\/i0.wp.com\/blogdalucianaoliveira.com.br\/blog\/wp-content\/uploads\/2019\/02\/mab.jpg?fit=1040%2C584\" data-orig-size=\"1040,584\" data-comments-opened=\"0\" data-image-meta=\"{&quot;aperture&quot;:&quot;0&quot;,&quot;credit&quot;:&quot;&quot;,&quot;camera&quot;:&quot;&quot;,&quot;caption&quot;:&quot;&quot;,&quot;created_timestamp&quot;:&quot;0&quot;,&quot;copyright&quot;:&quot;&quot;,&quot;focal_length&quot;:&quot;0&quot;,&quot;iso&quot;:&quot;0&quot;,&quot;shutter_speed&quot;:&quot;0&quot;,&quot;title&quot;:&quot;&quot;,&quot;orientation&quot;:&quot;0&quot;}\" data-image-title=\"mab\" data-image-description=\"\" data-image-caption=\"\" data-medium-file=\"https:\/\/i0.wp.com\/blogdalucianaoliveira.com.br\/blog\/wp-content\/uploads\/2019\/02\/mab.jpg?fit=300%2C168\" data-large-file=\"https:\/\/i0.wp.com\/blogdalucianaoliveira.com.br\/blog\/wp-content\/uploads\/2019\/02\/mab.jpg?fit=600%2C337\" class=\"alignnone size-full wp-image-20481\" src=\"https:\/\/i0.wp.com\/blogdalucianaoliveira.com.br\/blog\/wp-content\/uploads\/2019\/02\/mab.jpg?resize=600%2C337\" alt=\"mab\" width=\"600\" height=\"337\" srcset=\"https:\/\/i0.wp.com\/blogdalucianaoliveira.com.br\/blog\/wp-content\/uploads\/2019\/02\/mab.jpg?w=1040 1040w, https:\/\/i0.wp.com\/blogdalucianaoliveira.com.br\/blog\/wp-content\/uploads\/2019\/02\/mab.jpg?resize=300%2C168 300w, https:\/\/i0.wp.com\/blogdalucianaoliveira.com.br\/blog\/wp-content\/uploads\/2019\/02\/mab.jpg?resize=768%2C431 768w, https:\/\/i0.wp.com\/blogdalucianaoliveira.com.br\/blog\/wp-content\/uploads\/2019\/02\/mab.jpg?resize=1024%2C575 1024w, https:\/\/i0.wp.com\/blogdalucianaoliveira.com.br\/blog\/wp-content\/uploads\/2019\/02\/mab.jpg?resize=534%2C300 534w\" sizes=\"auto, (max-width: 600px) 100vw, 600px\" \/><\/p>\n<p>O MAB denunciou que desde 2015, ap\u00f3s as inunda\u00e7\u00f5es de 2014, a Santo Ant\u00f4nio Energia vem resistindo a cumprir as determina\u00e7\u00f5es de seguran\u00e7a na localidade impostas pela Ag\u00eancia Nacional de \u00c1guas para prote\u00e7\u00e3o da comunidade contra efeitos de remanso do reservat\u00f3rio.<br \/>\nAl\u00e9m de elevar trechos da BR 364 que foram alagados, o cons\u00f3rcio tamb\u00e9m deve realocar v\u00e1rias fam\u00edlias de uma \u00e1rea pr\u00f3xima ao reservat\u00f3rio considerada de risco.<\/p>\n<p>A Escola Municipal Maria de Nazar\u00e9 est\u00e1 em funcionamento em local atingido desde a cheia de 2014, onde todos os im\u00f3veis do entorno j\u00e1 foram removidos.<\/p>\n<p><img data-recalc-dims=\"1\" loading=\"lazy\" decoding=\"async\" data-attachment-id=\"20485\" data-permalink=\"http:\/\/blogdalucianaoliveira.com.br\/blog\/2019\/02\/12\/em-audiencia-do-plano-diretor-da-cidade-atingidos-de-jaci-parana-denunciam-prefeitura-de-porto-velho-e-hidreletricas\/168322cb-ee62-45d7-b89f-f6c833137ee4\/\" data-orig-file=\"https:\/\/i0.wp.com\/blogdalucianaoliveira.com.br\/blog\/wp-content\/uploads\/2019\/02\/168322CB-EE62-45D7-B89F-F6C833137EE4.jpeg?fit=774%2C1032\" data-orig-size=\"774,1032\" data-comments-opened=\"0\" data-image-meta=\"{&quot;aperture&quot;:&quot;0&quot;,&quot;credit&quot;:&quot;&quot;,&quot;camera&quot;:&quot;&quot;,&quot;caption&quot;:&quot;&quot;,&quot;created_timestamp&quot;:&quot;0&quot;,&quot;copyright&quot;:&quot;&quot;,&quot;focal_length&quot;:&quot;0&quot;,&quot;iso&quot;:&quot;0&quot;,&quot;shutter_speed&quot;:&quot;0&quot;,&quot;title&quot;:&quot;&quot;,&quot;orientation&quot;:&quot;0&quot;}\" data-image-title=\"168322CB-EE62-45D7-B89F-F6C833137EE4\" data-image-description=\"\" data-image-caption=\"\" data-medium-file=\"https:\/\/i0.wp.com\/blogdalucianaoliveira.com.br\/blog\/wp-content\/uploads\/2019\/02\/168322CB-EE62-45D7-B89F-F6C833137EE4.jpeg?fit=225%2C300\" data-large-file=\"https:\/\/i0.wp.com\/blogdalucianaoliveira.com.br\/blog\/wp-content\/uploads\/2019\/02\/168322CB-EE62-45D7-B89F-F6C833137EE4.jpeg?fit=600%2C800\" class=\"alignnone size-full wp-image-20485\" src=\"https:\/\/i0.wp.com\/blogdalucianaoliveira.com.br\/blog\/wp-content\/uploads\/2019\/02\/168322CB-EE62-45D7-B89F-F6C833137EE4.jpeg?resize=600%2C800\" alt=\"168322CB-EE62-45D7-B89F-F6C833137EE4\" width=\"600\" height=\"800\" srcset=\"https:\/\/i0.wp.com\/blogdalucianaoliveira.com.br\/blog\/wp-content\/uploads\/2019\/02\/168322CB-EE62-45D7-B89F-F6C833137EE4.jpeg?w=774 774w, https:\/\/i0.wp.com\/blogdalucianaoliveira.com.br\/blog\/wp-content\/uploads\/2019\/02\/168322CB-EE62-45D7-B89F-F6C833137EE4.jpeg?resize=225%2C300 225w, https:\/\/i0.wp.com\/blogdalucianaoliveira.com.br\/blog\/wp-content\/uploads\/2019\/02\/168322CB-EE62-45D7-B89F-F6C833137EE4.jpeg?resize=768%2C1024 768w\" sizes=\"auto, (max-width: 600px) 100vw, 600px\" \/><\/p>\n<p><img data-recalc-dims=\"1\" loading=\"lazy\" decoding=\"async\" data-attachment-id=\"20486\" data-permalink=\"http:\/\/blogdalucianaoliveira.com.br\/blog\/2019\/02\/12\/em-audiencia-do-plano-diretor-da-cidade-atingidos-de-jaci-parana-denunciam-prefeitura-de-porto-velho-e-hidreletricas\/94a40add-2061-47ea-9e2e-ed222a1f654f\/\" data-orig-file=\"https:\/\/i0.wp.com\/blogdalucianaoliveira.com.br\/blog\/wp-content\/uploads\/2019\/02\/94A40ADD-2061-47EA-9E2E-ED222A1F654F.jpeg?fit=774%2C1032\" data-orig-size=\"774,1032\" data-comments-opened=\"0\" data-image-meta=\"{&quot;aperture&quot;:&quot;0&quot;,&quot;credit&quot;:&quot;&quot;,&quot;camera&quot;:&quot;&quot;,&quot;caption&quot;:&quot;&quot;,&quot;created_timestamp&quot;:&quot;0&quot;,&quot;copyright&quot;:&quot;&quot;,&quot;focal_length&quot;:&quot;0&quot;,&quot;iso&quot;:&quot;0&quot;,&quot;shutter_speed&quot;:&quot;0&quot;,&quot;title&quot;:&quot;&quot;,&quot;orientation&quot;:&quot;0&quot;}\" data-image-title=\"94A40ADD-2061-47EA-9E2E-ED222A1F654F\" data-image-description=\"\" data-image-caption=\"\" data-medium-file=\"https:\/\/i0.wp.com\/blogdalucianaoliveira.com.br\/blog\/wp-content\/uploads\/2019\/02\/94A40ADD-2061-47EA-9E2E-ED222A1F654F.jpeg?fit=225%2C300\" data-large-file=\"https:\/\/i0.wp.com\/blogdalucianaoliveira.com.br\/blog\/wp-content\/uploads\/2019\/02\/94A40ADD-2061-47EA-9E2E-ED222A1F654F.jpeg?fit=600%2C800\" class=\"alignnone size-full wp-image-20486\" src=\"https:\/\/i0.wp.com\/blogdalucianaoliveira.com.br\/blog\/wp-content\/uploads\/2019\/02\/94A40ADD-2061-47EA-9E2E-ED222A1F654F.jpeg?resize=600%2C800\" alt=\"94A40ADD-2061-47EA-9E2E-ED222A1F654F\" width=\"600\" height=\"800\" srcset=\"https:\/\/i0.wp.com\/blogdalucianaoliveira.com.br\/blog\/wp-content\/uploads\/2019\/02\/94A40ADD-2061-47EA-9E2E-ED222A1F654F.jpeg?w=774 774w, https:\/\/i0.wp.com\/blogdalucianaoliveira.com.br\/blog\/wp-content\/uploads\/2019\/02\/94A40ADD-2061-47EA-9E2E-ED222A1F654F.jpeg?resize=225%2C300 225w, https:\/\/i0.wp.com\/blogdalucianaoliveira.com.br\/blog\/wp-content\/uploads\/2019\/02\/94A40ADD-2061-47EA-9E2E-ED222A1F654F.jpeg?resize=768%2C1024 768w\" sizes=\"auto, (max-width: 600px) 100vw, 600px\" \/><\/p>\n<p>Mesmo com moradores at\u00e9 hoje nas \u00c1reas de Preserva\u00e7\u00e3o Permanente (APP) formadas com o reservat\u00f3rio, como ocorre no ramal Santa In\u00eas, a hidrel\u00e9trica recebeu autoriza\u00e7\u00e3o para ampliar a cota de opera\u00e7\u00e3o e o n\u00famero de turbinas. Essas e outras situa\u00e7\u00f5es provocam grande inseguran\u00e7a na comunidade.<\/p>\n<p>Apesar de ter ocorrido um desastre na regi\u00e3o e do grande risco relacionado a localiza\u00e7\u00e3o do distrito, entre duas grandes hidrel\u00e9tricas, a popula\u00e7\u00e3o jamais participou de reuni\u00e3o ou consulta relacionada \u00e0 elabora\u00e7\u00e3o de um Plano de Seguran\u00e7a de Barragens. Os atingidos reivindicaram que as usinas de Jirau e Santo Ant\u00f4nio se adequem \u00e0 Pol\u00edtica Nacional de Seguran\u00e7a de Barragens (lei 12.334\/2010) e que os Planos de Seguran\u00e7a das barragens sejam constru\u00eddos de forma amplamente participativa.<\/p>\n<p>Al\u00e9m das reivindica\u00e7\u00f5es em rela\u00e7\u00e3o \u00e0s usinas, tamb\u00e9m denunciaram que a Prefeitura Municipal de Porto Velho firmou com a Santo Ant\u00f4nio Energia (SAE) um conv\u00eanio para a aplica\u00e7\u00e3o de compensa\u00e7\u00f5es sociais no valor de 30 milh\u00f5es de reais, referentes a amplia\u00e7\u00e3o da UHE Santo Ant\u00f4nio, por\u00e9m sem qualquer participa\u00e7\u00e3o da comunidade. A popula\u00e7\u00e3o cobrou que o munic\u00edpio realize consultas no distrito para a destina\u00e7\u00e3o das compensa\u00e7\u00f5es sociais.<\/p>\n<p>H\u00e1 diversos problemas e graves na comunidade, como a instabilidade hidrogeol\u00f3gica que tem provocado a danifica\u00e7\u00e3o da estrutura dos im\u00f3veis na comunidade e a contamina\u00e7\u00e3o generalizada das fontes de \u00e1gua para consumo humano, que pode ter sido provocada pela eleva\u00e7\u00e3o do len\u00e7ol fre\u00e1tico, por\u00e9m, o munic\u00edpio n\u00e3o tem se esfor\u00e7ado minimamente para suprir a comunidade ou em pressionar Jirau e Santo Ant\u00f4nio a arcar com suas responsabilidades e reparar os danos provocados a Jaci.<\/p>\n<p><img data-recalc-dims=\"1\" loading=\"lazy\" decoding=\"async\" data-attachment-id=\"20487\" data-permalink=\"http:\/\/blogdalucianaoliveira.com.br\/blog\/2019\/02\/12\/em-audiencia-do-plano-diretor-da-cidade-atingidos-de-jaci-parana-denunciam-prefeitura-de-porto-velho-e-hidreletricas\/95a0509d-98c5-4683-9523-db0469b7245c\/\" data-orig-file=\"https:\/\/i0.wp.com\/blogdalucianaoliveira.com.br\/blog\/wp-content\/uploads\/2019\/02\/95A0509D-98C5-4683-9523-DB0469B7245C.jpeg?fit=720%2C1280\" data-orig-size=\"720,1280\" data-comments-opened=\"0\" data-image-meta=\"{&quot;aperture&quot;:&quot;0&quot;,&quot;credit&quot;:&quot;&quot;,&quot;camera&quot;:&quot;&quot;,&quot;caption&quot;:&quot;&quot;,&quot;created_timestamp&quot;:&quot;0&quot;,&quot;copyright&quot;:&quot;&quot;,&quot;focal_length&quot;:&quot;0&quot;,&quot;iso&quot;:&quot;0&quot;,&quot;shutter_speed&quot;:&quot;0&quot;,&quot;title&quot;:&quot;&quot;,&quot;orientation&quot;:&quot;0&quot;}\" data-image-title=\"95A0509D-98C5-4683-9523-DB0469B7245C\" data-image-description=\"\" data-image-caption=\"\" data-medium-file=\"https:\/\/i0.wp.com\/blogdalucianaoliveira.com.br\/blog\/wp-content\/uploads\/2019\/02\/95A0509D-98C5-4683-9523-DB0469B7245C.jpeg?fit=169%2C300\" data-large-file=\"https:\/\/i0.wp.com\/blogdalucianaoliveira.com.br\/blog\/wp-content\/uploads\/2019\/02\/95A0509D-98C5-4683-9523-DB0469B7245C.jpeg?fit=576%2C1024\" class=\"alignnone size-full wp-image-20487\" src=\"https:\/\/i0.wp.com\/blogdalucianaoliveira.com.br\/blog\/wp-content\/uploads\/2019\/02\/95A0509D-98C5-4683-9523-DB0469B7245C.jpeg?resize=600%2C1067\" alt=\"95A0509D-98C5-4683-9523-DB0469B7245C\" width=\"600\" height=\"1067\" srcset=\"https:\/\/i0.wp.com\/blogdalucianaoliveira.com.br\/blog\/wp-content\/uploads\/2019\/02\/95A0509D-98C5-4683-9523-DB0469B7245C.jpeg?w=720 720w, https:\/\/i0.wp.com\/blogdalucianaoliveira.com.br\/blog\/wp-content\/uploads\/2019\/02\/95A0509D-98C5-4683-9523-DB0469B7245C.jpeg?resize=169%2C300 169w, https:\/\/i0.wp.com\/blogdalucianaoliveira.com.br\/blog\/wp-content\/uploads\/2019\/02\/95A0509D-98C5-4683-9523-DB0469B7245C.jpeg?resize=576%2C1024 576w\" sizes=\"auto, (max-width: 600px) 100vw, 600px\" \/><\/p>\n<p>A prefeitura mandou representantes de secretarias \u00e0 audi\u00eancia p\u00fablica. O prefeito n\u00e3o participou.<\/p>\n<p>Fonte: MAB-RO<\/p>\n","protected":false},"excerpt":{"rendered":"<p>Moradores cobram a elabora\u00e7\u00e3o de Planos de Seguran\u00e7a de Barragens com participa\u00e7\u00e3o da comunidade. Querem ser ouvidos sobre como devem ser destinados 30 milh\u00f5es de reais em compensa\u00e7\u00f5es no distrito pela Santo Ant\u00f4nio Energia.<\/p>\n","protected":false},"author":1,"featured_media":0,"comment_status":"closed","ping_status":"open","sticky":false,"template":"","format":"standard","meta":{"_exactmetrics_skip_tracking":false,"_exactmetrics_sitenote_active":false,"_exactmetrics_sitenote_note":"","_exactmetrics_sitenote_category":0,"jetpack_post_was_ever_published":false,"_jetpack_newsletter_access":"","_jetpack_dont_email_post_to_subs":false,"_jetpack_newsletter_tier_id":0,"_jetpack_memberships_contains_paywalled_content":false,"_jetpack_memberships_contains_paid_content":false,"footnotes":"","jetpack_publicize_message":"","jetpack_publicize_feature_enabled":true,"jetpack_social_post_already_shared":true,"jetpack_social_options":{"image_generator_settings":{"template":"highway","enabled":false},"version":2}},"categories":[1],"tags":[],"class_list":["post-20479","post","type-post","status-publish","format-standard","hentry","category-notas"],"jetpack_publicize_connections":[],"jetpack_sharing_enabled":true,"jetpack_featured_media_url":"","jetpack_shortlink":"https:\/\/wp.me\/p7wKYW-5kj","jetpack-related-posts":[],"_links":{"self":[{"href":"http:\/\/blogdalucianaoliveira.com.br\/blog\/wp-json\/wp\/v2\/posts\/20479","targetHints":{"allow":["GET"]}}],"collection":[{"href":"http:\/\/blogdalucianaoliveira.com.br\/blog\/wp-json\/wp\/v2\/posts"}],"about":[{"href":"http:\/\/blogdalucianaoliveira.com.br\/blog\/wp-json\/wp\/v2\/types\/post"}],"author":[{"embeddable":true,"href":"http:\/\/blogdalucianaoliveira.com.br\/blog\/wp-json\/wp\/v2\/users\/1"}],"replies":[{"embeddable":true,"href":"http:\/\/blogdalucianaoliveira.com.br\/blog\/wp-json\/wp\/v2\/comments?post=20479"}],"version-history":[{"count":4,"href":"http:\/\/blogdalucianaoliveira.com.br\/blog\/wp-json\/wp\/v2\/posts\/20479\/revisions"}],"predecessor-version":[{"id":20489,"href":"http:\/\/blogdalucianaoliveira.com.br\/blog\/wp-json\/wp\/v2\/posts\/20479\/revisions\/20489"}],"wp:attachment":[{"href":"http:\/\/blogdalucianaoliveira.com.br\/blog\/wp-json\/wp\/v2\/media?parent=20479"}],"wp:term":[{"taxonomy":"category","embeddable":true,"href":"http:\/\/blogdalucianaoliveira.com.br\/blog\/wp-json\/wp\/v2\/categories?post=20479"},{"taxonomy":"post_tag","embeddable":true,"href":"http:\/\/blogdalucianaoliveira.com.br\/blog\/wp-json\/wp\/v2\/tags?post=20479"}],"curies":[{"name":"wp","href":"https:\/\/api.w.org\/{rel}","templated":true}]}}